{"id":366253,"date":"2025-09-04T18:01:11","date_gmt":"2025-09-04T18:01:11","guid":{"rendered":"https:\/\/www.europesays.com\/fr\/366253\/"},"modified":"2025-09-04T18:01:11","modified_gmt":"2025-09-04T18:01:11","slug":"lewis-hamilton-beaucoup-denergie-positive-autour-de-moi-et-jessaie-de-men-nourrir-lequipe","status":"publish","type":"post","link":"https:\/\/www.europesays.com\/fr\/366253\/","title":{"rendered":"Lewis Hamilton : \u00ab Beaucoup d&#039;\u00e9nergie positive autour de moi et j&#039;essaie de m&#039;en nourrir \u00bb &#8211; L&#039;\u00c9quipe"},"content":{"rendered":"<ol>\n<li><a href=\"https:\/\/news.google.com\/rss\/articles\/CBMi7gFBVV95cUxPa1l4SzQ4akEwUHZBMF9JRnV1Zzlqc2w1ZVNxVGJfSEt6YkpjLUVUQUNhNUVQZ2hQVGVsY29fWS02Ri1vci1Mc2RXUEZHM1VOSXRwUEdVZVV3dUEzSjdDaHZrTWpyWWNNalEtaGhiNFc1SWd0dWdHQ3hxNWROeDZOWFh1QVNyQzJENFdNb2J2NVoxQkVDQVpySVNCLXZZMUZqVjBMUUVQZUpHVzFfSkg4RU1UZDhlbEg0SnpfZ0QzNDJGRmJRZENCMzFjZXZ3WEN4Qjk5Qno0OV9Vc05HOEoxYW85NWRqWFVuc0gyamZ3?oc=5\" target=\"_blank\" rel=\"nofollow noopener\">Lewis Hamilton : \u00ab Beaucoup d&rsquo;\u00e9nergie positive autour de moi et j&rsquo;essaie de m&rsquo;en nourrir \u00bb<\/a>&nbsp;&nbsp;L&rsquo;\u00c9quipe<\/li>\n<li><a href=\"https:\/\/news.google.com\/rss\/articles\/CBMizAFBVV95cUxQYjVWN0MzT2o3dzgxNEVKc1lsQV8zS2pjeENUMUp2eE1aN29Ed3UtUkhMeW5YNnhzU3FwUklOcnA5NXp2RDdIeWllS05pano2ci05ZEVEVk1CM1VuV2JXZ3Rxc09HMWZtLTFnWTd2aDBwbURldVh4aDdMNzNwOXhFNWY3Ym50Mm80UnJERldSOVVaZ1JoRUFmUTNZUFA5QkVJWHJFeTFiTjNPeGQ1azRKZEhZRlpTMW5EWFZOYm5OcHIwV3dodExJMG9rejA?oc=5\" target=\"_blank\" rel=\"nofollow noopener\">F1 &#8211; Lewis Hamilton se dit pr\u00eat \u00e0 aider Charles Leclerc pour obtenir la pole position \u00e0 Monza<\/a>&nbsp;&nbsp;AutoHebdo<\/li>\n<li><a href=\"https:\/\/news.google.com\/rss\/articles\/CBMigwJBVV95cUxQZlJJd0RrSUFvNERFcGotOXpTcmpBanFYUGVRT29DVEt3bFhZYjFaY2FTUEY4RWVDSzYyTWRReEYyS09NanZnMGJfR0NtRTVkZ3dKZDctdjZWWEgzWkozRHAzYTN5bldhbmtYNHo3RURKbVRYVWVRdVlxVEdTdmI4YVNlRU9zanZRZkRwa2xUTllvWllaUkJ5VmVHSVh3ZGxCczNEOWl4QUtoYThhWjZjb0Ezek9BSUk4UGVTUlBJOTU1X3RDZWszU3kwTjBxVGxNZ0c3NG9BRWhodEFvWEU0bXBxekNCdDRueXBVSHdtYURhNnhJNGhFSVdLcHhmQ1BRVElJ?oc=5\" target=\"_blank\" rel=\"nofollow noopener\">F1. Ferrari d\u00e9voile de nouvelles voitures en hommage \u00e0 Niki Lauda pour le Grand Prix de Monza<\/a>&nbsp;&nbsp;Ouest-France<\/li>\n<li><a href=\"https:\/\/news.google.com\/rss\/articles\/CBMi3AFBVV95cUxPQ3pURHREZDAxNXJWN2tsN0w4dVItWTJZbVI2dDJzTHB1QWx1NlZBREtHVU5JRkY4Z1pNNjRaajZUMkVUc29XMmQzS2JpUGVQT1YyZWR3TmtNM05lRUtsRGRVLUQzdXhjVHNKYS1HaTVTOGtYZUtNNUVDVnZ0M0p0SG5SbktTMEdEUXRxUzc4ZXZVUURGTGl6N1NIdW10c0J3RlVOR294eVU4MVM3Yzk3X0oxdDF4UFJsZ2QydkRZYzRIeXhBY3VEa2ZvS0NqNDJJYXBHZ3h3ZERvMWYz?oc=5\" target=\"_blank\" rel=\"nofollow noopener\">Vasseur : \u00ab Forc\u00e9ment, la victoire dans un coin de la t\u00eate \u00bb &#8211; F1 &#8211; GP d&rsquo;Italie<\/a>&nbsp;&nbsp;Orange Actualit\u00e9s | Sports<\/li>\n<li><a href=\"https:\/\/news.google.com\/rss\/articles\/CBMiwgFBVV95cUxNaWZRMmhZWjZJeWxFYnQ1YTNkajFzYkMyVENKMDFGQ05xWDNxTkE5eF92Qy15WU9qX3p6blVJZ0RpRl96WFIzVHdvYUlMWFVNOWJvazFZSDlFMzZEUWpkQjlnVlAxMG5BQndkcFZwNnQ4R1EzcWNJUnB6R3UyZU1ZeElGVEtMYUVXZWFtdGxjZFNwblVSdDI4RG1ZczVnREFZczlxazNELXIxOGh6SVlOdTBwMkdTbVRJWjBSNV9DWnJZdw?oc=5\" target=\"_blank\" rel=\"nofollow noopener\">F1 \u2013 GP d\u2019Italie : Ferrari et les tifosis en f\u00eate, malgr\u00e9 les mauvais r\u00e9sultats<\/a>&nbsp;&nbsp;RTL.fr<\/li>\n<\/ol>\n","protected":false},"excerpt":{"rendered":"Lewis Hamilton : \u00ab Beaucoup d&rsquo;\u00e9nergie positive autour de moi et j&rsquo;essaie de m&rsquo;en nourrir \u00bb&nbsp;&nbsp;L&rsquo;\u00c9quipe F1 &#8211;&hellip;\n","protected":false},"author":2,"featured_media":366254,"comment_status":"","ping_status":"","sticky":false,"template":"","format":"standard","meta":{"footnotes":""},"categories":[1412],"tags":[1451,1452,1453,1454,1455,1011,27,60],"class_list":{"0":"post-366253","1":"post","2":"type-post","3":"status-publish","4":"format-standard","5":"has-post-thumbnail","7":"category-f1","8":"tag-f1","9":"tag-formula-1","10":"tag-formula1","11":"tag-formule-1","12":"tag-formule1","13":"tag-fr","14":"tag-france","15":"tag-sports"},"share_on_mastodon":{"url":"https:\/\/pubeurope.com\/@fr\/115147340791481228","error":""},"_links":{"self":[{"href":"https:\/\/www.europesays.com\/fr\/wp-json\/wp\/v2\/posts\/366253","targetHints":{"allow":["GET"]}}],"collection":[{"href":"https:\/\/www.europesays.com\/fr\/wp-json\/wp\/v2\/posts"}],"about":[{"href":"https:\/\/www.europesays.com\/fr\/wp-json\/wp\/v2\/types\/post"}],"author":[{"embeddable":true,"href":"https:\/\/www.europesays.com\/fr\/wp-json\/wp\/v2\/users\/2"}],"replies":[{"embeddable":true,"href":"https:\/\/www.europesays.com\/fr\/wp-json\/wp\/v2\/comments?post=366253"}],"version-history":[{"count":0,"href":"https:\/\/www.europesays.com\/fr\/wp-json\/wp\/v2\/posts\/366253\/revisions"}],"wp:featuredmedia":[{"embeddable":true,"href":"https:\/\/www.europesays.com\/fr\/wp-json\/wp\/v2\/media\/366254"}],"wp:attachment":[{"href":"https:\/\/www.europesays.com\/fr\/wp-json\/wp\/v2\/media?parent=366253"}],"wp:term":[{"taxonomy":"category","embeddable":true,"href":"https:\/\/www.europesays.com\/fr\/wp-json\/wp\/v2\/categories?post=366253"},{"taxonomy":"post_tag","embeddable":true,"href":"https:\/\/www.europesays.com\/fr\/wp-json\/wp\/v2\/tags?post=366253"}],"curies":[{"name":"wp","href":"https:\/\/api.w.org\/{rel}","templated":true}]}}