{"id":366255,"date":"2025-09-04T18:02:12","date_gmt":"2025-09-04T18:02:12","guid":{"rendered":"https:\/\/www.europesays.com\/fr\/366255\/"},"modified":"2025-09-04T18:02:12","modified_gmt":"2025-09-04T18:02:12","slug":"cest-definitivement-termine-pour-nous-pourquoi-credit-mutuel-arkea-se-retire-du-cyclisme-professionnel","status":"publish","type":"post","link":"https:\/\/www.europesays.com\/fr\/366255\/","title":{"rendered":"\u00ab\u00a0C\u2019est d\u00e9finitivement termin\u00e9 pour nous\u00a0\u00bb\u00a0: pourquoi Cr\u00e9dit Mutuel Ark\u00e9a se retire du cyclisme professionnel"},"content":{"rendered":"<p>L\u2019annonce a fait grand bruit,<a href=\"https:\/\/www.letelegramme.fr\/sports\/cyclisme\/arkea-et-bb-hotels-ne-poursuivront-pas-leurs-partenariats-avec-lequipe-cycliste-en-2026-6842752.php\" target=\"_blank\" rel=\"noopener\"> en juin dernier,<\/a> dans le milieu, quand Ark\u00e9a et B&amp;B Hotels ont annonc\u00e9<a href=\"https:\/\/www.letelegramme.fr\/sports\/cyclisme\/arkea-et-b-b-hotels-annoncent-la-fin-de-leur-partenariat-trois-equipes-cyclistes-150-emplois-menaces-6842781.php\" target=\"_blank\" rel=\"noopener\"> la fin de leur aventure commune<\/a>, nou\u00e9e en 2024, comme sponsors titres de l\u2019\u00e9quipe bretonne Ark\u00e9a-B&amp;B Hotels, au 31 d\u00e9cembre 2025. Apr\u00e8s pr\u00e8s de dix ans d\u2019engagement, le groupe de bancassurance Cr\u00e9dit Mutuel Ark\u00e9a a d\u00e9cid\u00e9 de se retirer du cyclisme professionnel.<\/p>\n<p>\ufeff \u00ab \u00catre sponsor-titre d\u2019une \u00e9quipe de cyclisme World Tour, c\u2019est d\u00e9finitivement termin\u00e9 pour nous, assure, pour la premi\u00e8re fois, Julien Carmona, pr\u00e9sident du groupe de bancassurance, en exclusivit\u00e9 au T\u00e9l\u00e9gramme. Il y a une inflation des budgets, avec des sponsors massifs sur la table, comme des pays \u00e9trangers. On ne pourra pas suivre une telle hausse des budgets. Le business model n\u2019est pas le m\u00eame que dans d\u2019autres sports, il repose sur le m\u00e9c\u00e9nat, il n\u2019y a pas de retour sur investissement, avec, par exemple, les droits t\u00e9l\u00e9. \u00bb<\/p>\n<p>\u00ab Beaucoup de plaisir \u00bb<\/p>\n<p>Le dirigeant breton fait notamment r\u00e9f\u00e9rence \u00e0 des \u00e9quipes port\u00e9es par des Etats, comme la formation UAE-Team Emirates (\u00c9mirats arabes unis), l\u2019\u00e9quipe de Tadej Pogacar, quadruple vainqueur du Tour de France (2020, 2021, 2024, 2025), ou encore les mastodontes et leurs m\u00e9ga-sponsors comme Ineos, Visma, dont les budgets augmentent saison apr\u00e8s saison.<\/p>\n<p>Ce qui a donc conduit Cr\u00e9dit Mutuel Ark\u00e9a \u00e0 siffler la fin de la r\u00e9cr\u00e9ation. \u00ab On a eu beaucoup d\u2019int\u00e9r\u00eat, beaucoup de plaisir mais toute chose \u00e0 une fin. C\u2019est une tr\u00e8s belle \u00e9quipe, qui a de beaux r\u00e9sultats et on lui souhaite le meilleur, avec Emmanuel Hubert qu\u2019on appr\u00e9cie beaucoup \u00bb, explique Julien Carmona.<\/p>\n<p>Une course contre-la-montre<\/p>\n<p>Depuis juin, une v\u00e9ritable course contre-la-montre s\u2019est engag\u00e9e pour Emmanuel Hubert, directeur sportif, et ses \u00e9quipes pour trouver de nouveaux sponsors et poursuivre l\u2019activit\u00e9 de la seule structure bretonne sur le circuit World Tour, le plus prestigieux, et l\u2019activit\u00e9 de ses 141 salari\u00e9s. Une situation qui semble avoir agi comme un boost suppl\u00e9mentaire pour l\u2019\u00e9quipe et ses coureurs, avec la <a href=\"https:\/\/www.letelegramme.fr\/sports\/cyclisme\/tour-de-france\/jai-dit-a-emmanuel-hubert-quil-avait-son-geraint-thomas-quand-kevin-vauquelin-impressionnait-laurent-pichon-des-2022-6861841.php\" target=\"_blank\" rel=\"noopener\">septi\u00e8me place historique<\/a> d\u00e9croch\u00e9e au classement g\u00e9n\u00e9ral du Tour de France de K\u00e9vin Vauquelin ou encore la victoire d\u2019Ewen Costiou sur le <a href=\"https:\/\/www.letelegramme.fr\/sports\/cyclisme\/en-controle-sur-la-derniere-etape-le-breton-ewen-costiou-remporte-le-tour-du-limousin-6874962.php\" target=\"_blank\" rel=\"noopener\">Tour du Limousin<\/a>.<\/p>\n<p>\u00c0 l\u2019heure actuelle, <a href=\"https:\/\/www.letelegramme.fr\/sports\/cyclisme\/il-ne-me-reste-quune-cartouche-en-quete-de-nouveaux-partenaires-pour-sauver-lequipe-arkea-bb-hotels-emmanuel-hubert-face-a-lurgence-6877232.php\" target=\"_blank\" rel=\"noopener\">aucune issue n\u2019a encore filtr\u00e9<\/a> pour la reprise de l\u2019\u00e9quipe et le temps ne joue pas en sa faveur. Apr\u00e8s avoir vu couler <a href=\"https:\/\/www.letelegramme.fr\/sports\/cyclisme\/cetait-lenfer-je-nen-dormais-plus-je-ne-vivais-plus-ancien-manager-de-bb-hotels-jerome-pineau-comprend-emmanuel-hubert-arkea-dans-le-flou-pour-2026-6805382.php\" target=\"_blank\" rel=\"noopener\">l\u2019\u00e9quipe B&amp;B Hotels<\/a> de J\u00e9r\u00f4me Pineau, le cyclisme breton pourrait voir dispara\u00eetre une deuxi\u00e8me \u00e9quipe professionnelle en trois ans.<\/p>\n","protected":false},"excerpt":{"rendered":"L\u2019annonce a fait grand bruit, en juin dernier, dans le milieu, quand Ark\u00e9a et B&amp;B Hotels ont annonc\u00e9&hellip;\n","protected":false},"author":2,"featured_media":366256,"comment_status":"","ping_status":"","sticky":false,"template":"","format":"standard","meta":{"footnotes":""},"categories":[1411],"tags":[11,34378,1154,207,765,3166,1011,27,60],"class_list":{"0":"post-366255","1":"post","2":"type-post","3":"status-publish","4":"format-standard","5":"has-post-thumbnail","7":"category-cyclisme","8":"tag-actualites","9":"tag-arkea-bb-hotels","10":"tag-cycling","11":"tag-cyclisme","12":"tag-en-continu","13":"tag-en-continu-sports","14":"tag-fr","15":"tag-france","16":"tag-sports"},"share_on_mastodon":{"url":"https:\/\/pubeurope.com\/@fr\/115147344736487678","error":""},"_links":{"self":[{"href":"https:\/\/www.europesays.com\/fr\/wp-json\/wp\/v2\/posts\/366255","targetHints":{"allow":["GET"]}}],"collection":[{"href":"https:\/\/www.europesays.com\/fr\/wp-json\/wp\/v2\/posts"}],"about":[{"href":"https:\/\/www.europesays.com\/fr\/wp-json\/wp\/v2\/types\/post"}],"author":[{"embeddable":true,"href":"https:\/\/www.europesays.com\/fr\/wp-json\/wp\/v2\/users\/2"}],"replies":[{"embeddable":true,"href":"https:\/\/www.europesays.com\/fr\/wp-json\/wp\/v2\/comments?post=366255"}],"version-history":[{"count":0,"href":"https:\/\/www.europesays.com\/fr\/wp-json\/wp\/v2\/posts\/366255\/revisions"}],"wp:featuredmedia":[{"embeddable":true,"href":"https:\/\/www.europesays.com\/fr\/wp-json\/wp\/v2\/media\/366256"}],"wp:attachment":[{"href":"https:\/\/www.europesays.com\/fr\/wp-json\/wp\/v2\/media?parent=366255"}],"wp:term":[{"taxonomy":"category","embeddable":true,"href":"https:\/\/www.europesays.com\/fr\/wp-json\/wp\/v2\/categories?post=366255"},{"taxonomy":"post_tag","embeddable":true,"href":"https:\/\/www.europesays.com\/fr\/wp-json\/wp\/v2\/tags?post=366255"}],"curies":[{"name":"wp","href":"https:\/\/api.w.org\/{rel}","templated":true}]}}