{"id":366265,"date":"2025-09-04T18:07:18","date_gmt":"2025-09-04T18:07:18","guid":{"rendered":"https:\/\/www.europesays.com\/fr\/366265\/"},"modified":"2025-09-04T18:07:18","modified_gmt":"2025-09-04T18:07:18","slug":"cette-mini-serie-francaise-se-devore-en-une-seule-nuit-sur-disney","status":"publish","type":"post","link":"https:\/\/www.europesays.com\/fr\/366265\/","title":{"rendered":"Cette mini-s\u00e9rie fran\u00e7aise se d\u00e9vore en une seule nuit sur Disney+"},"content":{"rendered":"<p itemprop=\"description\">Cette s\u00e9rie qui avait cartonn\u00e9 en 2016<br \/>\nsur TF1 est parfaite pour accueillir l&rsquo;automne comme il se<br \/>\ndoit.<\/p>\n<p>Au moment o\u00f9 vous lisez cet article, vous vous trouvez<br \/>\ncertainement au fond de votre lit ou sous un bon plaid pour<br \/>\ncl\u00f4turer la journ\u00e9e en beaut\u00e9. Et comme chaque soir, apr\u00e8s avoir<br \/>\nd\u00e9vor\u00e9 les articles de Biba, une question r\u00e8gne en ma\u00eetre :<br \/>\n<strong>que mettre \u00e0 la t\u00e9l\u00e9<\/strong> ? De ce film romantique dont<br \/>\nvous avez tant entendu parler \u00e0 ce <a href=\"https:\/\/www.bibamagazine.fr\/culture\/tele-series\/incroyable-jai-adore-ce-thriller-espagnol-diffuse-sur-canal-va-vous-tenir-en-haleine-485625.html\" target=\"_blank\" rel=\"noopener\"><br \/>\nthriller<\/a> am\u00e9ricain qui s\u00e9duit son public, le choix est vaste<br \/>\npour combler vos d\u00e9sirs.<\/p>\n<p>Mais pas de panique, nous avons d\u00e9nich\u00e9 une petite merveille<br \/>\ndont vous ne pourrez plus vous passer. Une mini-s\u00e9rie fran\u00e7aise<br \/>\ndiffus\u00e9e en 2016 sur <a href=\"https:\/\/www.bibamagazine.fr\/culture\/tele-series\/rien-ne-tefface-sur-tf1-cette-mini-serie-a-suspense-est-elle-inspiree-dune-histoire-vraie-485667.html\" target=\"_blank\" rel=\"noopener\"><br \/>\nTF1<\/a> et d\u00e9sormais disponible sur <a href=\"https:\/\/www.bibamagazine.fr\/culture\/tele-series\/un-chef-doeuvre-cette-serie-dramatique-note-42-5-debarque-sur-disney-472081.html\" target=\"_blank\" rel=\"noopener\"><br \/>\nDisney+<\/a> pourrait bien devenir votre prochain coup de coeur.<br \/>\nEntre un suspense haletant, un drame familial d\u00e9chirant et un<br \/>\nvoyage \u00e0 travers le temps, cette p\u00e9pite sign\u00e9e <strong>Alexandre<br \/>\nLaurent<\/strong> ne pourra que vous combler. On vous en dit<br \/>\nplus.<\/p>\n<p>Le secret d\u00a0\u00bb\u00c9lise, la mini-s\u00e9rie fran\u00e7aise qui glace<br \/>\nle sang<\/p>\n<p>Qui dit septembre dit arriv\u00e9e imminente de l&rsquo;<a href=\"https:\/\/www.bibamagazine.fr\/mode\/actu-mode\/detail-mode-90s-pensait-ringard-possible-retour-force-automne-485429.html\" target=\"_blank\" rel=\"noopener\">automne<\/a>.<br \/>\nOui, je sais, l&rsquo;\u00e9t\u00e9 se termine le 21 septembre. Mais lorsque l&rsquo;on<br \/>\nvoit la m\u00e9t\u00e9o de ce d\u00e9but de mois, on ne peut que penser chocolat<br \/>\nchaud, pull douillet et s\u00e9rie \u00e0 binge-watcher au fond de son canap\u00e9<br \/>\ntout le week-end. J&rsquo;ai h\u00e2teeee ! Afin de se plonger dans cette<br \/>\nambiance unique, rien ne vaut une bonne s\u00e9rie qui vous laisse sans<br \/>\nvoix.<\/p>\n<p>Cette promesse, vous la retrouvez avec <strong>Le secret<br \/>\nd&rsquo;\u00c9lise<\/strong>, une mini-s\u00e9rie diffus\u00e9e sur TF1 en 2016,<br \/>\ndispo aujourd&rsquo;hui sur Disney+. Not\u00e9e 4,1\/5 sur Allocin\u00e9 d\u00e8s sa<br \/>\nsortie, cette production fran\u00e7aise d&rsquo;une seule saison avait conquis<br \/>\nle coeur de son public. Entre le drame et le fantastique, Le<br \/>\nsecret d&rsquo;\u00c9lise vous donnera des sueurs froides jusqu&rsquo;au petit<br \/>\nmatin.<\/p>\n<p>Une maison hant\u00e9e par une \u00e2me perdue<\/p>\n<p>Et c\u00f4t\u00e9 intrigue, \u00e7a dit quoi ? Dans cette mini-s\u00e9rie r\u00e9alis\u00e9e<br \/>\npar Alexandre Laurent, nous suivons trois familles au travers de<br \/>\n<strong>trois \u00e9poques diff\u00e9rentes<\/strong>. Celle-ci d\u00e9bute en<br \/>\n<strong>2015<\/strong>, o\u00f9 un jeune couple pr\u00eat \u00e0 accueillir leur<br \/>\npremier enfant s&rsquo;installe dans une magnifique maison du sud de la<br \/>\nFrance. Alors que tout semble idyllique pour les \u00e9poux, Julie,<br \/>\nincarn\u00e9e par Julie de Bona (Les combattantes) d\u00e9couvre<br \/>\nqu&rsquo;une petite fille du nom d&rsquo;\u00c9lise vivait il y a des ann\u00e9es de cela<br \/>\ndans cette maison. Une petite fille retrouv\u00e9e morte, noy\u00e9e dans les<br \/>\nmar\u00e9cages d&rsquo;\u00e0 c\u00f4t\u00e9 en <strong>1969<\/strong> et dont l&rsquo;esprit hante<br \/>\nla demeure depuis son \u00e9trange d\u00e9c\u00e8s.<\/p>\n<p>En parall\u00e8le, nous suivons le destin funeste de la petite \u00c9lise,<br \/>\nperdant la vie en 1969. Convaincue qu&rsquo;il ne s&rsquo;agit pas d&rsquo;un<br \/>\naccident, sa m\u00e8re Ariane, interpr\u00e9t\u00e9e par <strong>Julia<br \/>\nPiaton<\/strong> (Family Business) est pr\u00eate \u00e0 tout pour<br \/>\nd\u00e9celer la v\u00e9rit\u00e9. Aux c\u00f4t\u00e9s de son mari, Jean-Pierre<br \/>\n(<strong>B\u00e9nabar<\/strong>), elle fera tout ce qui est en son<br \/>\npouvoir pour rendre justice \u00e0 sa fille. Et ce, jusqu&rsquo;en 2015.<\/p>\n<p>Simultan\u00e9ment, le r\u00e9cit se concentre sur une autre famille,<br \/>\nayant emm\u00e9nag\u00e9, elle aussi, dans cette maison en<br \/>\n<strong>1986<\/strong>. Au fil des jours, leur petite fille se<br \/>\ncomporte de mani\u00e8re \u00e9trange et explique \u00e0 ses parents qu&rsquo;elle s&rsquo;est<br \/>\nfaite une nouvelle amie du nom d&rsquo;\u00c9lise. Cette petite fille aux<br \/>\ncheveux mouill\u00e9s et avec un air triste qu&rsquo;elle seule peut voir. Au<br \/>\ncours de ces trois \u00e9poques, une question hante les esprits :<br \/>\nqu&rsquo;est-il r\u00e9ellement arriv\u00e9 \u00e0 \u00c9lise ?<\/p>\n<p>Pourquoi binge-watcher cette s\u00e9rie<br \/>\n?<\/p>\n<p>Adapt\u00e9 de la mini-s\u00e9rie am\u00e9ricaine de 2008 et d&rsquo;un seul \u00e9pisode,<br \/>\n<strong>The Oaks<\/strong>, cr\u00e9\u00e9 par David Schulner,<br \/>\nrelanc\u00e9e en 2011 au Royaume-Uni par Stephen Greenhorn sous le nom<br \/>\nde Marchlands, Le secret d&rsquo;\u00c9lise traverse les<br \/>\n\u00e9poques sans prendre une ride. Avec son ambiance sinistre et<br \/>\npesante, sans oublier son d\u00e9cor de maison hant\u00e9, cette mini-s\u00e9rie<br \/>\ns&rsquo;av\u00e8re parfaite pour entamer l&rsquo;automne comme il se doit.<\/p>\n<p>C\u00f4t\u00e9 avis, il suffit de se tourner vers Allocin\u00e9 pour comprendre<br \/>\nl&rsquo;engouement autour du Secret d&rsquo;\u00c9lise.<br \/>\n<strong>Not\u00e9e 4,1\/5<\/strong> par les spectateurs conquis, cette<br \/>\ncr\u00e9ation fran\u00e7aise promet de conqu\u00e9rir votre coeur en un instant.<br \/>\nAlors qu&rsquo;un commentaire \u00e9voque : \u00ab\u00a0Une fiction fran\u00e7aise \u00e0 la<br \/>\nhauteur des plus grandes &#8230; <strong>Une pure merveille<\/strong><br \/>\n&#8230; Frissons et \u00e9motions &#8230; Mes larmes ont coul\u00e9 &#8230;\u00a0\u00bb, un<br \/>\nautre ajoute : \u00ab\u00a0J&rsquo;ai ador\u00e9 pour avoir connu les trois \u00e9poques<br \/>\ntous les petits d\u00e9tails propres \u00e0 chacune, voitures,<br \/>\ncoiffure&#8230;et pour le suspens c&rsquo;est super prenant,<br \/>\nj&rsquo;adore&#8230;\u00a0\u00bb Bref, vous l&rsquo;aurez compris, cette s\u00e9rie dispo sur<br \/>\nDisney+ est \u00e0 d\u00e9vorer sans h\u00e9sitation. Frissons garantis.<\/p>\n","protected":false},"excerpt":{"rendered":"Cette s\u00e9rie qui avait cartonn\u00e9 en 2016 sur TF1 est parfaite pour accueillir l&rsquo;automne comme il se doit.&hellip;\n","protected":false},"author":2,"featured_media":366266,"comment_status":"","ping_status":"","sticky":false,"template":"","format":"standard","meta":{"footnotes":""},"categories":[1356],"tags":[58,59,1011,27,252,1364],"class_list":{"0":"post-366265","1":"post","2":"type-post","3":"status-publish","4":"format-standard","5":"has-post-thumbnail","7":"category-television","8":"tag-divertissement","9":"tag-entertainment","10":"tag-fr","11":"tag-france","12":"tag-television","13":"tag-tv"},"share_on_mastodon":{"url":"https:\/\/pubeurope.com\/@fr\/115147364408127219","error":""},"_links":{"self":[{"href":"https:\/\/www.europesays.com\/fr\/wp-json\/wp\/v2\/posts\/366265","targetHints":{"allow":["GET"]}}],"collection":[{"href":"https:\/\/www.europesays.com\/fr\/wp-json\/wp\/v2\/posts"}],"about":[{"href":"https:\/\/www.europesays.com\/fr\/wp-json\/wp\/v2\/types\/post"}],"author":[{"embeddable":true,"href":"https:\/\/www.europesays.com\/fr\/wp-json\/wp\/v2\/users\/2"}],"replies":[{"embeddable":true,"href":"https:\/\/www.europesays.com\/fr\/wp-json\/wp\/v2\/comments?post=366265"}],"version-history":[{"count":0,"href":"https:\/\/www.europesays.com\/fr\/wp-json\/wp\/v2\/posts\/366265\/revisions"}],"wp:featuredmedia":[{"embeddable":true,"href":"https:\/\/www.europesays.com\/fr\/wp-json\/wp\/v2\/media\/366266"}],"wp:attachment":[{"href":"https:\/\/www.europesays.com\/fr\/wp-json\/wp\/v2\/media?parent=366265"}],"wp:term":[{"taxonomy":"category","embeddable":true,"href":"https:\/\/www.europesays.com\/fr\/wp-json\/wp\/v2\/categories?post=366265"},{"taxonomy":"post_tag","embeddable":true,"href":"https:\/\/www.europesays.com\/fr\/wp-json\/wp\/v2\/tags?post=366265"}],"curies":[{"name":"wp","href":"https:\/\/api.w.org\/{rel}","templated":true}]}}