{"id":366267,"date":"2025-09-04T18:08:09","date_gmt":"2025-09-04T18:08:09","guid":{"rendered":"https:\/\/www.europesays.com\/fr\/366267\/"},"modified":"2025-09-04T18:08:09","modified_gmt":"2025-09-04T18:08:09","slug":"justin-bieber-annonce-une-suite-surprise-de-son-album-swag","status":"publish","type":"post","link":"https:\/\/www.europesays.com\/fr\/366267\/","title":{"rendered":"Justin Bieber annonce une suite surprise de son album \u00ab\u00a0Swag\u00a0\u00bb"},"content":{"rendered":"<p>Deux mois apr\u00e8s la sortie de l&rsquo;album \u00ab\u00a0Swag\u00a0\u00bb, l&rsquo;artiste a annonc\u00e9 par surprise un second volet, \u00ab\u00a0Swag II\u00a0\u00bb, qui sera disponible d\u00e8s ce vendredi 5 ao\u00fbt.<\/p>\n<p>Justin Bieber aime surprendre ses fans. Apr\u00e8s avoir d\u00e9voil\u00e9 de mani\u00e8re inattendue l\u2019album <a href=\"https:\/\/www.bfmtv.com\/people\/musique\/swag-la-star-justin-bieber-sort-un-nouvel-album-surprise_AN-202507110164.html\" title=\"&quot;Swag&quot;: la star Justin Bieber sort un nouvel album surprise\" class=\"internal_link\" rel=\"nofollow noopener\" target=\"_blank\">Swag<\/a>, en juillet dernier, marquant son retour apr\u00e8s quatre ans d\u2019absence, la superstar vient d\u2019annoncer la sortie de la suite tant attendue, Swag II, disponible d\u00e8s ce vendredi 5 ao\u00fbt, \u00e0 6 heures du matin.<\/p>\n<p>Si cette annonce prend tout le monde de court, l\u2019artiste avait pourtant laiss\u00e9 des indices il y a quelques heures sur son compte Instagram, o\u00f9 il a publi\u00e9 plusieurs images de la pochette rose du disque, laissant planer le myst\u00e8re autour de ce nouveau projet.<\/p>\n<p>Une vie mouvement\u00e9e<\/p>\n<p>Ces derniers mois ont \u00e9t\u00e9 mouvement\u00e9s pour Justin Bieber, dont les frasques ont inqui\u00e9t\u00e9 ses fans. Plusieurs s\u00e9quences l&rsquo;ont montr\u00e9 dans un \u00e9tat second, fumant et dansant \u00e9trangement, \u00e0 <a href=\"https:\/\/www.bfmtv.com\/international\/amerique-nord\/etats-unis\/a-coachella-bernie-sanders-appelle-les-jeunes-a-lutter-contre-la-politique-de-donald-trump_VN-202504140301.html\" title=\"\u00c0 Coachella, Bernie Sanders appelle les jeunes \u00e0 &quot;lutter&quot; contre la politique de Donald Trump\" class=\"internal_link\" rel=\"nofollow noopener\" target=\"_blank\">Coachella<\/a>. L&rsquo;artiste avait \u00e9galement multipli\u00e9 les publications inqui\u00e9tantes sur les r\u00e9seaux sociaux, expliquant se sentir \u00ab\u00a0indigne\u00a0\u00bb et \u00ab\u00a0se d\u00e9tester\u00a0\u00bb.<\/p>\n<p>En 2022, Justin Bieber avait \u00e9t\u00e9 contraint d&rsquo;<a href=\"https:\/\/www.bfmtv.com\/people\/musique\/j-ai-besoin-de-me-reposer-pour-aller-mieux-justin-bieber-annule-l-integralite-de-sa-tournee_AN-202210070243.html\" title=\"&quot;J&#039;ai besoin de me reposer pour aller mieux&quot;: Justin Bieber annule l&#039;int\u00e9gralit\u00e9 de sa tourn\u00e9e\" class=\"internal_link\" rel=\"nofollow noopener\" target=\"_blank\">annuler une partie de sa tourn\u00e9e<\/a> mondiale (soit 82 concerts sur 131 pr\u00e9vus) apr\u00e8s avoir r\u00e9v\u00e9l\u00e9 souffrir du <a href=\"https:\/\/www.bfmtv.com\/people\/atteint-de-paralysie-du-visage-justin-bieber-donne-des-nouvelles-de-son-etat-de-sante_AN-202303160845.html\" title=\"Atteint de paralysie du visage, Justin Bieber donne des nouvelles de son \u00e9tat de sant\u00e9\" class=\"internal_link\" rel=\"nofollow noopener\" target=\"_blank\">syndrome de Ramsay Hunt<\/a>, un trouble neurologique qui lui avait partiellement paralys\u00e9 le visage<\/p>\n<p>Sur le plan personnel, son \u00e9pouse Hailey Bieber a donn\u00e9 naissance \u00e0 leur premier enfant, l&rsquo;ann\u00e9e derni\u00e8re. C\u00f4t\u00e9 musique, il s&rsquo;est s\u00e9par\u00e9, en 2023, de Scooter Braun, son manager de longue date.<\/p>\n<p>Mais, trois ans apr\u00e8s le titre Honest, Justin Bieber a fait son retour tr\u00e8s attendu cet \u00e9t\u00e9 avec l&rsquo;album Swag. Un disque dans lequel l&rsquo;artiste se livre notamment sur sa sant\u00e9 mentale, la paternit\u00e9 ou son rapport \u00e0 la religion. Le chanteur s\u2019appr\u00eate donc \u00e0 poursuivre son retour musical dans cette suite.<\/p>\n","protected":false},"excerpt":{"rendered":"Deux mois apr\u00e8s la sortie de l&rsquo;album \u00ab\u00a0Swag\u00a0\u00bb, l&rsquo;artiste a annonc\u00e9 par surprise un second volet, \u00ab\u00a0Swag II\u00a0\u00bb,&hellip;\n","protected":false},"author":2,"featured_media":366268,"comment_status":"","ping_status":"","sticky":false,"template":"","format":"standard","meta":{"footnotes":""},"categories":[1355],"tags":[58,59,1011,27,1361,873],"class_list":{"0":"post-366267","1":"post","2":"type-post","3":"status-publish","4":"format-standard","5":"has-post-thumbnail","7":"category-musique","8":"tag-divertissement","9":"tag-entertainment","10":"tag-fr","11":"tag-france","12":"tag-music","13":"tag-musique"},"share_on_mastodon":{"url":"https:\/\/pubeurope.com\/@fr\/115147368367943628","error":""},"_links":{"self":[{"href":"https:\/\/www.europesays.com\/fr\/wp-json\/wp\/v2\/posts\/366267","targetHints":{"allow":["GET"]}}],"collection":[{"href":"https:\/\/www.europesays.com\/fr\/wp-json\/wp\/v2\/posts"}],"about":[{"href":"https:\/\/www.europesays.com\/fr\/wp-json\/wp\/v2\/types\/post"}],"author":[{"embeddable":true,"href":"https:\/\/www.europesays.com\/fr\/wp-json\/wp\/v2\/users\/2"}],"replies":[{"embeddable":true,"href":"https:\/\/www.europesays.com\/fr\/wp-json\/wp\/v2\/comments?post=366267"}],"version-history":[{"count":0,"href":"https:\/\/www.europesays.com\/fr\/wp-json\/wp\/v2\/posts\/366267\/revisions"}],"wp:featuredmedia":[{"embeddable":true,"href":"https:\/\/www.europesays.com\/fr\/wp-json\/wp\/v2\/media\/366268"}],"wp:attachment":[{"href":"https:\/\/www.europesays.com\/fr\/wp-json\/wp\/v2\/media?parent=366267"}],"wp:term":[{"taxonomy":"category","embeddable":true,"href":"https:\/\/www.europesays.com\/fr\/wp-json\/wp\/v2\/categories?post=366267"},{"taxonomy":"post_tag","embeddable":true,"href":"https:\/\/www.europesays.com\/fr\/wp-json\/wp\/v2\/tags?post=366267"}],"curies":[{"name":"wp","href":"https:\/\/api.w.org\/{rel}","templated":true}]}}