{"id":366269,"date":"2025-09-04T18:09:24","date_gmt":"2025-09-04T18:09:24","guid":{"rendered":"https:\/\/www.europesays.com\/fr\/366269\/"},"modified":"2025-09-04T18:09:24","modified_gmt":"2025-09-04T18:09:24","slug":"les-premiers-avis-sur-le-film-de-secte-avec-amanda-seyfried-sont-tombes","status":"publish","type":"post","link":"https:\/\/www.europesays.com\/fr\/366269\/","title":{"rendered":"les premiers avis sur le film de secte avec Amanda Seyfried sont tomb\u00e9s"},"content":{"rendered":"<p><strong>La co-sc\u00e9nariste de The Brutalist, <a href=\"https:\/\/www.ecranlarge.com\/personnalite\/982208-mona-lerche\" data-type=\"people\" data-id=\"475930\" rel=\"nofollow noopener\" target=\"_blank\">Mona Fastvold<\/a>, r\u00e9alise <a href=\"https:\/\/www.ecranlarge.com\/films\/the-testament-of-ann-lee\" data-type=\"films\" data-id=\"1335005\" rel=\"nofollow noopener\" target=\"_blank\">The Testament of Ann Lee<\/a>, un film de secte port\u00e9 par <a href=\"https:\/\/www.ecranlarge.com\/personnalite\/702802-amanda-seyfried\" data-type=\"people\" data-id=\"350233\" rel=\"nofollow noopener\" target=\"_blank\">Amanda Seyfried<\/a>. Revue de presse.<\/strong><\/p>\n<p>Et si c\u2019\u00e9tait eux, le nouveau couple en puissance du cin\u00e9ma ind\u00e9pendant am\u00e9ricain ? La fresque <strong>The Brutalist<\/strong> a r\u00e9v\u00e9l\u00e9 \u00e0 un plus large public le r\u00e9alisateur Brady Corbet, mais aussi sa compagne Mona Fastvold, qui en avait co-sign\u00e9 le sc\u00e9nario. Pour son troisi\u00e8me long-m\u00e9trage en tant que r\u00e9alisatrice (apr\u00e8s <strong>The Sleepwalker<\/strong> et <strong>The World to Come<\/strong>), Fastvold propose <strong>The Testament of Ann Lee<\/strong>. Comme <strong>The Brutalist<\/strong>, le film a \u00e9t\u00e9 tourn\u00e9 en 70mm, et raconte donc, \u00e0 la fin du XVIIIe si\u00e8cle, <strong>l\u2019ascension d\u2019Ann Lee, fondatrice du mouvement Shaker, une secte dont les adeptes ont fait de leur leader le Christ f\u00e9minin.<\/strong><\/p>\n<p>                    <img decoding=\"async\" alt=\"\" class=\"wp-image-518375\" style=\"object-fit:cover;width:25px;height:25px\" src=\"https:\/\/www.ecranlarge.com\/content\/uploads\/2023\/09\/arrow-right-circle.svg\"\/><\/p>\n<p>La popularit\u00e9 grandissante de ce mouvement a amen\u00e9 Ann Lee \u00e0 quitter l\u2019Angleterre pour les \u00c9tats-Unis. Malgr\u00e9 le peu d\u2019int\u00e9r\u00eat de l\u2019industrie pour un projet aussi bizarre, Mona Fastvold est parvenue \u00e0 aller au bout de sa d\u00e9marche. Port\u00e9 par Amanda Seyfried, Lewis Pullman, Tim Blake Nelson et Christopher Abbott, <strong>le film a \u00e9t\u00e9 pr\u00e9sent\u00e9 en comp\u00e9tition \u00e0 la Mostra de Venise. Revue de presse.<\/strong><\/p>\n<p>Une pri\u00e8re, et Ann Lee !<\/p>\n<blockquote class=\"wp-block-quote is-layout-flow wp-block-quote-is-layout-flow\">\n<p><strong>\u00ab\u00a0Fastvold fusionne la forme et sa fonction pour nous faire rencontre cette cheffe religieuse du XVIIIe si\u00e8cle avec ses propres conditions, livrant une incantation moderne et excitante \u00e0 partir d\u2019une chanson d\u00e9su\u00e8te.\u00a0\u00bb <\/strong>\u2013 TheWrap<\/p>\n<\/blockquote>\n<blockquote class=\"wp-block-quote is-layout-flow wp-block-quote-is-layout-flow\">\n<p><strong>\u00ab\u00a0Les comparaisons avec The Brutalist sont in\u00e9vitables\u2026 Mais la majest\u00e9 de sa libert\u00e9 et le sens du d\u00e9tail du film de Fastvold ont leur propre identit\u00e9 : comme Ann, je suis rest\u00e9 chancelant et le souffle coup\u00e9 par sa grandeur et son culot.\u00a0\u00bb<\/strong> \u2013 The Telegraph<\/p>\n<\/blockquote>\n<blockquote class=\"wp-block-quote is-layout-flow wp-block-quote-is-layout-flow\">\n<p><strong>\u00ab\u00a0Malgr\u00e9 sa frilosit\u00e9, voire son manque d\u2019int\u00e9r\u00eat qui laisse perplexe dans l\u2019interrogation de la mythologie d\u2019Ann Lee, il y a plein de choses impressionnantes et admirables \u00e0 propos du travail de Fastvold.\u00a0\u00bb<\/strong> \u2013 Little White Lies<\/p>\n<\/blockquote>\n<p><a href=\"https:\/\/www.ecranlarge.com\/content\/uploads\/2025\/09\/iyebixbalpzgec3qjnhgedw5yzm.jpg\" rel=\"nofollow noopener\" target=\"_blank\"><\/p>\n<p><img loading=\"lazy\" decoding=\"async\" alt=\"\" src=\"https:\/\/www.europesays.com\/fr\/wp-content\/uploads\/2025\/09\/iyebixbalpzgec3qjnhgedw5yzm-1260x709.jpg\" width=\"1260\" height=\"709\"  \/><\/p>\n<p><\/a>Une pure soir\u00e9e<\/p>\n<blockquote class=\"wp-block-quote is-layout-flow wp-block-quote-is-layout-flow\">\n<p><strong>\u00ab\u00a0En un sens, The Testament of Ann Lee est une c\u00e9l\u00e9bration \u2013 et puis un appel, dans sa seconde moiti\u00e9 moins rhapsodique \u2013 envers les conditions requises pour faire un film comme The Testament of Ann Lee.\u00a0\u00bb <\/strong>\u2013 IndieWire<\/p>\n<\/blockquote>\n<blockquote class=\"wp-block-quote is-layout-flow wp-block-quote-is-layout-flow\">\n<p><strong>\u00ab\u00a0Si la performance d\u2019Amanda Seyfried et la r\u00e9alisation de Fastvold sont pratiquement sans faute, il y a plusieurs moments o\u00f9 le sc\u00e9nario touche du doigt des id\u00e9es fascinantes pour ne plus jamais y revenir.\u00a0\u00bb <\/strong>\u2013 Screen Rant<\/p>\n<\/blockquote>\n<blockquote class=\"wp-block-quote is-layout-flow wp-block-quote-is-layout-flow\">\n<p><strong>\u00ab\u00a0C\u2019est un film vraiment \u00e9trange, \u00e0 la fois insaisissable sur le ton et le sens\u2026 Fastvold demande peut-\u00eatre \u00e0 son public d\u2019en retenir les \u00e9l\u00e9ments qu\u2019ils trouvent les plus convenables. Un rituel \u00e9nigmatique qui ne sera pas pour tout le monde.\u00a0\u00bb <\/strong>\u2013 The Guardian<\/p>\n<\/blockquote>\n<p><img loading=\"lazy\" decoding=\"async\" width=\"705\" height=\"396\" alt=\"\" src=\"https:\/\/www.europesays.com\/fr\/wp-content\/uploads\/2025\/09\/ems.png\"  \/><\/p>\n<p>J\u00e9sus 2, le retour<\/p>\n<blockquote class=\"wp-block-quote is-layout-flow wp-block-quote-is-layout-flow\">\n<p><strong>\u00ab\u00a0C\u2019est une histoire au maillage effiloch\u00e9 qui contient d\u2019impressionnants moments de talent et de beaut\u00e9, mais qui ne se coud pas toujours en quelque chose de satisfaisant et de solide.\u00a0\u00bb <\/strong>\u2013 Screen International<\/p>\n<\/blockquote>\n<blockquote class=\"wp-block-quote is-layout-flow wp-block-quote-is-layout-flow\">\n<p><strong>\u00ab\u00a0Sur le plan dramaturgique, le film peut devenir fade le long de ses langoureuses 136 minutes. Mais c\u2019est quand il assume de chanter et danser \u2013 la forme la plus improbable qu\u2019aurait pu prendre une histoire sur Lee \u2013 que le film est le plus persuasif.\u00a0\u00bb <\/strong>\u2013 Variety<\/p>\n<\/blockquote>\n<p><img loading=\"lazy\" decoding=\"async\" width=\"1200\" height=\"692\" alt=\"\" src=\"https:\/\/www.europesays.com\/fr\/wp-content\/uploads\/2025\/09\/the-testament-of-ann-lee-amanda-seyfried.jpg\"  \/><\/p>\n<p>\u00ab\u00a0Tout le monde n\u2019a pas aim\u00e9\u2026\u00a0\u00bb<\/p>\n<p>Les m\u00e9taphores pas toujours claires et les termes cryptiques de la critique semblent confirmer \u00e0 quel point la bizarrerie de <strong>The Testament of Ann Lee<\/strong> a infus\u00e9 leurs textes. Un peu comme <strong>The Brutalist<\/strong> (dont la dur\u00e9e et la densit\u00e9 en avaient rebut\u00e9 certains en festival), le film de Mona Fastvold se d\u00e9marque par son aspect insaisissable, entre son montage visiblement non lin\u00e9aire, ses s\u00e9quences musicales et dans\u00e9es, et ses nombreuses th\u00e9matiques abord\u00e9es.<\/p>\n<p>Mais beaucoup pointent aussi du doigt la confusion qui ressort de cette forme si particuli\u00e8re, y compris dans le traitement d\u2019Ann Lee et de sa secte. En tout cas, apr\u00e8s <strong>The Brutalist<\/strong>, on a forc\u00e9ment de se faire notre propre id\u00e9e. Pour le moment, <strong>The Testament of Ann Lee<\/strong> <strong>n\u2019a pas encore de date de sortie fran\u00e7aise. <\/strong><\/p>\n","protected":false},"excerpt":{"rendered":"La co-sc\u00e9nariste de The Brutalist, Mona Fastvold, r\u00e9alise The Testament of Ann Lee, un film de secte port\u00e9&hellip;\n","protected":false},"author":2,"featured_media":366270,"comment_status":"","ping_status":"","sticky":false,"template":"","format":"standard","meta":{"footnotes":""},"categories":[1354],"tags":[58,59,1346,1011,27,1360],"class_list":{"0":"post-366269","1":"post","2":"type-post","3":"status-publish","4":"format-standard","5":"has-post-thumbnail","7":"category-films","8":"tag-divertissement","9":"tag-entertainment","10":"tag-films","11":"tag-fr","12":"tag-france","13":"tag-movies"},"share_on_mastodon":{"url":"https:\/\/pubeurope.com\/@fr\/115147372951931963","error":""},"_links":{"self":[{"href":"https:\/\/www.europesays.com\/fr\/wp-json\/wp\/v2\/posts\/366269","targetHints":{"allow":["GET"]}}],"collection":[{"href":"https:\/\/www.europesays.com\/fr\/wp-json\/wp\/v2\/posts"}],"about":[{"href":"https:\/\/www.europesays.com\/fr\/wp-json\/wp\/v2\/types\/post"}],"author":[{"embeddable":true,"href":"https:\/\/www.europesays.com\/fr\/wp-json\/wp\/v2\/users\/2"}],"replies":[{"embeddable":true,"href":"https:\/\/www.europesays.com\/fr\/wp-json\/wp\/v2\/comments?post=366269"}],"version-history":[{"count":0,"href":"https:\/\/www.europesays.com\/fr\/wp-json\/wp\/v2\/posts\/366269\/revisions"}],"wp:featuredmedia":[{"embeddable":true,"href":"https:\/\/www.europesays.com\/fr\/wp-json\/wp\/v2\/media\/366270"}],"wp:attachment":[{"href":"https:\/\/www.europesays.com\/fr\/wp-json\/wp\/v2\/media?parent=366269"}],"wp:term":[{"taxonomy":"category","embeddable":true,"href":"https:\/\/www.europesays.com\/fr\/wp-json\/wp\/v2\/categories?post=366269"},{"taxonomy":"post_tag","embeddable":true,"href":"https:\/\/www.europesays.com\/fr\/wp-json\/wp\/v2\/tags?post=366269"}],"curies":[{"name":"wp","href":"https:\/\/api.w.org\/{rel}","templated":true}]}}