{"id":366275,"date":"2025-09-04T18:12:10","date_gmt":"2025-09-04T18:12:10","guid":{"rendered":"https:\/\/www.europesays.com\/fr\/366275\/"},"modified":"2025-09-04T18:12:10","modified_gmt":"2025-09-04T18:12:10","slug":"malgre-la-brouille-familiale-stella-et-paul-belmondo-reunis-aux-obseques-de-leur-oncle","status":"publish","type":"post","link":"https:\/\/www.europesays.com\/fr\/366275\/","title":{"rendered":"Malgr\u00e9 la brouille familiale, Stella et Paul Belmondo r\u00e9unis aux obs\u00e8ques de leur oncle"},"content":{"rendered":"<p>Il y a des peines qui pansent les plaies. Ce jeudi 4\u00a0septembre, devant le cr\u00e9matorium du P\u00e8re-Lachaise, un fr\u00e8re et une s\u0153ur se sont retrouv\u00e9s pour rendre hommage, ensemble, \u00e0 leur oncle. Paul et Stella Belmondo, <a href=\"https:\/\/www.parismatch.com\/People\/paul-belmondo-epaule-par-ses-trois-fils-pour-les-obseques-de-son-oncle-alain-256568\" target=\"_blank\" rel=\"nofollow noopener\">deux des trois enfants de Jean-Paul Belmondo ont assist\u00e9 aux obs\u00e8ques d\u2019Alain<\/a> (le petit fr\u00e8re de leur p\u00e8re), d\u00e9c\u00e9d\u00e9 le 27\u00a0ao\u00fbt dernier \u00e0 l\u2019\u00e2ge de 93\u00a0ans.<\/p>\n<p>Sur les images captur\u00e9es de cette triste journ\u00e9e, <a href=\"https:\/\/www.parismatch.com\/bio\/stella-belmondo\" target=\"_blank\" rel=\"nofollow noopener\">Stella <\/a>(22\u00a0ans) se tient pr\u00e8s de son demi-fr\u00e8re Paul (62\u00a0ans). Souriante malgr\u00e9 le contexte, la jeune femme a \u00e9galement retrouv\u00e9 sa ni\u00e8ce Annabelle, la fille de Florence Belmondo qui \u00e9tait quant \u00e0 elle absente. Rarement r\u00e9unis depuis <a href=\"https:\/\/www.parismatch.com\/people\/clan-belmondo-la-dechirure-242910\" target=\"_blank\" rel=\"nofollow noopener\">les tensions autour de la succession<\/a>, Stella et Paul ont semble-t-il mis de c\u00f4t\u00e9 leurs diff\u00e9rends.<\/p>\n<p>    La suite apr\u00e8s cette publicit\u00e9<\/p>\n<p>Paul et ses fils<\/p>\n<p>Pour affronter ces fun\u00e9railles, Paul Belmondo a \u00e9galement pu compter sur le soutien de ses trois fils\u00a0: <a href=\"https:\/\/www.parismatch.com\/people\/paul-belmondo-entoure-de-ses-trois-fils-pour-noel-6-mois-apres-le-divorce-245215\" target=\"_blank\" rel=\"nofollow noopener\">Alessandro (34\u00a0ans), Victor (31\u00a0ans) et Giacomo (26\u00a0ans)<\/a>. Tr\u00e8s proches de leur p\u00e8re malgr\u00e9 <a href=\"https:\/\/www.parismatch.com\/people\/luana-belmondo-jai-le-coeur-brise-239245\" target=\"_blank\" rel=\"nofollow noopener\">son divorce compliqu\u00e9<\/a>, il y a un an, d\u2019avec leur m\u00e8re Luana, les trois gar\u00e7ons n\u2019ont pas longtemps tenu rigueur \u00e0 Paul. En d\u00e9cembre dernier, <a href=\"https:\/\/www.parismatch.com\/people\/paul-belmondo-entoure-de-ses-trois-fils-pour-noel-6-mois-apres-le-divorce-245215\" target=\"_blank\" rel=\"nofollow noopener\">ils avaient d\u2019ailleurs pass\u00e9 No\u00ebl avec lui et le reste du clan<\/a>, en l\u2019absence de leur maman.<\/p>\n<p>    La suite apr\u00e8s cette publicit\u00e9<\/p>\n<p>Le 31\u00a0ao\u00fbt dernier, Paul a partag\u00e9 une nouvelle photo de son oncle Alain. Sur le clich\u00e9 en noir et blanc, son fils cadet Victor est \u00e9galement pr\u00e9sent\u00a0: \u00ab\u00a0J\u2019aime beaucoup cette photo [..] prise par un ami photographe de mon oncle juste apr\u00e8s un d\u00e9jeuner. Je veux aussi vous remercier pour vos nombreux t\u00e9moignages mon oncle le m\u00e9ritait tellement.\u00a0\u00bb<\/p>\n","protected":false},"excerpt":{"rendered":"Il y a des peines qui pansent les plaies. Ce jeudi 4\u00a0septembre, devant le cr\u00e9matorium du P\u00e8re-Lachaise, un&hellip;\n","protected":false},"author":2,"featured_media":366276,"comment_status":"","ping_status":"","sticky":false,"template":"","format":"standard","meta":{"footnotes":""},"categories":[8],"tags":[58,59,1011,27],"class_list":{"0":"post-366275","1":"post","2":"type-post","3":"status-publish","4":"format-standard","5":"has-post-thumbnail","7":"category-divertissement","8":"tag-divertissement","9":"tag-entertainment","10":"tag-fr","11":"tag-france"},"share_on_mastodon":{"url":"https:\/\/pubeurope.com\/@fr\/115147384005534206","error":""},"_links":{"self":[{"href":"https:\/\/www.europesays.com\/fr\/wp-json\/wp\/v2\/posts\/366275","targetHints":{"allow":["GET"]}}],"collection":[{"href":"https:\/\/www.europesays.com\/fr\/wp-json\/wp\/v2\/posts"}],"about":[{"href":"https:\/\/www.europesays.com\/fr\/wp-json\/wp\/v2\/types\/post"}],"author":[{"embeddable":true,"href":"https:\/\/www.europesays.com\/fr\/wp-json\/wp\/v2\/users\/2"}],"replies":[{"embeddable":true,"href":"https:\/\/www.europesays.com\/fr\/wp-json\/wp\/v2\/comments?post=366275"}],"version-history":[{"count":0,"href":"https:\/\/www.europesays.com\/fr\/wp-json\/wp\/v2\/posts\/366275\/revisions"}],"wp:featuredmedia":[{"embeddable":true,"href":"https:\/\/www.europesays.com\/fr\/wp-json\/wp\/v2\/media\/366276"}],"wp:attachment":[{"href":"https:\/\/www.europesays.com\/fr\/wp-json\/wp\/v2\/media?parent=366275"}],"wp:term":[{"taxonomy":"category","embeddable":true,"href":"https:\/\/www.europesays.com\/fr\/wp-json\/wp\/v2\/categories?post=366275"},{"taxonomy":"post_tag","embeddable":true,"href":"https:\/\/www.europesays.com\/fr\/wp-json\/wp\/v2\/tags?post=366275"}],"curies":[{"name":"wp","href":"https:\/\/api.w.org\/{rel}","templated":true}]}}