{"id":366277,"date":"2025-09-04T18:13:10","date_gmt":"2025-09-04T18:13:10","guid":{"rendered":"https:\/\/www.europesays.com\/fr\/366277\/"},"modified":"2025-09-04T18:13:10","modified_gmt":"2025-09-04T18:13:10","slug":"le-nouveau-smartphone-tri-fold-de-huawei-est-plus-puissant-et-plus-cher-que-jamais","status":"publish","type":"post","link":"https:\/\/www.europesays.com\/fr\/366277\/","title":{"rendered":"Le nouveau smartphone tri-fold de Huawei est plus puissant (et plus cher) que jamais"},"content":{"rendered":"<p class=\"ed__a-p ed__bdy__l\">Huawei n\u2019en a pas fini avec son smartphone pliant en trois parties. Alors que le <a href=\"https:\/\/www.lesnumeriques.com\/telephone-portable\/smartphone-tri-fold-samsung-confirme-non-seulement-son-existence-mais-aussi-son-arrivee-prochaine-n239535.html\" title=\"Smartphone tri-fold : Samsung confirme non seulement son existence, mais aussi son arriv\u00e9e prochaine\" rel=\"nofollow noopener\" target=\"_blank\">mod\u00e8le concurrent de Samsung<\/a> se fait toujours attendre sous le probable nom de G Fold (ou de <a href=\"https:\/\/www.lesnumeriques.com\/telephone-portable\/avant-meme-son-annonce-le-samsung-galaxy-g-fold-a-un-nouveau-nom-n240008.html\" title=\"Avant m\u00eame son annonce, le Samsung Galaxy G Fold a un nouveau nom\" rel=\"nofollow noopener\" target=\"_blank\">Galaxy Z TriFold<\/a>), la marque chinoise renouvelle son <a href=\"https:\/\/www.lesnumeriques.com\/telephone-portable\/huawei-mate-xt-un-plan-a-trois-technologique-pour-un-smartphone-qui-pese-n226844.html\" title=\"Huawei Mate XT : un smartphone qui se plie en trois pour mieux plaire\" rel=\"nofollow noopener\" target=\"_blank\">Mate XT<\/a>, lanc\u00e9 en Chine il y a tout juste un an. Ne nous leurrons pas : le successeur de ce mobile\u00a0\u00ab\u00a0tri-fold\u00a0\u00bb n\u2019a presque aucune chance d\u2019atteindre les rayonnages europ\u00e9ens. Mais il a le m\u00e9rite de nous montrer ce que l\u2019on peut esp\u00e9rer de ce march\u00e9 naissant et pour le moins prometteur.<\/p>\n<p class=\"ed__a-p ed__bdy__l\"><img loading=\"lazy\" decoding=\"async\" src=\"data:image\/svg+xml,%3Csvg xmlns='http:\/\/www.w3.org\/2000\/svg'%3E%3C\/svg%3E\" draggable=\"false\" width=\"1542\" height=\"728\" class=\"ed__title-xxs\" alt=\"Huawei Mate XTs\" style=\"background-color: #f2f2f2; aspect-ratio:1542\/728;\"\/><\/p>\n<p>            Publicit\u00e9, votre contenu continue ci-dessous<\/p>\n<p>        Publicit\u00e9<\/p>\n<p class=\"ed__a-p ed__bdy__l\">Le successeur du Mate XT prend le nom de Mate XTs, et fait en r\u00e9alit\u00e9 figure de rafra\u00eechissement d\u2019un mod\u00e8le d\u00e9j\u00e0 abouti. Ses caract\u00e9ristiques physiques ne varient pas, de son \u00e9cran int\u00e9rieur Oled de 10,2 pouces une fois d\u00e9ploy\u00e9, \u00e0 son \u00e9cran externe de 6,4 pouces (ou 7,9 pouces, lorsque deux sections de l\u2019\u00e9cran sont utilis\u00e9es), en passant par son \u00e9paisseur de 12,8 mm lorsqu\u2019il est enti\u00e8rement pli\u00e9, et par par son poids de 298 g.<\/p>\n<p class=\"ed__a-p ed__bdy__l\"><img loading=\"lazy\" decoding=\"async\" src=\"data:image\/svg+xml,%3Csvg xmlns='http:\/\/www.w3.org\/2000\/svg'%3E%3C\/svg%3E\" draggable=\"false\" width=\"1624\" height=\"1200\" class=\"ed__title-xxs\" alt=\"Huawei Mate XTs\" style=\"background-color: #f2f2f2; aspect-ratio:1624\/1200;\"\/><\/p>\n<p>Nouveau chipset, nouveau capteur photo, nouveau stylet<\/p>\n<p class=\"ed__a-p ed__bdy__l\">Ce qui change donc n\u2019est pas visible \u00e0 l\u2019\u0153il nu : Huawei inaugure une nouvelle puce \u00e0 l\u2019occasion de la pr\u00e9sentation du Mate XTs, \u00e0 savoir le Kirin 9020, accompagn\u00e9 par 16 Go de RAM. Le chipset succ\u00e8de au Kirin 9010 du Mate XT, et s\u2019annonce l\u00e9g\u00e8rement plus puissant. Au rayon des changements, on note \u00e9galement que le module photo ultra grand-angle de l\u2019appareil affiche d\u00e9sormais une d\u00e9finition de 40 m\u00e9gapixels, contre 12 Mpx sur le Mate XT.<\/p>\n<p class=\"ed__a-p ed__bdy__l\"><img loading=\"lazy\" decoding=\"async\" src=\"data:image\/svg+xml,%3Csvg xmlns='http:\/\/www.w3.org\/2000\/svg'%3E%3C\/svg%3E\" draggable=\"false\" width=\"1284\" height=\"639\" class=\"ed__title-xxs\" alt=\"Huawei Mate XTs\" style=\"background-color: #f2f2f2; aspect-ratio:1284\/639;\"\/><\/p>\n<p class=\"ed__a-p ed__bdy__l\">Derni\u00e8re nouveaut\u00e9, et pas des moindres : le Mate XTs est compatible avec un stylet. Une option somme toute logique pour un smartphone jouant les tablettes, et autorisant par l\u00e0 m\u00eame une prise de notes confortable ; le Mate XT en \u00e9tait pourtant d\u00e9pourvu.<\/p>\n<p class=\"ed__a-p ed__bdy__l\">Toujours positionn\u00e9 sur un segment ultra-premium qui se traduit par des prix atteignant des sommets, le Mate XTs est annonc\u00e9 \u00e0 partir de 17 999 yuans en version 16\/256 Go, tandis que sa version 16 Go\/1 To s\u2019envole jusqu\u2019\u00e0 21 999 yuans, soit 2 165 et 2 645 \u20ac\u2026 hors taxes et frais d\u2019importations.<\/p>\n<p>            Publicit\u00e9, votre contenu continue ci-dessous<\/p>\n<p>        Publicit\u00e9<\/p>\n<p class=\"ed__a-p ed__bdy__l\">Les Num\u00e9riques s\u2019installe \u00e0 Beaugrenelle Paris pour <a href=\"https:\/\/www.lesnumeriques.com\/evenement\/les-jours-les-plus-tech-2025.html\" rel=\"nofollow noopener\" target=\"_blank\">Les Jours Les Plus Tech<\/a> : d\u00e9monstrations de produits, conseils d\u2019usage ou d\u2019achat, \u00e9changes avec nos journalistes\u2026D\u00e9couvrez le programme complet <a href=\"https:\/\/www.lesnumeriques.com\/evenement\/les-jours-les-plus-tech-2025.html\" rel=\"nofollow noopener\" target=\"_blank\">ici<\/a>.<\/p>\n","protected":false},"excerpt":{"rendered":"Huawei n\u2019en a pas fini avec son smartphone pliant en trois parties. Alors que le mod\u00e8le concurrent de&hellip;\n","protected":false},"author":2,"featured_media":366278,"comment_status":"","ping_status":"","sticky":false,"template":"","format":"standard","meta":{"footnotes":""},"categories":[7],"tags":[1011,27,43,40,41,39,42,44],"class_list":{"0":"post-366277","1":"post","2":"type-post","3":"status-publish","4":"format-standard","5":"has-post-thumbnail","7":"category-sciences-et-technologies","8":"tag-fr","9":"tag-france","10":"tag-science","11":"tag-science-and-technology","12":"tag-sciences","13":"tag-sciences-et-technologies","14":"tag-technologies","15":"tag-technology"},"share_on_mastodon":{"url":"https:\/\/pubeurope.com\/@fr\/115147387941606658","error":""},"_links":{"self":[{"href":"https:\/\/www.europesays.com\/fr\/wp-json\/wp\/v2\/posts\/366277","targetHints":{"allow":["GET"]}}],"collection":[{"href":"https:\/\/www.europesays.com\/fr\/wp-json\/wp\/v2\/posts"}],"about":[{"href":"https:\/\/www.europesays.com\/fr\/wp-json\/wp\/v2\/types\/post"}],"author":[{"embeddable":true,"href":"https:\/\/www.europesays.com\/fr\/wp-json\/wp\/v2\/users\/2"}],"replies":[{"embeddable":true,"href":"https:\/\/www.europesays.com\/fr\/wp-json\/wp\/v2\/comments?post=366277"}],"version-history":[{"count":0,"href":"https:\/\/www.europesays.com\/fr\/wp-json\/wp\/v2\/posts\/366277\/revisions"}],"wp:featuredmedia":[{"embeddable":true,"href":"https:\/\/www.europesays.com\/fr\/wp-json\/wp\/v2\/media\/366278"}],"wp:attachment":[{"href":"https:\/\/www.europesays.com\/fr\/wp-json\/wp\/v2\/media?parent=366277"}],"wp:term":[{"taxonomy":"category","embeddable":true,"href":"https:\/\/www.europesays.com\/fr\/wp-json\/wp\/v2\/categories?post=366277"},{"taxonomy":"post_tag","embeddable":true,"href":"https:\/\/www.europesays.com\/fr\/wp-json\/wp\/v2\/tags?post=366277"}],"curies":[{"name":"wp","href":"https:\/\/api.w.org\/{rel}","templated":true}]}}