{"id":366279,"date":"2025-09-04T18:14:10","date_gmt":"2025-09-04T18:14:10","guid":{"rendered":"https:\/\/www.europesays.com\/fr\/366279\/"},"modified":"2025-09-04T18:14:10","modified_gmt":"2025-09-04T18:14:10","slug":"pourquoi-une-prise-de-controle-de-la-fed-par-donald-trump-fait-elle-aussi-peur-aux-economistes","status":"publish","type":"post","link":"https:\/\/www.europesays.com\/fr\/366279\/","title":{"rendered":"Pourquoi une prise de contr\u00f4le de la Fed par Donald Trump fait-elle aussi peur aux \u00e9conomistes ?"},"content":{"rendered":"<p><strong>D\u00c9CRYPTAGE &#8211;<\/strong> En s\u2019attaquant \u00e0 l\u2019ind\u00e9pendance de la R\u00e9serve f\u00e9d\u00e9rale, Donald Trump met en p\u00e9ril le fonctionnement de la principale institution mon\u00e9taire du globe. Au risque d\u2019\u00e9branler le syst\u00e8me financier international.<\/p>\n<p class=\"fig-paragraph\">C\u2019est \u00abl\u2019\u00e9quilibre de l\u2019\u00e9conomie am\u00e9ricaine\u00bb, et donc celui de l\u2019\u00e9conomie mondiale, qui est menac\u00e9. Tel est, en substance, l\u2019avertissement lanc\u00e9 lundi par\u00a0<a href=\"http:\/\/www.lefigaro.fr\/conjoncture\/christine-lagarde-alerte-sur-un-danger-tres-serieux-si-trump-prenait-le-controle-de-la-politique-monetaire-americaine-20250901\" data-fig-type=\"NewsFlash\" data-gtm-custom-categorie=\"navigation\" data-gtm-custom-action=\"crossclick\" data-gtm-custom-label=\"Contextuel\" data-gtm-event=\"customEventSPE\" data-fig-domain=\"LEFIGARO\" rel=\"nofollow noopener\" target=\"_blank\">Christine Lagarde<\/a>, pr\u00e9sidente de la Banque centrale europ\u00e9enne (BCE), qui d\u00e9finissait comme un \u00abdanger tr\u00e8s s\u00e9rieux\u00bb les tentatives de Donald Trump de soumettre la R\u00e9serve f\u00e9d\u00e9rale (Fed) \u00e0 son agenda politique. Depuis, les mises en garde se sont multipli\u00e9es\u00a0:\u00a0<a href=\"http:\/\/www.lefigaro.fr\/conjoncture\/nous-devons-defendre-l-independance-des-banques-centrales-estime-le-gouverneur-de-la-banque-de-france-20250903\" data-fig-type=\"NewsFlash\" data-gtm-custom-categorie=\"navigation\" data-gtm-custom-action=\"crossclick\" data-gtm-custom-label=\"Contextuel\" data-gtm-event=\"customEventSPE\" data-fig-domain=\"LEFIGARO\" rel=\"nofollow noopener\" target=\"_blank\">Fran\u00e7ois Villeroy\u00a0de\u00a0Galhau<\/a>, gouverneur de la Banque de France, a appel\u00e9 mercredi \u00e0 \u00abd\u00e9fendre l\u2019ind\u00e9pendance des banques centrales\u00bb, tandis qu\u2019Andrew Bailey, son homologue britannique, se disait \u00abtr\u00e8s pr\u00e9occup\u00e9\u00bb par les attaques visant l\u2019institution am\u00e9ricaine. Mais quels risques concrets p\u00e8sent sur le syst\u00e8me financier mondial\u00a0? Et pourquoi les coups de boutoir de Donald Trump inqui\u00e8tent-ils autant les \u00e9conomistes\u00a0?<\/p>\n<p class=\"fig-premium-paywall__infos\">\n        Cet article est r\u00e9serv\u00e9 aux abonn\u00e9s.        Il vous reste 89% \u00e0 d\u00e9couvrir.\n    <\/p>\n<p>                <img  data- alt=\"Le Figaro\" class=\"fig-img--complete fig-img\"\/><\/p>\n<p class=\"fig-premium-paywall__title\">Vente Flash<\/p>\n<p class=\"fig-premium-paywall__subtitle\">4,99\u20ac par mois pendant 12 mois. Sans engagement<\/p>\n<p class=\"fig-premium-paywall__connect\">\n                D\u00e9j\u00e0 abonn\u00e9\u00a0?                <a class=\"fig-premium-paywall__connect-link\" href=\"https:\/\/connect.lefigaro.fr\/login?client=horizon_web&amp;type=main&amp;redirect_uri=https%3A%2F%2Fwww.lefigaro.fr%2Fconjoncture%2Fpourquoi-une-prise-de-controle-de-la-fed-par-donald-trump-fait-elle-aussi-peur-aux-economistes-20250904\" data-js-gtm=\"{&quot;customCategorie&quot;: &quot;conversion&quot;, &quot;customAction&quot;: &quot;before_Landing_Connexion_paywall_manuel&quot;, &quot;customLabel&quot;: &quot;bGVmaWdhcm8uZnJfXzFmMDg4ZWYwLTZlYzYtNmZiMC1hODExLTI5NjFkMDUxZWUzMV9fQXJ0aWNsZQ==_Pourquoi une prise de contr\u00f4le de la Fed par Donald Trump fait-elle aussi peur aux \u00e9conomistes\u00a0?_1612&quot;, &quot;customIDSPE&quot;: &quot;bGVmaWdhcm8uZnJfXzFmMDg4ZWYwLTZlYzYtNmZiMC1hODExLTI5NjFkMDUxZWUzMV9fQXJ0aWNsZQ==&quot;, &quot;event&quot;: &quot;customEventSPE&quot;}\" rel=\"nofollow noopener\" target=\"_blank\"><br \/>\n                    Connectez-vous<br \/>\n                <\/a>\n            <\/p>\n","protected":false},"excerpt":{"rendered":"D\u00c9CRYPTAGE &#8211; En s\u2019attaquant \u00e0 l\u2019ind\u00e9pendance de la R\u00e9serve f\u00e9d\u00e9rale, Donald Trump met en p\u00e9ril le fonctionnement de&hellip;\n","protected":false},"author":2,"featured_media":366280,"comment_status":"","ping_status":"","sticky":false,"template":"","format":"standard","meta":{"footnotes":""},"categories":[6],"tags":[35,75,33,34,7512,1011,27],"class_list":{"0":"post-366279","1":"post","2":"type-post","3":"status-publish","4":"format-standard","5":"has-post-thumbnail","7":"category-economie","8":"tag-business","9":"tag-donald-trump","10":"tag-economie","11":"tag-economy","12":"tag-fed","13":"tag-fr","14":"tag-france"},"share_on_mastodon":{"url":"https:\/\/pubeurope.com\/@fr\/115147391881262969","error":""},"_links":{"self":[{"href":"https:\/\/www.europesays.com\/fr\/wp-json\/wp\/v2\/posts\/366279","targetHints":{"allow":["GET"]}}],"collection":[{"href":"https:\/\/www.europesays.com\/fr\/wp-json\/wp\/v2\/posts"}],"about":[{"href":"https:\/\/www.europesays.com\/fr\/wp-json\/wp\/v2\/types\/post"}],"author":[{"embeddable":true,"href":"https:\/\/www.europesays.com\/fr\/wp-json\/wp\/v2\/users\/2"}],"replies":[{"embeddable":true,"href":"https:\/\/www.europesays.com\/fr\/wp-json\/wp\/v2\/comments?post=366279"}],"version-history":[{"count":0,"href":"https:\/\/www.europesays.com\/fr\/wp-json\/wp\/v2\/posts\/366279\/revisions"}],"wp:featuredmedia":[{"embeddable":true,"href":"https:\/\/www.europesays.com\/fr\/wp-json\/wp\/v2\/media\/366280"}],"wp:attachment":[{"href":"https:\/\/www.europesays.com\/fr\/wp-json\/wp\/v2\/media?parent=366279"}],"wp:term":[{"taxonomy":"category","embeddable":true,"href":"https:\/\/www.europesays.com\/fr\/wp-json\/wp\/v2\/categories?post=366279"},{"taxonomy":"post_tag","embeddable":true,"href":"https:\/\/www.europesays.com\/fr\/wp-json\/wp\/v2\/tags?post=366279"}],"curies":[{"name":"wp","href":"https:\/\/api.w.org\/{rel}","templated":true}]}}