{"id":366281,"date":"2025-09-04T18:15:11","date_gmt":"2025-09-04T18:15:11","guid":{"rendered":"https:\/\/www.europesays.com\/fr\/366281\/"},"modified":"2025-09-04T18:15:11","modified_gmt":"2025-09-04T18:15:11","slug":"16-morts-rupture-dun-cable-ce-que-lon-sait-de-laccident-liberation","status":"publish","type":"post","link":"https:\/\/www.europesays.com\/fr\/366281\/","title":{"rendered":"16 morts, rupture d\u2019un c\u00e2ble\u2026 Ce que l\u2019on sait de l\u2019accident \u2013 Lib\u00e9ration"},"content":{"rendered":"<p class=\"sc-cPiKLX AiZTS text-element\">Le Portugal observe ce jeudi 4 septembre une journ\u00e9e de deuil national, au lendemain <a href=\"https:\/\/www.liberation.fr\/international\/europe\/portugal-au-moins-trois-morts-dans-le-deraillement-du-funiculaire-emblematique-de-lisbonne-20250903_JVBEPO267VF4ZFLPTD6OVNQ6NY\/\" target=\"_blank\" rel=\"nofollow noopener\" title=\"https:\/\/www.liberation.fr\/international\/europe\/portugal-au-moins-trois-morts-dans-le-deraillement-du-funiculaire-emblematique-de-lisbonne-20250903_JVBEPO267VF4ZFLPTD6OVNQ6NY\/\">du d\u00e9raillement mortel d\u2019un funiculaire de Lisbonne<\/a>. C\u2019est \u00abune trag\u00e9die qui ne s\u2019\u00e9tait jamais produite dans notre ville\u00bb, a r\u00e9agi le maire de Lisbonne, Carlos Moedas. Les enqu\u00eateurs cherchent encore \u00e0 d\u00e9terminer les causes du drame. <\/p>\n<p class=\"sc-cPiKLX AiZTS text-element\">Mercredi peu apr\u00e8s 18 heures, le wagon du c\u00e9l\u00e8bre funiculaire de Gloria reliait la place du Rossio aux quartiers du Bairro Alto et du Principe Real, dans un des quartiers ultratouristiques de la capitale portugaise. Mais alors qu\u2019il circulait dans le sens descendant, il a subitement acc\u00e9l\u00e9r\u00e9.<\/p>\n<p class=\"sc-cPiKLX AiZTS text-element\">Une t\u00e9moin de l\u2019accident a d\u00e9clar\u00e9 \u00e0 la cha\u00eene SIC avoir vu le funiculaire descendre \u00ab\u00e0 toute vitesse\u00bb sur la pente abrupte o\u00f9 il circule quotidiennement, avant de heurter un immeuble : \u00abIl a percut\u00e9 un b\u00e2timent avec une force brutale et s\u2019est effondr\u00e9 comme une bo\u00eete en carton, il n\u2019avait aucun frein\u00bb, a racont\u00e9 cette femme. <\/p>\n<p class=\"sc-cPiKLX AiZTS text-element\">Des images sur les r\u00e9seaux sociaux montrent le funiculaire totalement disloqu\u00e9 appara\u00eetre, contre un mur et dans un nuage de fum\u00e9e, apr\u00e8s n\u2019avoir apparemment pas pris le virage en bas de la rue qu\u2019il empruntait.<\/p>\n<p class=\"sc-cPiKLX AiZTS text-element\">Un important rassemblement de pompiers, police et services d\u2019urgences m\u00e9dicales a \u00e9t\u00e9 d\u00e9ploy\u00e9 toute la soir\u00e9e au milieu de la rue tr\u00e8s pentue o\u00f9 se trouvait le wagon, tomb\u00e9 sur le flanc et tr\u00e8s endommag\u00e9.<\/p>\n<p class=\"sc-cPiKLX AiZTS text-element\">D\u2019apr\u00e8s le site des Monuments nationaux, le funiculaire de Gloria a \u00e9t\u00e9 construit par l\u2019ing\u00e9nieur franco-portugais Raoul Mesnier du Ponsard, et inaugur\u00e9 en 1885. Il a \u00e9t\u00e9 \u00e9lectrifi\u00e9 \u00e0 partir de 1915. L\u2019ascenseur, d\u2019une capacit\u00e9 d\u2019une quarantaine de passagers (dont la moiti\u00e9 debout), est un moyen de transport tr\u00e8s appr\u00e9ci\u00e9 des nombreux touristes qui visitent la capitale portugaise.<\/p>\n<p class=\"sc-cPiKLX AiZTS text-element\">L\u2019accident a fait au moins 16 morts et 21 bless\u00e9s, selon le Premier ministre. Les pr\u00e9c\u00e9dents bilans avait fait \u00e9tat ce jeudi de 15, puis de 17 morts. Cinq Portugais, deux Cor\u00e9ens et un Suisse font partie des morts d\u00e9j\u00e0 identifi\u00e9s, a annonc\u00e9 le parquet dans l\u2019apr\u00e8s-midi. D\u2019apr\u00e8s une source polici\u00e8re, on compte parmi le reste des nationalit\u00e9s identifi\u00e9es deux Canadiens, un Am\u00e9ricain, un Allemand et un Ukrainien \u00abprobablement\u00bb.  <\/p>\n<p class=\"sc-cPiKLX AiZTS text-element\">Parmi les bless\u00e9s, se trouve une ressortissante fran\u00e7aise, a fait savoir le minist\u00e8re des Affaires \u00e9trang\u00e8res ce jeudi, sans qu\u2019on ne sache encore son \u00e9tat de sant\u00e9 exact. <\/p>\n<p class=\"sc-cPiKLX AiZTS text-element\">Selon la responsable de la protection civile municipale de la capitale portugaise, Margarida Castro, au moins 10 autres \u00e9trangers figurent aussi parmi les bless\u00e9s, dont deux Allemands, deux Espagnols, un Italien, un Suisse, un Canadien, un Cor\u00e9en, un Marocain et un Cap-verdien. <\/p>\n<p class=\"sc-cPiKLX AiZTS text-element\">Si on ignore encore les causes du drame, les soup\u00e7ons se sont vite port\u00e9s sur un possible mat\u00e9riel d\u00e9fectueux dans le wagon. La soci\u00e9t\u00e9 qui g\u00e8re les transports de la capitale portugaise, la Carris, a imm\u00e9diatement r\u00e9agi en assurant que \u00abtous les protocoles d\u2019entretien\u00bb avaient \u00e9t\u00e9 effectu\u00e9s, \u00abnotamment la maintenance g\u00e9n\u00e9rale, r\u00e9alis\u00e9e tous les quatre ans et effectu\u00e9e en 2022, la maintenance interm\u00e9diaire, r\u00e9alis\u00e9e tous les deux ans, la derni\u00e8re ayant \u00e9t\u00e9 r\u00e9alis\u00e9e en 2024\u00bb. <\/p>\n<p class=\"sc-cPiKLX AiZTS text-element\">\u00abJe peux garantir que la s\u00e9curit\u00e9 est une priorit\u00e9 absolue de la Carris depuis 152 ans et que nous serons intraitables dans la recherche des causes et des responsabilit\u00e9s de cet accident\u00bb, a promis lors d\u2019une conf\u00e9rence de presse Pedro de Brito Boga, le patron de Carris, gestionnaire des transports de la capitale portugaise. <a href=\"https:\/\/www.publico.pt\/2025\/09\/04\/local\/noticia\/sabe-ate-acidente-elevador-gloria-2145951\" target=\"_blank\" rel=\"nofollow noopener\" title=\"https:\/\/www.publico.pt\/2025\/09\/04\/local\/noticia\/sabe-ate-acidente-elevador-gloria-2145951\">Selon le quotidien portugais P\u00fablico<\/a>, c\u2019est la rupture d\u2019un c\u00e2ble de s\u00e9curit\u00e9 qui a provoqu\u00e9 le d\u00e9raillement de la cabine jaune \u2013 une hypoth\u00e8se que le patron de Carris n\u2019a pas confirm\u00e9e en fin d\u2019apr\u00e8s-midi, laissant le soin \u00e0 l\u2019enqu\u00eate en cours de le d\u00e9terminer. Aucune piste n\u2019est \u00abexclue\u00bb, a de son c\u00f4t\u00e9 indiqu\u00e9 la police portugaise. <\/p>\n<p class=\"sc-cPiKLX AiZTS text-element\">Sur les lieux du drame, Pedro Bogas, a reconnu que l\u2019entretien de ces v\u00e9hicules \u00e9tait assur\u00e9 par un prestataire externe depuis quatorze ans sans fournir davantage d\u2019explications. \u00abDes programmes de maintenance mensuelle, hebdomadaire et d\u2019inspection quotidienne ont \u00e9t\u00e9 scrupuleusement respect\u00e9s\u00bb, a toutefois assur\u00e9 la soci\u00e9t\u00e9, pr\u00e9cisant avoir ouvert une enqu\u00eate conjointement avec les autorit\u00e9s pour d\u00e9terminer les causes du drame. <\/p>\n<p class=\"sc-cPiKLX AiZTS text-element\">L\u2019Autorit\u00e9 de mobilit\u00e9 et de transport portugaise a de son c\u00f4t\u00e9 annonc\u00e9 qu\u2019elle contr\u00f4lera dans les prochains jours le bon fonctionnement des machines, tandis que la justice a annonc\u00e9 l\u2019ouverture d\u2019une enqu\u00eate.<\/p>\n<p class=\"sc-cPiKLX AiZTS text-element\">La mairie lisbo\u00e8te a par ailleurs d\u00e9cid\u00e9 de suspendre le fonctionnement des trois autres funiculaires de la ville, a annonc\u00e9 ce jeudi une responsable des secours municipaux, \u00abpour v\u00e9rification de leurs conditions de fonctionnement et de leur s\u00e9curit\u00e9\u00bb. Aucune date de remise en circulation n\u2019a encore \u00e9t\u00e9 annonc\u00e9e. <\/p>\n<p class=\"sc-cPiKLX AiZTS text-element\">En 140 ans d\u2019existence, c\u2019est la deuxi\u00e8me fois que le funiculaire de Gloria d\u00e9raille. Un wagon avait quitt\u00e9 les rails le 7 mai 2018. Mais il ne s\u2019\u00e9tait heureusement pas renvers\u00e9, se contentant de finir sa course sur les pav\u00e9s et aucun bless\u00e9 n\u2019avait \u00e9t\u00e9 d\u00e9plor\u00e9. D\u2019apr\u00e8s les investigations qu\u2019avait men\u00e9es ensuite le m\u00e9dia portugais <a href=\"https:\/\/www.publico.pt\/2018\/05\/17\/local\/noticia\/o-elevador-da-gloria-descarrilou-e-ninguem-disse-nada-1830288\" target=\"_blank\" rel=\"noreferrer nofollow noopener\" title=\"https:\/\/www.publico.pt\/2018\/05\/17\/local\/noticia\/o-elevador-da-gloria-descarrilou-e-ninguem-disse-nada-1830288\">Publico<\/a>, l\u2019incident avait eu pour origine un \u00abgrave d\u00e9faut d\u2019entretien\u00bb. Des essieux en \u00abmauvais \u00e9tat\u00bb s\u2019\u00e9taient ajout\u00e9s \u00e0 des roues dont l\u2019usure \u00e9tait \u00abvisible \u00e0 l\u2019\u0153il nu\u00bb, rapporte le journal. <\/p>\n<p class=\"sc-cPiKLX AiZTS text-element\">L\u2019entretien avait ensuite n\u00e9cessit\u00e9 une interruption de service d\u2019un mois. Aupr\u00e8s de Publico, l\u2019entreprise Carris avait avanc\u00e9 \u00abune anomalie technique\u00bb pour justifier le d\u00e9raillement, et promis que \u00ables conditions de s\u00e9curit\u00e9 et de fonctionnement seraient parfaites pour les deux ann\u00e9es \u00e0 venir\u00bb. <\/p>\n<p class=\"sc-cPiKLX AiZTS text-element\">En France, le funiculaire de Montmartre, \u00e0 Paris, avait connu un incident le 7 d\u00e9cembre 2006. Lors de tests men\u00e9s par la RATP sur le syst\u00e8me de freinage, l\u2019une des deux cabines s\u2019\u00e9tait d\u00e9tach\u00e9e et s\u2019\u00e9tait \u00e9cras\u00e9e, heureusement \u00e0 vide. <\/p>\n<p class=\"sc-cPiKLX AiZTS text-element\">En revanche, la catastrophe du funiculaire de Kaprun, dans les Alpes autrichiennes, avait caus\u00e9 la mort de 155 personnes le 11 novembre 2000. A la suite d\u2019une d\u00e9faillance m\u00e9canique, un incendie s\u2019\u00e9tait d\u00e9clar\u00e9 dans le tunnel emprunt\u00e9 par le funiculaire pi\u00e9geant les passagers. <\/p>\n<p class=\"sc-cPiKLX AiZTS text-element\"><b>Mise \u00e0 jour <\/b>\u00e0 18 h 50 avec la nationalit\u00e9 des victimes et l\u2019hypoth\u00e8se de la rupture d\u2019un c\u00e2ble de s\u00e9curit\u00e9. <\/p>\n","protected":false},"excerpt":{"rendered":"Le Portugal observe ce jeudi 4 septembre une journ\u00e9e de deuil national, au lendemain du d\u00e9raillement mortel d\u2019un&hellip;\n","protected":false},"author":2,"featured_media":366282,"comment_status":"","ping_status":"","sticky":false,"template":"","format":"standard","meta":{"footnotes":""},"categories":[5],"tags":[11,1011,27,14,12,6996,28],"class_list":{"0":"post-366281","1":"post","2":"type-post","3":"status-publish","4":"format-standard","5":"has-post-thumbnail","7":"category-international","8":"tag-actualites","9":"tag-fr","10":"tag-france","11":"tag-international","12":"tag-news","13":"tag-portugal","14":"tag-world"},"share_on_mastodon":{"url":"https:\/\/pubeurope.com\/@fr\/115147395997714842","error":""},"_links":{"self":[{"href":"https:\/\/www.europesays.com\/fr\/wp-json\/wp\/v2\/posts\/366281","targetHints":{"allow":["GET"]}}],"collection":[{"href":"https:\/\/www.europesays.com\/fr\/wp-json\/wp\/v2\/posts"}],"about":[{"href":"https:\/\/www.europesays.com\/fr\/wp-json\/wp\/v2\/types\/post"}],"author":[{"embeddable":true,"href":"https:\/\/www.europesays.com\/fr\/wp-json\/wp\/v2\/users\/2"}],"replies":[{"embeddable":true,"href":"https:\/\/www.europesays.com\/fr\/wp-json\/wp\/v2\/comments?post=366281"}],"version-history":[{"count":0,"href":"https:\/\/www.europesays.com\/fr\/wp-json\/wp\/v2\/posts\/366281\/revisions"}],"wp:featuredmedia":[{"embeddable":true,"href":"https:\/\/www.europesays.com\/fr\/wp-json\/wp\/v2\/media\/366282"}],"wp:attachment":[{"href":"https:\/\/www.europesays.com\/fr\/wp-json\/wp\/v2\/media?parent=366281"}],"wp:term":[{"taxonomy":"category","embeddable":true,"href":"https:\/\/www.europesays.com\/fr\/wp-json\/wp\/v2\/categories?post=366281"},{"taxonomy":"post_tag","embeddable":true,"href":"https:\/\/www.europesays.com\/fr\/wp-json\/wp\/v2\/tags?post=366281"}],"curies":[{"name":"wp","href":"https:\/\/api.w.org\/{rel}","templated":true}]}}