{"id":366283,"date":"2025-09-04T18:16:11","date_gmt":"2025-09-04T18:16:11","guid":{"rendered":"https:\/\/www.europesays.com\/fr\/366283\/"},"modified":"2025-09-04T18:16:11","modified_gmt":"2025-09-04T18:16:11","slug":"les-organisateurs-publient-un-long-message-dexcuse-envers-les-sinistres","status":"publish","type":"post","link":"https:\/\/www.europesays.com\/fr\/366283\/","title":{"rendered":"Les organisateurs publient un long message d\u2019excuse envers les sinistr\u00e9s"},"content":{"rendered":"<p>Le long message est repris par les communaut\u00e9s de la <a href=\"https:\/\/www.20minutes.fr\/dossier\/rave\" class=\"c-link c-link--is-underlined\" target=\"_blank\" rel=\"noopener\">rave<\/a>-party, ce qui semble attester de son authenticit\u00e9, notamment par le collectif Bass Expression. Pendant un peu plus de quatre jours, du vendredi 29\u00a0ao\u00fbt au soir jusqu\u2019au mardi 2\u00a0septembre, la free party \u00ab\u00a0From Dusk Till Dawn\u00a0\u00bb s\u2019est install\u00e9e au c\u0153ur des Corbi\u00e8res, dans l\u2019<a href=\"https:\/\/www.20minutes.fr\/societe\/aude\/\" class=\"c-link c-link--is-underlined\" target=\"_blank\" rel=\"noopener\">Aude<\/a>. Sur le site touch\u00e9 quelques semaines plus t\u00f4t par un <a href=\"https:\/\/www.20minutes.fr\/dossier\/incendie\" class=\"c-link c-link--is-underlined\" target=\"_blank\" rel=\"noopener\">incendie <\/a>meurtrier, l\u2019un des plus importants de ces 50 derni\u00e8res ann\u00e9es en France.<\/p>\n<p>La manifestation a entra\u00een\u00e9 la \u00ab\u00a0consternation\u00a0\u00bb des habitants qui pour certains ont tout perdu lors de ces feux. Et l\u2019annonce par le <a href=\"https:\/\/www.20minutes.fr\/dossier\/ministre_de_l_interieur\" class=\"c-link c-link--is-underlined\" target=\"_blank\" rel=\"noopener\">ministre de l\u2019Int\u00e9rieur<\/a> <a href=\"https:\/\/www.20minutes.fr\/dossier\/bruno_retailleau\" class=\"c-link c-link--is-underlined\" target=\"_blank\" rel=\"noopener\">Bruno Retailleau <\/a>de sa volont\u00e9 de durcir la l\u00e9gislation concernant les organisateurs et surtout les participants \u00e0 ces raves.<\/p>\n<p class=\"mb-xxl@xs color-ultramarine font-weight-semi-bold@xs font-source-serif-pro heading-s@xs\">L\u2019acc\u00e8s \u00e0 ce contenu a \u00e9t\u00e9 bloqu\u00e9 afin de respecter votre choix de consentement<\/p>\n<p class=\"mb-m@xs text-l@xs\">En cliquant sur\u00ab J\u2019accepte \u00bb, vous acceptez le d\u00e9p\u00f4t de cookies par des services externes et aurez ainsi acc\u00e8s aux contenus de nos partenaires.<\/p>\n<p class=\"mb-xl@xs text-s@xs\">Plus d\u2019informations sur la page<a href=\"https:\/\/www.20minutes.fr\/gestion-cookies\" class=\"mx-xxs@xs color-ultramarine\" target=\"_blank\" rel=\"noopener\">Politique de gestion des cookies<\/a><\/p>\n<p>J\u2019accepte<\/p>\n<p>Dans leur communiqu\u00e9, les organisateurs se disent \u00ab\u00a0profond\u00e9ment d\u00e9sol\u00e9s d\u2019avoir bless\u00e9 les sentiments des personnes et des communaut\u00e9s touch\u00e9es par l\u2019incendie. Il n\u2019y a aucune excuse possible\u00a0: nous avons \u00e9t\u00e9 inconscients de l\u2019impact que nous pouvions &#8211; et que nous avons effectivement &#8211; caus\u00e9\u00a0\u00bb, \u00e9voque le texte. \u00ab\u00a0Nous pensions, \u00e0 tort, qu\u2019un endroit endommag\u00e9 causerait moins de pr\u00e9judice, nous avons provoqu\u00e9 exactement l\u2019inverse\u00a0\u00bb.<\/p>\n<p>Le milieu des teufeurs \u00e9tait lui-m\u00eame tr\u00e8s divis\u00e9 par cette rave organis\u00e9e semble-t-il par des organisateurs n\u00e9erlandais. Dans ce communiqu\u00e9, les organisateurs expliquent chercher \u00ab\u00a0une organisation appropri\u00e9e \u00e0 laquelle reverser les fonds collect\u00e9s\u00a0\u00bb et \u00ab\u00a0demandent pardon\u00a0\u00bb.<\/p>\n<\/p>\n<p>\u00ab\u00a0Ces f\u00eates naissent de la n\u00e9cessit\u00e9 de cr\u00e9er des espaces libres, en dehors du syst\u00e8me capitaliste ouverts et gratuits pour toutes et tous. Nous d\u00e9fendons la libert\u00e9 d\u2019expression\u00a0\u00bb, \u00e9voque le communiqu\u00e9, pour rappeler l\u2019esprit des rave-partys. \u00ab\u00a0Cet esprit ne doit pas \u00eatre oubli\u00e9, m\u00eame quand des erreurs \u2013 comme celles que nous reconnaissons aujourd\u2019hui \u2013 sont commises\u00a0\u00bb.<\/p>\n<p><a href=\"https:\/\/www.20minutes.fr\/dossier\/rave\" class=\"c-link c-btn c-btn--primary\" target=\"_blank\" rel=\"noopener\">Notre dossier sur les rave-partys<\/a><\/p>\n<p>Jusqu\u2019\u00e0 2.500 personnes ont particip\u00e9 \u00e0 cette manifestation, selon le d\u00e9compte de la pr\u00e9fecture de l\u2019Aude. Laquelle avait pr\u00e9cis\u00e9 que les forces de l\u2019ordre ont saisi du mat\u00e9riel technique et effectu\u00e9 \u00ab\u00a01.500 verbalisations\u00a0\u00bb.<\/p>\n","protected":false},"excerpt":{"rendered":"Le long message est repris par les communaut\u00e9s de la rave-party, ce qui semble attester de son authenticit\u00e9,&hellip;\n","protected":false},"author":2,"featured_media":366284,"comment_status":"","ping_status":"","sticky":false,"template":"","format":"standard","meta":{"footnotes":""},"categories":[4],"tags":[47,11,4086,1013,1011,27,1310,2681,7088,873,12,2680,38544,25,104],"class_list":{"0":"post-366283","1":"post","2":"type-post","3":"status-publish","4":"format-standard","5":"has-post-thumbnail","7":"category-france","8":"tag-actualite","9":"tag-actualites","10":"tag-aude","11":"tag-bruno-retailleau","12":"tag-fr","13":"tag-france","14":"tag-incendie","15":"tag-languedoc-roussillon","16":"tag-ministre-de-linterieur","17":"tag-musique","18":"tag-news","19":"tag-occitanie","20":"tag-rave","21":"tag-republique-francaise","22":"tag-societe"},"share_on_mastodon":{"url":"https:\/\/pubeurope.com\/@fr\/115147399734345481","error":""},"_links":{"self":[{"href":"https:\/\/www.europesays.com\/fr\/wp-json\/wp\/v2\/posts\/366283","targetHints":{"allow":["GET"]}}],"collection":[{"href":"https:\/\/www.europesays.com\/fr\/wp-json\/wp\/v2\/posts"}],"about":[{"href":"https:\/\/www.europesays.com\/fr\/wp-json\/wp\/v2\/types\/post"}],"author":[{"embeddable":true,"href":"https:\/\/www.europesays.com\/fr\/wp-json\/wp\/v2\/users\/2"}],"replies":[{"embeddable":true,"href":"https:\/\/www.europesays.com\/fr\/wp-json\/wp\/v2\/comments?post=366283"}],"version-history":[{"count":0,"href":"https:\/\/www.europesays.com\/fr\/wp-json\/wp\/v2\/posts\/366283\/revisions"}],"wp:featuredmedia":[{"embeddable":true,"href":"https:\/\/www.europesays.com\/fr\/wp-json\/wp\/v2\/media\/366284"}],"wp:attachment":[{"href":"https:\/\/www.europesays.com\/fr\/wp-json\/wp\/v2\/media?parent=366283"}],"wp:term":[{"taxonomy":"category","embeddable":true,"href":"https:\/\/www.europesays.com\/fr\/wp-json\/wp\/v2\/categories?post=366283"},{"taxonomy":"post_tag","embeddable":true,"href":"https:\/\/www.europesays.com\/fr\/wp-json\/wp\/v2\/tags?post=366283"}],"curies":[{"name":"wp","href":"https:\/\/api.w.org\/{rel}","templated":true}]}}