{"id":366287,"date":"2025-09-04T18:18:16","date_gmt":"2025-09-04T18:18:16","guid":{"rendered":"https:\/\/www.europesays.com\/fr\/366287\/"},"modified":"2025-09-04T18:18:16","modified_gmt":"2025-09-04T18:18:16","slug":"saint-etienne-1-700-eleves-ont-effectue-leur-rentree-au-groupe-scolaire-saint-paul","status":"publish","type":"post","link":"https:\/\/www.europesays.com\/fr\/366287\/","title":{"rendered":"Saint-\u00c9tienne. 1\u00a0700 \u00e9l\u00e8ves ont effectu\u00e9 leur rentr\u00e9e au groupe scolaire Saint-Paul"},"content":{"rendered":"<p>Comme chaque ann\u00e9e, les effectifs des classes au niveau coll\u00e8ge &#8211; lyc\u00e9e sont importants \u00e0 l\u2019Institut Saint-Paul, situ\u00e9 dans le centre-ville de Saint-\u00c9tienne depuis 1808. \u00ab\u00a0On est contraint par nos locaux, on aimerait des locaux suppl\u00e9mentaires mais on ne peut pas s\u2019\u00e9tendre car on est en centre-ville\u00a0\u00bb, confie Marie \u00c9lisabeth Bonnamour, cheffe d\u2019\u00e9tablissement coordinatrice de l\u2019Institut. Toutefois, l\u2019\u00e9tablissement enregistre les effets d\u2019une d\u00e9mographie nationale \u00e0 la baisse, observant une \u00ab\u00a0stagnation, mais pas une h\u00e9morragie\u00a0\u00bb notamment en ce qui concerne les&#8230;<\/p>\n","protected":false},"excerpt":{"rendered":"Comme chaque ann\u00e9e, les effectifs des classes au niveau coll\u00e8ge &#8211; lyc\u00e9e sont importants \u00e0 l\u2019Institut Saint-Paul, situ\u00e9&hellip;\n","protected":false},"author":2,"featured_media":366288,"comment_status":"","ping_status":"","sticky":false,"template":"","format":"standard","meta":{"footnotes":""},"categories":[9653],"tags":[1111,11,2430,3599,7539,1057,1777,674,1011,27,12,25,4001,7538],"class_list":{"0":"post-366287","1":"post","2":"type-post","3":"status-publish","4":"format-standard","5":"has-post-thumbnail","7":"category-saint-etienne","8":"tag-actu","9":"tag-actualites","10":"tag-auvergne-rhone-alpes","11":"tag-college-lycee","12":"tag-edition-loire-sud","13":"tag-education","14":"tag-eu","15":"tag-europe","16":"tag-fr","17":"tag-france","18":"tag-news","19":"tag-republique-francaise","20":"tag-saint-etienne","21":"tag-saint-etienne-ville"},"share_on_mastodon":{"url":"https:\/\/pubeurope.com\/@fr\/115147407706369869","error":""},"_links":{"self":[{"href":"https:\/\/www.europesays.com\/fr\/wp-json\/wp\/v2\/posts\/366287","targetHints":{"allow":["GET"]}}],"collection":[{"href":"https:\/\/www.europesays.com\/fr\/wp-json\/wp\/v2\/posts"}],"about":[{"href":"https:\/\/www.europesays.com\/fr\/wp-json\/wp\/v2\/types\/post"}],"author":[{"embeddable":true,"href":"https:\/\/www.europesays.com\/fr\/wp-json\/wp\/v2\/users\/2"}],"replies":[{"embeddable":true,"href":"https:\/\/www.europesays.com\/fr\/wp-json\/wp\/v2\/comments?post=366287"}],"version-history":[{"count":0,"href":"https:\/\/www.europesays.com\/fr\/wp-json\/wp\/v2\/posts\/366287\/revisions"}],"wp:featuredmedia":[{"embeddable":true,"href":"https:\/\/www.europesays.com\/fr\/wp-json\/wp\/v2\/media\/366288"}],"wp:attachment":[{"href":"https:\/\/www.europesays.com\/fr\/wp-json\/wp\/v2\/media?parent=366287"}],"wp:term":[{"taxonomy":"category","embeddable":true,"href":"https:\/\/www.europesays.com\/fr\/wp-json\/wp\/v2\/categories?post=366287"},{"taxonomy":"post_tag","embeddable":true,"href":"https:\/\/www.europesays.com\/fr\/wp-json\/wp\/v2\/tags?post=366287"}],"curies":[{"name":"wp","href":"https:\/\/api.w.org\/{rel}","templated":true}]}}