{"id":366289,"date":"2025-09-04T18:19:33","date_gmt":"2025-09-04T18:19:33","guid":{"rendered":"https:\/\/www.europesays.com\/fr\/366289\/"},"modified":"2025-09-04T18:19:33","modified_gmt":"2025-09-04T18:19:33","slug":"un-jeune-talent-signe-a-saint-etienne-off","status":"publish","type":"post","link":"https:\/\/www.europesays.com\/fr\/366289\/","title":{"rendered":"Un jeune talent signe \u00e0 Saint-Etienne (Off.)"},"content":{"rendered":"<p>\t\t\tAfficher l\u2019index Masquer l\u2019index <\/p>\n<p>Annonc\u00e9e la semaine derni\u00e8re, la signature d\u2019un jeune joueur \u00e0 l\u2019<strong>ASSE<\/strong> est maintenant officielle. Il est en provenance de <strong>Guidars FC<\/strong> (Mali).<\/p>\n<p>Mercato : Modibo Sissoko signe \u00e0 l\u2019ASSE\t<\/p>\n<p><a href=\"https:\/\/www.foot-sur7.fr\/692980-mercato-asse-un-milieu-malien-debarque-a-saint-etienne\" data-type=\"post\" data-id=\"692980\" rel=\"nofollow noopener\" target=\"_blank\">L\u2019ASSE s\u2019est offert les services de Modibo Sissoko<\/a>. Il arrive du Mali, pr\u00e9cis\u00e9ment de <strong>Guidars FC<\/strong>. Le milieu de terrain de 18 ans est pr\u00eat\u00e9 par le club malien pour une saison, mais avec une option d\u2019achat. Selon la pr\u00e9cision des St\u00e9phanois, il va d\u2019abord faire ses classes avec la R\u00e9serve. \u00ab Joueur d\u2019avenir, Modibo Sissoko s\u2019appr\u00eate donc \u00e0 poursuivre son d\u00e9veloppement avec l\u2019\u00e9quipe r\u00e9serve au sein du Centre sportif Robert-Herbin \u00bb, a indiqu\u00e9 l\u2019<strong>AS Saint-Etienne<\/strong> dans son communiqu\u00e9 officiel.<\/p>\n<p><strong>Lisez aussi : <a href=\"https:\/\/www.foot-sur7.fr\/693593-asse-romeyer-au-centre-dun-scandale-ksv-prend-position\" rel=\"nofollow noopener\" target=\"_blank\">ASSE : Romeyer au centre d\u2019un scandale, KSV prend position<\/a><\/strong><\/p>\n<p>Le jeune malien, form\u00e9 dans la c\u00e9l\u00e8bre <strong>acad\u00e9mie Jean-Marc Guillou<\/strong> de Bamako, a surtout tap\u00e9 dans l\u2019\u0153il des recruteurs avec la s\u00e9lection U17 du Mali, troisi\u00e8me au dernier Mondial U17.<br \/>Il est d\u00e9crit comme \u00ab un milieu de terrain au profil offensif, avec des qualit\u00e9s balle au pied \u00bb.<\/p>\n<blockquote class=\"twitter-tweet\" data-width=\"550\" data-dnt=\"true\">\n<p lang=\"fr\" dir=\"ltr\">Jeune international malien \ud83c\uddf2\ud83c\uddf1, Modibo Sissoko (18 ans) rejoint l\u2019AS Saint-\u00c9tienne ! <\/p>\n<p>Le milieu de terrain offensif pr\u00eat\u00e9 avec option d&rsquo;achat par le Guidars FC (Mali) \u00e9voluera d&rsquo;abord avec le groupe R\u00e9serve \ud83d\udc47<\/p>\n<p>\u2014 AS Saint-\u00c9tienne (@ASSEofficiel) <a href=\"https:\/\/twitter.com\/ASSEofficiel\/status\/1963602960656880083?ref_src=twsrc%5Etfw\" target=\"_blank\" rel=\"noopener nofollow\">September 4, 2025<\/a><\/p><\/blockquote>\n<p>ASSE : Modibo Sissoko vise d\u00e9j\u00e0 l\u2019\u00e9quipe professionnelle<\/p>\n<p>Dans ses premi\u00e8res d\u00e9clarations, <strong>Modibo Sissoko<\/strong> se montre ambitieux. \u00a0\u00bb Travailler dur, progresser chaque jour et aider l\u2019\u00e9quipe r\u00e9serve est mon projet avec l\u2019AS Saint-\u00c9tienne. Mon objectif \u00e0 plus long terme est aussi de pouvoir montrer toutes mes qualit\u00e9s pour m\u00e9riter ma chance \u00e0 l\u2019\u00e9chelon sup\u00e9rieur et un jour, int\u00e9grer l\u2019\u00e9quipe premi\u00e8re. Je vais tout faire pour\u00ab\u00a0, a-t-il d\u00e9clar\u00e9.<\/p>\n<p><a class=\"related-article simple\" href=\"https:\/\/www.foot-sur7.fr\/693675-info-mercato-larrivee-dhakim-ziyech-a-lom-compromise\" rel=\"nofollow noopener\" target=\"_blank\">\u00c0 voirINFO Mercato\u00a0: L\u2019arriv\u00e9e d\u2019Hakim Ziyech \u00e0 l\u2019OM compromise<\/a><\/p>\n<p><strong>Lisez aussi : <a href=\"https:\/\/www.foot-sur7.fr\/693623-mercato-asse-trabzonspor-bouchouari-vend-la-meche\" rel=\"nofollow noopener\" target=\"_blank\">Mercato ASSE : Trabzonspor, Bouchouari vend la m\u00e8che<\/a><\/strong><\/p>\n<p>Quant \u00e0 Lo\u00efc Perrin, directeur sportif de l\u2019<a href=\"https:\/\/www.foot-sur7.fr\/foot-saint-etienne\" data-type=\"link\" data-id=\"https:\/\/www.foot-sur7.fr\/foot-saint-etienne\" rel=\"nofollow noopener\" target=\"_blank\">ASSE<\/a>, il se f\u00e9licite du recrutement de la p\u00e9pite malienne : \u00ab\u00a0Nous sommes tr\u00e8s contents d\u2019accueillir Modibo au club. C\u2019est un jeune milieu de terrain \u00e0 vocation offensive et avec de vraies qualit\u00e9s techniques. Il a effectu\u00e9 un essai tr\u00e8s int\u00e9ressant et nous souhaitons continuer avec lui. Nous allons l\u2019accompagner pour lui permettre la meilleure adaptation possible afin qu\u2019il puisse exprimer pleinement son potentiel.\u00a0\u00bb<\/p>\n<p>\t\t<script async src=\"https:\/\/platform.twitter.com\/widgets.js\" charset=\"utf-8\"><\/script><\/p>\n","protected":false},"excerpt":{"rendered":"Afficher l\u2019index Masquer l\u2019index Annonc\u00e9e la semaine derni\u00e8re, la signature d\u2019un jeune joueur \u00e0 l\u2019ASSE est maintenant officielle.&hellip;\n","protected":false},"author":2,"featured_media":1217,"comment_status":"","ping_status":"","sticky":false,"template":"","format":"standard","meta":{"footnotes":""},"categories":[9653],"tags":[1111,11,2430,1777,674,1011,27,12,25,4001],"class_list":{"0":"post-366289","1":"post","2":"type-post","3":"status-publish","4":"format-standard","5":"has-post-thumbnail","7":"category-saint-etienne","8":"tag-actu","9":"tag-actualites","10":"tag-auvergne-rhone-alpes","11":"tag-eu","12":"tag-europe","13":"tag-fr","14":"tag-france","15":"tag-news","16":"tag-republique-francaise","17":"tag-saint-etienne"},"share_on_mastodon":{"url":"https:\/\/pubeurope.com\/@fr\/115147411536603496","error":""},"_links":{"self":[{"href":"https:\/\/www.europesays.com\/fr\/wp-json\/wp\/v2\/posts\/366289","targetHints":{"allow":["GET"]}}],"collection":[{"href":"https:\/\/www.europesays.com\/fr\/wp-json\/wp\/v2\/posts"}],"about":[{"href":"https:\/\/www.europesays.com\/fr\/wp-json\/wp\/v2\/types\/post"}],"author":[{"embeddable":true,"href":"https:\/\/www.europesays.com\/fr\/wp-json\/wp\/v2\/users\/2"}],"replies":[{"embeddable":true,"href":"https:\/\/www.europesays.com\/fr\/wp-json\/wp\/v2\/comments?post=366289"}],"version-history":[{"count":0,"href":"https:\/\/www.europesays.com\/fr\/wp-json\/wp\/v2\/posts\/366289\/revisions"}],"wp:featuredmedia":[{"embeddable":true,"href":"https:\/\/www.europesays.com\/fr\/wp-json\/wp\/v2\/media\/1217"}],"wp:attachment":[{"href":"https:\/\/www.europesays.com\/fr\/wp-json\/wp\/v2\/media?parent=366289"}],"wp:term":[{"taxonomy":"category","embeddable":true,"href":"https:\/\/www.europesays.com\/fr\/wp-json\/wp\/v2\/categories?post=366289"},{"taxonomy":"post_tag","embeddable":true,"href":"https:\/\/www.europesays.com\/fr\/wp-json\/wp\/v2\/tags?post=366289"}],"curies":[{"name":"wp","href":"https:\/\/api.w.org\/{rel}","templated":true}]}}