{"id":366292,"date":"2025-09-04T18:21:23","date_gmt":"2025-09-04T18:21:23","guid":{"rendered":"https:\/\/www.europesays.com\/fr\/366292\/"},"modified":"2025-09-04T18:21:23","modified_gmt":"2025-09-04T18:21:23","slug":"premier-match-reporte-pour-le-nancy-handball-en-attendant-un-nouveau-president","status":"publish","type":"post","link":"https:\/\/www.europesays.com\/fr\/366292\/","title":{"rendered":"Premier match report\u00e9 pour le Nancy Handball, en attendant un nouveau pr\u00e9sident\u00a0?"},"content":{"rendered":"<p>Le championnat de Nationale 1 f\u00e9d\u00e9rale devait reprendre ce 6 septembre avec un d\u00e9placement \u00e0 Draguignan dans le Var. Le match est report\u00e9. En attendant une nouvelle gouvernance\u00a0?<\/p>\n<p>Quel avenir pour le Nancy Handball\u00a0? Le club r\u00e9trograd\u00e9 en Nationale 1 f\u00e9d\u00e9rale pour raisons financi\u00e8res cet \u00e9t\u00e9 devait d\u00e9marrer son championnat ce 6 septembre avec un d\u00e9placement \u00e0 Draguignan, dans le Var, pour la premi\u00e8re journ\u00e9e de championnat. Mais le club, en pleine r\u00e9organisation, a sollicit\u00e9 un report qu&rsquo;il a obtenu. Un d\u00e9lai suppl\u00e9mentaire mais le club, plac\u00e9 en redressement judiciaire, est toujours dans le flou.<\/p>\n<p>Il \u00e9tait impossible pour le Nancy Handball de s&rsquo;aligner d\u00e8s ce week-end. Le mauvais feuilleton de l&rsquo;\u00e9t\u00e9 (refus d&rsquo;inscrire le club en premi\u00e8re instance puis en appel notamment) a fait des d\u00e9g\u00e2ts avec seulement trois joueurs pro sous contrat actuellement, les autres sont partis tenter leur chance ailleurs. L&rsquo;entraineur est lui en arr\u00eat maladie. Nancy Handball a obtenu un d\u00e9lai pour se retourner, pr\u00e9senter une \u00e9quipe et un projet mais la patience de la f\u00e9d\u00e9ration fran\u00e7aise aura des limites.<\/p>\n<p>L&rsquo;ancien pr\u00e9sident de Cr\u00e9teil sur les rangs\u00a0?<\/p>\n<p>La derni\u00e8re communication officielle du club remonte au 26 ao\u00fbt, quand les dirigeants annon\u00e7aient un placement en redressement judiciaire et le d\u00e9part \u00e0 venir du pr\u00e9sident Herv\u00e9 Alt. Selon nos informations, Eric Poignant, ancien pr\u00e9sident de Cr\u00e9teil en Lidl Starligue se dit pr\u00eat \u00e0 reprendre le club et \u00e0 relever le d\u00e9fi. Encore faut il qu&rsquo;il soit nomm\u00e9 pr\u00e9sident et rapidement pour relancer une dynamique.<\/p>\n<p>De son cot\u00e9, la M\u00e9tropole du Grand Nancy suit attentivement la situation. Une rencontre avec les dirigeants du club est attendue dans le courant du mois. Un rendez vous obligatoire pour y voir plus clair alors qu&rsquo;une subvention annuelle de 280 000 euros doit \u00eatre vot\u00e9e le 25 septembre prochain.<\/p>\n<p>\u00c0 \u00e9couter aussi   <img decoding=\"async\" src=\"https:\/\/www.europesays.com\/fr\/wp-content\/uploads\/2025\/09\/1757010083_632_560x315\" alt=\"Les supporters du Nancy Handball retrouveront d\u00e9sormais leur \u00e9quipe en National 1 F\u00e9d\u00e9rale\" style=\"--_image-preview:url('data:image\/jpeg;base64,\/9j\/2wBDACgcHiMeGSgjISMtKygwPGRBPDc3PHtYXUlkkYCZlo+AjIqgtObDoKrarYqMyP\/L2u71\/\/\/\/m8H\/\/\/\/6\/+b9\/\/j\/2wBDASstLTw1PHZBQXb4pYyl+Pj4+Pj4+Pj4+Pj4+Pj4+Pj4+Pj4+Pj4+Pj4+Pj4+Pj4+Pj4+Pj4+Pj4+Pj4+Pj4+Pj\/wAARCAAXACoDASIAAhEBAxEB\/8QAGAAAAwEBAAAAAAAAAAAAAAAAAAEDAgT\/xAAXEAEBAQEAAAAAAAAAAAAAAAAAAREC\/8QAFQEBAQAAAAAAAAAAAAAAAAAAAAH\/xAAUEQEAAAAAAAAAAAAAAAAAAAAA\/9oADAMBAAIRAxEAPwDnlUlR050K6JRqfNalArGcbpA5tOUAFOapABDIBR\/\/2Q==');\" loading=\"lazy\" fetchpriority=\"low\" aria-hidden=\"true\" class=\"svelte-1pnmlwx rounded\" onload=\"this.__e=event\" onerror=\"this.__e=event\"\/><\/p>\n","protected":false},"excerpt":{"rendered":"Le championnat de Nationale 1 f\u00e9d\u00e9rale devait reprendre ce 6 septembre avec un d\u00e9placement \u00e0 Draguignan dans le&hellip;\n","protected":false},"author":2,"featured_media":366293,"comment_status":"","ping_status":"","sticky":false,"template":"","format":"standard","meta":{"footnotes":""},"categories":[9635],"tags":[1111,11,1777,674,1011,27,775,1702,12,25],"class_list":{"0":"post-366292","1":"post","2":"type-post","3":"status-publish","4":"format-standard","5":"has-post-thumbnail","7":"category-nancy","8":"tag-actu","9":"tag-actualites","10":"tag-eu","11":"tag-europe","12":"tag-fr","13":"tag-france","14":"tag-grand-est","15":"tag-nancy","16":"tag-news","17":"tag-republique-francaise"},"share_on_mastodon":{"url":"https:\/\/pubeurope.com\/@fr\/115147419841661246","error":""},"_links":{"self":[{"href":"https:\/\/www.europesays.com\/fr\/wp-json\/wp\/v2\/posts\/366292","targetHints":{"allow":["GET"]}}],"collection":[{"href":"https:\/\/www.europesays.com\/fr\/wp-json\/wp\/v2\/posts"}],"about":[{"href":"https:\/\/www.europesays.com\/fr\/wp-json\/wp\/v2\/types\/post"}],"author":[{"embeddable":true,"href":"https:\/\/www.europesays.com\/fr\/wp-json\/wp\/v2\/users\/2"}],"replies":[{"embeddable":true,"href":"https:\/\/www.europesays.com\/fr\/wp-json\/wp\/v2\/comments?post=366292"}],"version-history":[{"count":0,"href":"https:\/\/www.europesays.com\/fr\/wp-json\/wp\/v2\/posts\/366292\/revisions"}],"wp:featuredmedia":[{"embeddable":true,"href":"https:\/\/www.europesays.com\/fr\/wp-json\/wp\/v2\/media\/366293"}],"wp:attachment":[{"href":"https:\/\/www.europesays.com\/fr\/wp-json\/wp\/v2\/media?parent=366292"}],"wp:term":[{"taxonomy":"category","embeddable":true,"href":"https:\/\/www.europesays.com\/fr\/wp-json\/wp\/v2\/categories?post=366292"},{"taxonomy":"post_tag","embeddable":true,"href":"https:\/\/www.europesays.com\/fr\/wp-json\/wp\/v2\/tags?post=366292"}],"curies":[{"name":"wp","href":"https:\/\/api.w.org\/{rel}","templated":true}]}}