{"id":366295,"date":"2025-09-04T18:23:40","date_gmt":"2025-09-04T18:23:40","guid":{"rendered":"https:\/\/www.europesays.com\/fr\/366295\/"},"modified":"2025-09-04T18:23:40","modified_gmt":"2025-09-04T18:23:40","slug":"toulon-sans-villiere-abadie-et-jaminet-a-montpellier","status":"publish","type":"post","link":"https:\/\/www.europesays.com\/fr\/366295\/","title":{"rendered":"Toulon sans Villi\u00e8re, Abadie et Jaminet \u00e0 Montpellier"},"content":{"rendered":"\n<p>Le RC <a href=\"https:\/\/www.rugbypass.com\/teams\/toulon\/\" rel=\"nofollow noopener\" target=\"_blank\">Toulon<\/a> entamera le <a href=\"https:\/\/www.rugbypass.com\/top-14\/\" rel=\"nofollow noopener\" target=\"_blank\">Top 14<\/a> samedi \u00e0 <a href=\"https:\/\/www.rugbypass.com\/teams\/montpellier\/\" rel=\"nofollow noopener\" target=\"_blank\">Montpellier<\/a> sans trois de ses internationaux, l\u2019ailier Gabin Villi\u00e8re et le troisi\u00e8me ligne <a href=\"https:\/\/www.rugbypass.com\/players\/esteban-abadie\/\" rel=\"nofollow noopener\" target=\"_blank\">Esteban Abadie<\/a>, bless\u00e9s, ni sur l\u2019arri\u00e8re <a href=\"https:\/\/www.rugbypass.com\/players\/melvyn-jaminet\/\" rel=\"nofollow noopener\" target=\"_blank\">Melvyn Jaminet<\/a> sur choix sportif. Abadie est touch\u00e9 \u00e0 un mollet et Villi\u00e8re a \u00e9t\u00e9 op\u00e9r\u00e9 d\u2019un doigt apr\u00e8s le dernier match du XV de <a href=\"https:\/\/www.rugbypass.com\/teams\/france\/\" rel=\"nofollow noopener\" target=\"_blank\">France<\/a> en Nouvelle-Z\u00e9lande en juillet.<\/p>\n<p>\u201cGabin en a encore pour quelques semaines, on n\u2019a pas de dur\u00e9e exacte pour son absence\u201d, a expliqu\u00e9 en conf\u00e9rence de presse jeudi <a href=\"https:\/\/www.rugbypass.com\/players\/pierre-mignoni\/\" rel=\"nofollow noopener\" target=\"_blank\">Pierre Mignoni<\/a>, le directeur du RCT, qui a confirm\u00e9 l\u2019absence de Jaminet.<\/p>\n<p>\u201cMelvyn va bien, il a jou\u00e9 le dernier match amical face \u00e0 Clermont, mais j\u2019ai fait le choix de m\u2019appuyer sur Marius Domon. Il y a de la concurrence, les joueurs le savent\u201d.<\/p>\n<blockquote class=\"twitter-tweet\">\n<p dir=\"ltr\" lang=\"fr\">????? ??????? \ud83d\ude91<\/p>\n<p>Avant la rencontre face \u00e0 Montpellier ce samedi, faisons le point sur nos bless\u00e9s \ud83d\udd34\u26ab<\/p>\n<p>\u2014 RCT \u2013 Rugby Club Toulonnais (@RCTofficiel) <a href=\"https:\/\/twitter.com\/RCTofficiel\/status\/1963630796964876560?ref_src=twsrc%5Etfw\" rel=\"nofollow noopener\" target=\"_blank\">September 4, 2025<\/a><\/p>\n<\/blockquote>\n<p>\u201cPas de pression\u201d pour fixer le retour d\u2019Ollivon<\/p>\n<p>Quant \u00e0 Ollivon, l\u2019ancien capitaine du XV de France suit toujours son protocole de retour au jeu apr\u00e8s sa rupture du ligament crois\u00e9 d\u2019un genou en janvier. Il a retrouv\u00e9 pleinement les entra\u00eenements collectifs, \u00e0 quelques jours de cette premi\u00e8re journ\u00e9e de Top 14.<\/p>\n<p>\u201cIl va plut\u00f4t bien\u201c, a d\u00e9clar\u00e9 Mignoni sans s\u2019avancer sur une date de retour. \u201cIl a r\u00e9alis\u00e9 une semaine quasi-normale, c\u2019est la premi\u00e8re fois depuis sa blessure. Mais on n\u2019a pas de pression pour fixer une date de retour, on verra en fonction de ses sensations et du feu vert des chirurgiens\u201d.<\/p>\n<p>C\u00f4t\u00e9 infirmerie, le talonneur italien <a href=\"https:\/\/www.rugbypass.com\/players\/gianmarcolucchesi\/\" rel=\"nofollow noopener\" target=\"_blank\">Gianmarco Lucchesi<\/a>, \u00e9galement touch\u00e9 au ligament crois\u00e9 d\u2019un genou, est en avance sur sa r\u00e9cup\u00e9ration, selon son coach, qui esp\u00e8re le retrouver avant No\u00ebl.<\/p>\n<p>Le demi d\u2019ouverture <a href=\"https:\/\/www.rugbypass.com\/players\/mateo-garcia\/\" rel=\"nofollow noopener\" target=\"_blank\">Mateo Garcia<\/a> (genou) et le pilier droit anglais <a href=\"https:\/\/www.rugbypass.com\/players\/kyle-sinckler\/\" rel=\"nofollow noopener\" target=\"_blank\">Kyle Sinckler<\/a> (bras) sont eux aussi forfait pour la premi\u00e8re journ\u00e9e de Top 14, comme le demi de m\u00eal\u00e9e \u00e9cossais <a href=\"https:\/\/www.rugbypass.com\/players\/ben-white\/\" rel=\"nofollow noopener\" target=\"_blank\">Ben White<\/a>, pas encore pr\u00eat apr\u00e8s avoir retrouv\u00e9 l\u2019entra\u00eenement en d\u00e9but de semaine seulement en raison de sa participation \u00e0 la tourn\u00e9e des <a href=\"https:\/\/www.rugbypass.com\/teams\/lions\/\" rel=\"nofollow noopener\" target=\"_blank\">Lions<\/a> Britanniques en Australie.<\/p>\n<p> <script async src=\"https:\/\/platform.twitter.com\/widgets.js\" charset=\"utf-8\"><\/script><\/p>\n","protected":false},"excerpt":{"rendered":"Le RC Toulon entamera le Top 14 samedi \u00e0 Montpellier sans trois de ses internationaux, l\u2019ailier Gabin Villi\u00e8re&hellip;\n","protected":false},"author":2,"featured_media":366296,"comment_status":"","ping_status":"","sticky":false,"template":"","format":"standard","meta":{"footnotes":""},"categories":[9619],"tags":[1111,11,1777,674,1011,27,12,882,25,2310],"class_list":{"0":"post-366295","1":"post","2":"type-post","3":"status-publish","4":"format-standard","5":"has-post-thumbnail","7":"category-toulon","8":"tag-actu","9":"tag-actualites","10":"tag-eu","11":"tag-europe","12":"tag-fr","13":"tag-france","14":"tag-news","15":"tag-provence-alpes-cote-dazur","16":"tag-republique-francaise","17":"tag-toulon"},"share_on_mastodon":{"url":"https:\/\/pubeurope.com\/@fr\/115147427235337510","error":""},"_links":{"self":[{"href":"https:\/\/www.europesays.com\/fr\/wp-json\/wp\/v2\/posts\/366295","targetHints":{"allow":["GET"]}}],"collection":[{"href":"https:\/\/www.europesays.com\/fr\/wp-json\/wp\/v2\/posts"}],"about":[{"href":"https:\/\/www.europesays.com\/fr\/wp-json\/wp\/v2\/types\/post"}],"author":[{"embeddable":true,"href":"https:\/\/www.europesays.com\/fr\/wp-json\/wp\/v2\/users\/2"}],"replies":[{"embeddable":true,"href":"https:\/\/www.europesays.com\/fr\/wp-json\/wp\/v2\/comments?post=366295"}],"version-history":[{"count":0,"href":"https:\/\/www.europesays.com\/fr\/wp-json\/wp\/v2\/posts\/366295\/revisions"}],"wp:featuredmedia":[{"embeddable":true,"href":"https:\/\/www.europesays.com\/fr\/wp-json\/wp\/v2\/media\/366296"}],"wp:attachment":[{"href":"https:\/\/www.europesays.com\/fr\/wp-json\/wp\/v2\/media?parent=366295"}],"wp:term":[{"taxonomy":"category","embeddable":true,"href":"https:\/\/www.europesays.com\/fr\/wp-json\/wp\/v2\/categories?post=366295"},{"taxonomy":"post_tag","embeddable":true,"href":"https:\/\/www.europesays.com\/fr\/wp-json\/wp\/v2\/tags?post=366295"}],"curies":[{"name":"wp","href":"https:\/\/api.w.org\/{rel}","templated":true}]}}