{"id":366297,"date":"2025-09-04T18:24:11","date_gmt":"2025-09-04T18:24:11","guid":{"rendered":"https:\/\/www.europesays.com\/fr\/366297\/"},"modified":"2025-09-04T18:24:11","modified_gmt":"2025-09-04T18:24:11","slug":"boulder-line-ouvre-sa-3e-salle-et-fete-ca-en-grand","status":"publish","type":"post","link":"https:\/\/www.europesays.com\/fr\/366297\/","title":{"rendered":"Boulder Line ouvre sa 3e salle et f\u00eate \u00e7a en grand"},"content":{"rendered":"<p class=\"p1\">Apr\u00e8s Castelnau-le-Lez et Eurom\u00e9decine, la communaut\u00e9 s\u2019agrandit et se diversifie a<strong>vec trois salles, trois ambiances, mais une seule passion : la grimpe<\/strong>. Chaque salle a son identit\u00e9 : l\u2019esprit familial \u00e0 Castelnau, le c\u00f4t\u00e9 urbain \u00e0 Eurom\u00e9decine, et le charme brut de la nouvelle salle de l\u2019avenue de Toulouse. Et bonne nouvelle, <strong>un seul abonnement donne acc\u00e8s aux trois sites !<\/strong><\/p>\n<p class=\"p1\">Pour f\u00eater cette ouverture, Boulder Line organise des <b>Journ\u00e9es Portes Ouvertes du 5 au 7 septembre<\/b>. Au programme : <b>entr\u00e9e gratuite pour tous<\/b>, offres exclusives sur les abonnements et les cours, et des initiations pour tous les niveaux. L\u2019occasion parfaite pour (re)d\u00e9couvrir l\u2019escalade de bloc dans une ambiance festive !<\/p>\n<p class=\"p3\">Un rendez-vous \u00e0 ne pas manquer pour tester, grimper et (re)d\u00e9couvrir les salles comme jamais ! Prenez votre fast-pass pour \u00e9viter la queue et profiter pleinement de de ces journ\u00e9es portes ouvertes pour d\u00e9couvrir l\u2019escalade de bloc !<\/p>\n<p class=\"p3\"><strong>Infos pratiques<\/strong><\/p>\n<p class=\"p3\">\u25cf Boulder Line 1 \u2013 Castelnau-le-Lez : 400 Avenue Marcel Dassault, 34170 Castelnau-le-Lez<\/p>\n<p class=\"p3\">\u25cf Boulder Line 2 \u2013 Eurom\u00e9decine : 148 Rue Jean Giroux, 34090 Montpellier<\/p>\n<p class=\"p3\">\u25cf Boulder Line 3 \u2013 Avenue de Toulouse : 27 Avenue de Toulouse, 34070 Montpellier<\/p>\n<p class=\"p3\">Les trois salles sont toutes accessibles en transports en commun. (Ligne 1, 2 et 5)<\/p>\n<p class=\"p3\">Plus d\u2019infos sur <a href=\"http:\/\/www.boulderline.fr\" rel=\"nofollow noopener\" target=\"_blank\">www.boulderline.fr<\/a><\/p>\n<p class=\"p3\">Suivez l\u2019ambiance sur <a href=\"https:\/\/www.instagram.com\/boulder_line\/\" rel=\"nofollow noopener\" target=\"_blank\">@boulder_line<\/a><\/p>\n<blockquote class=\"instagram-media\" style=\"background: #FFF; border: 0; border-radius: 3px; box-shadow: 0 0 1px 0 rgba(0,0,0,0.5),0 1px 10px 0 rgba(0,0,0,0.15); margin: 1px; max-width: 540px; min-width: 326px; padding: 0; width: calc(100% - 2px);\" data-instgrm-captioned=\"\" data-instgrm-permalink=\"https:\/\/www.instagram.com\/p\/DNyK_4d2HLt\/?utm_source=ig_embed&amp;utm_campaign=loading\" data-instgrm-version=\"14\">\n<\/blockquote>\n<p>\t\t\t\t\t\t\t\t\t\t\t\t\t\t\t<script async src=\"\/\/www.instagram.com\/embed.js\"><\/script><\/p>\n","protected":false},"excerpt":{"rendered":"Apr\u00e8s Castelnau-le-Lez et Eurom\u00e9decine, la communaut\u00e9 s\u2019agrandit et se diversifie avec trois salles, trois ambiances, mais une seule&hellip;\n","protected":false},"author":2,"featured_media":366298,"comment_status":"","ping_status":"","sticky":false,"template":"","format":"standard","meta":{"footnotes":""},"categories":[9599],"tags":[1111,11,1777,674,1011,27,2208,12,2680,25],"class_list":{"0":"post-366297","1":"post","2":"type-post","3":"status-publish","4":"format-standard","5":"has-post-thumbnail","7":"category-montpellier","8":"tag-actu","9":"tag-actualites","10":"tag-eu","11":"tag-europe","12":"tag-fr","13":"tag-france","14":"tag-montpellier","15":"tag-news","16":"tag-occitanie","17":"tag-republique-francaise"},"share_on_mastodon":{"url":"","error":""},"_links":{"self":[{"href":"https:\/\/www.europesays.com\/fr\/wp-json\/wp\/v2\/posts\/366297","targetHints":{"allow":["GET"]}}],"collection":[{"href":"https:\/\/www.europesays.com\/fr\/wp-json\/wp\/v2\/posts"}],"about":[{"href":"https:\/\/www.europesays.com\/fr\/wp-json\/wp\/v2\/types\/post"}],"author":[{"embeddable":true,"href":"https:\/\/www.europesays.com\/fr\/wp-json\/wp\/v2\/users\/2"}],"replies":[{"embeddable":true,"href":"https:\/\/www.europesays.com\/fr\/wp-json\/wp\/v2\/comments?post=366297"}],"version-history":[{"count":0,"href":"https:\/\/www.europesays.com\/fr\/wp-json\/wp\/v2\/posts\/366297\/revisions"}],"wp:featuredmedia":[{"embeddable":true,"href":"https:\/\/www.europesays.com\/fr\/wp-json\/wp\/v2\/media\/366298"}],"wp:attachment":[{"href":"https:\/\/www.europesays.com\/fr\/wp-json\/wp\/v2\/media?parent=366297"}],"wp:term":[{"taxonomy":"category","embeddable":true,"href":"https:\/\/www.europesays.com\/fr\/wp-json\/wp\/v2\/categories?post=366297"},{"taxonomy":"post_tag","embeddable":true,"href":"https:\/\/www.europesays.com\/fr\/wp-json\/wp\/v2\/tags?post=366297"}],"curies":[{"name":"wp","href":"https:\/\/api.w.org\/{rel}","templated":true}]}}