{"id":366303,"date":"2025-09-04T18:27:10","date_gmt":"2025-09-04T18:27:10","guid":{"rendered":"https:\/\/www.europesays.com\/fr\/366303\/"},"modified":"2025-09-04T18:27:10","modified_gmt":"2025-09-04T18:27:10","slug":"lopera-de-rouen-et-la-cheffe-keren-kagarlitsky-lancent-le-festival-des-nuits-blanches","status":"publish","type":"post","link":"https:\/\/www.europesays.com\/fr\/366303\/","title":{"rendered":"l&rsquo;Op\u00e9ra de Rouen et la cheffe Keren Kagarlitsky lancent le festival des Nuits Blanches"},"content":{"rendered":"<p>            Par<br \/>\n        <strong><br \/>\n            <a href=\"https:\/\/actu.fr\/auteur\/redaction-impartial\" title=\"Consulter tous les articles de R\u00e9daction L&#039;Impartial\" rel=\"nofollow noopener\" target=\"_blank\">R\u00e9daction L&rsquo;Impartial<\/a><br \/>\n        <\/strong><\/p>\n<p>        Publi\u00e9 le<\/p>\n<p>            4 sept. 2025 \u00e0 19h26        <\/p>\n<p>Le <b>festival des Nuits Blanches<\/b> de<b> Lyons-la-For\u00eat<\/b> (<b>Eure<\/b>) fait son retour les trois premiers week-ends de septembre 2025, \u00e0 l\u2019initiative de l\u2019association <a href=\"https:\/\/www.iterculture.com\/fr\/\" rel=\"nofollow noopener\" target=\"_blank\">Iterculture<\/a>.<\/p>\n<p class=\" wall-content\">Au programme, trois soir\u00e9es musicales exceptionnelles, c\u00e9l\u00e9brant la musique classique et n\u00e9oclassique, dans le cadre enchanteur de la for\u00eat et de l\u2019\u00e9glise, class\u00e9e monument historique, de <a href=\"https:\/\/actu.fr\/normandie\/lyons-la-foret_27377\" rel=\"nofollow noopener\" target=\"_blank\">Lyons-la-For\u00eat<\/a>. S\u2019y produiront des artistes de renomm\u00e9e internationale dont l\u2019\u00e9clectisme est le trait commun.<\/p>\n<p>Philip Glass \u00e0 l\u2019Honneur<\/p>\n<p class=\" wall-content\">L\u2019\u00e9dition 2025 des Nuits Blanches mettra particuli\u00e8rement \u00e0 l\u2019honneur le r\u00e9pertoire d\u2019un g\u00e9ant de la musique n\u00e9oclassique, Philip Glass. Pionnier et figure embl\u00e9matique du minimalisme, compositeur vivant d\u2019op\u00e9ra le plus jou\u00e9 au monde, Glass a su d\u00e9passer les fronti\u00e8res pour toucher un public international et s\u2019imposer comme l\u2019un des compositeurs les plus influents du XXe\u00a0si\u00e8cle.<\/p>\n<p class=\" wall-content\">Ses \u0153uvres, tant pour la sc\u00e8ne que pour les concerts symphoniques et le cin\u00e9ma (The Truman Show, Stranger Things..), ont marqu\u00e9 de mani\u00e8re ind\u00e9l\u00e9bile la culture musicale contemporaine.<\/p>\n<p class=\" wall-content\">Cette ann\u00e9e encore, les Nuits Blanches accueilleront des figures incontournables de la sc\u00e8ne musicale mondiale, pour une programmation \u00e0 la fois \u00e9mouvante et unique.<\/p>\n<p>Vid\u00e9os : en ce moment sur ActuKeren Kagarlitsky et l\u2019Op\u00e9ra de Rouen<\/p>\n<p class=\" wall-content\">\u00c0 la tomb\u00e9e de la nuit, sous les cimes majestueuses des arbres de la For\u00eat de Lyons, l\u2019Op\u00e9ra de Rouen nous fera l\u2019honneur d\u2019ouvrir le bal, au soir du samedi 6 septembre 2025.<\/p>\n<p class=\" wall-content\">Keren Kagarlitsky, jeune cheffe d\u2019orchestre isra\u00e9lienne dirigera de sa baguette experte deux solistes et quarante musiciens.<\/p>\n<p>Votre r\u00e9gion, votre actu !<\/p>\n<p>Recevez chaque jour les infos qui comptent pour vous.<\/p>\n<p>\t<a href=\"https:\/\/actu.fr\/newsletter\" class=\"ac-btn ac-btn--corner ac-btn--medium ac-btn--blue800\" rel=\"nofollow noopener\" target=\"_blank\">S&rsquo;incrire<\/a><\/p>\n<p class=\" wall-content\">De l\u2019Orchestre philharmonique de la BBC au Volksoper de Vienne, en passant par une myriade de grands orchestres \u00e0 l\u2019international, elle a su s\u2019imposer sur la sc\u00e8ne mondiale aux c\u00f4t\u00e9s des ensembles les plus prestigieux. Dans le cadre spectaculaire de la plus grande h\u00eatraie de France, son talent prometteur laisse pr\u00e9sager une exp\u00e9rience musicale m\u00e9morable.<\/p>\n<ul class=\" wall-content\">\n<li>Concert \u00e0 l\u2019arboretum des Bordins \u00e0 partir de 20 h 30. Tarif cat\u00e9gorie 1 : 45\u00a0\u20ac ; Tarif cat\u00e9gorie 2 : 10\u00a0\u20ac.<\/li>\n<\/ul>\n<p>Anton Batagov au piano<\/p>\n<p class=\" wall-content\">C\u2019est le pianiste minimaliste de renomm\u00e9e internationale Anton Batagov qui traversera l\u2019Atlantique pour venir, depuis New York, se produire \u00e0 Lyons-la-For\u00eat. \u00c0 la fois interpr\u00e8te hors pair et cr\u00e9ateur visionnaire du style classique minimaliste, il est consid\u00e9r\u00e9 par beaucoup comme l\u2019une des figures les plus marquantes et les plus singuli\u00e8res de la musique contemporaine slave.<\/p>\n<p class=\" wall-content\">Avec plus de 60 albums \u00e0 son actif et une carri\u00e8re marqu\u00e9e par des performances dans les plus prestigieuses salles du monde, de la Philharmonie de Berlin au Brooklyn Academy of Music (New York), Anton Batagov promet une soir\u00e9e inoubliable o\u00f9 il interpr\u00e9tera les \u0153uvres aussi touchantes qu\u2019envo\u00fbtantes de son ami Philip Glass, ma\u00eetre incontest\u00e9 de la mouvance n\u00e9oclassique.<\/p>\n<ul class=\" wall-content\">\n<li>Concert \u00e0 l\u2019\u00e9glise de Lyons-la-For\u00eat \u00e0 partir de 20 h 30. Tarif cat\u00e9gorie 1 : 45\u00a0\u20ac ; Tarif cat\u00e9gorie 2 : 15\u00a0\u20ac.\n<\/li>\n<\/ul>\n<p>Maki Namekawa virtuose du piano<\/p>\n<p class=\" wall-content\">La musique de Philip Glass sera de nouveau \u00e0 l\u2019honneur pour le troisi\u00e8me concert de ce festival, sous les doigts virtuoses de Maki Namekawa. Pianiste japonaise exceptionnelle, elle est, elle aussi une proche collaboratrice de Glass, qui \u00e9crivit sp\u00e9cialement pour elle sa premi\u00e8re Sonate pour Piano.<\/p>\n<p class=\" wall-content\">Avec des tourn\u00e9es en Europe, aux \u00c9tats-Unis, au Japon et des concerts sur les plus grandes sc\u00e8nes mondiales, Maki Namekawa est sans aucun doute l\u2019une des figures de proue de la sc\u00e8ne pianistique internationale. Cette fois-ci, c\u2019est \u00e0 Lyons-la-For\u00eat qu\u2019elle fera r\u00e9sonner son talent.<\/p>\n<ul class=\" wall-content\">\n<li>Concert \u00e0 l\u2019\u00e9glise de Lyons-la-For\u00eat \u00e0 partir de 20 h 30. Tarif cat\u00e9gorie 1 : 45\u00a0\u20ac ; Tarif cat\u00e9gorie 2 : 15\u00a0\u20ac.<\/li>\n<\/ul>\n<p>Festival des Nuits Blanches, les samedis 6, 13, et 20 septembre 2025 \u00e0 Lyons-la-For\u00eat (Eure). R\u00e9servation obligatoire : sur <a href=\"https:\/\/www.iterculture.com\/fr\/\" rel=\"nofollow noopener\" target=\"_blank\">www.iterculture.com<\/a> ou au 02 32 55 35 04.<\/p>\n<p class=\" wall-content\">Personnalisez votre actualit\u00e9 en ajoutant vos villes et m\u00e9dias en favori avec <a href=\"https:\/\/moncompte.actu.fr\" title=\"D\u00e9couvez Mon Actu\" rel=\"nofollow noopener\" data-trk=\"{&quot;cta&quot;:{&quot;action&quot;:&quot;https:\\\/\\\/moncompte.actu.fr&quot;,&quot;category&quot;:&quot;mon compte&quot;,&quot;from&quot;:&quot;article footer&quot;,&quot;name&quot;:&quot;Mon actu&quot;,&quot;type&quot;:&quot;cta&quot;}}\" target=\"_blank\">Mon Actu<\/a>.<\/p>\n","protected":false},"excerpt":{"rendered":"Par R\u00e9daction L&rsquo;Impartial Publi\u00e9 le 4 sept. 2025 \u00e0 19h26 Le festival des Nuits Blanches de Lyons-la-For\u00eat (Eure)&hellip;\n","protected":false},"author":2,"featured_media":366304,"comment_status":"","ping_status":"","sticky":false,"template":"","format":"standard","meta":{"footnotes":""},"categories":[9587],"tags":[1111,11,1777,674,50075,1011,27,1652,12,5161,25,9590],"class_list":{"0":"post-366303","1":"post","2":"type-post","3":"status-publish","4":"format-standard","5":"has-post-thumbnail","7":"category-rouen","8":"tag-actu","9":"tag-actualites","10":"tag-eu","11":"tag-europe","12":"tag-foret-de-lyons","13":"tag-fr","14":"tag-france","15":"tag-loisirs-culture","16":"tag-news","17":"tag-normandie","18":"tag-republique-francaise","19":"tag-rouen"},"share_on_mastodon":{"url":"https:\/\/pubeurope.com\/@fr\/115147442917746976","error":""},"_links":{"self":[{"href":"https:\/\/www.europesays.com\/fr\/wp-json\/wp\/v2\/posts\/366303","targetHints":{"allow":["GET"]}}],"collection":[{"href":"https:\/\/www.europesays.com\/fr\/wp-json\/wp\/v2\/posts"}],"about":[{"href":"https:\/\/www.europesays.com\/fr\/wp-json\/wp\/v2\/types\/post"}],"author":[{"embeddable":true,"href":"https:\/\/www.europesays.com\/fr\/wp-json\/wp\/v2\/users\/2"}],"replies":[{"embeddable":true,"href":"https:\/\/www.europesays.com\/fr\/wp-json\/wp\/v2\/comments?post=366303"}],"version-history":[{"count":0,"href":"https:\/\/www.europesays.com\/fr\/wp-json\/wp\/v2\/posts\/366303\/revisions"}],"wp:featuredmedia":[{"embeddable":true,"href":"https:\/\/www.europesays.com\/fr\/wp-json\/wp\/v2\/media\/366304"}],"wp:attachment":[{"href":"https:\/\/www.europesays.com\/fr\/wp-json\/wp\/v2\/media?parent=366303"}],"wp:term":[{"taxonomy":"category","embeddable":true,"href":"https:\/\/www.europesays.com\/fr\/wp-json\/wp\/v2\/categories?post=366303"},{"taxonomy":"post_tag","embeddable":true,"href":"https:\/\/www.europesays.com\/fr\/wp-json\/wp\/v2\/tags?post=366303"}],"curies":[{"name":"wp","href":"https:\/\/api.w.org\/{rel}","templated":true}]}}