{"id":366305,"date":"2025-09-04T18:30:10","date_gmt":"2025-09-04T18:30:10","guid":{"rendered":"https:\/\/www.europesays.com\/fr\/366305\/"},"modified":"2025-09-04T18:30:10","modified_gmt":"2025-09-04T18:30:10","slug":"la-victime-croit-reconnaitre-ses-agresseurs-les-deux-roms-finalement-liberes","status":"publish","type":"post","link":"https:\/\/www.europesays.com\/fr\/366305\/","title":{"rendered":"la victime croit reconnaitre ses agresseurs, les deux Roms finalement lib\u00e9r\u00e9s"},"content":{"rendered":"<p itemprop=\"description\"><strong>Lundi matin \u00e0 l&rsquo;aube, un boulanger \u00e9tait poignard\u00e9 \u00e0 Grenoble apr\u00e8s avoir poursuivi des voleurs de pains.<\/strong><\/p>\n<p><strong>Mise \u00e0 jour<\/strong> : le parquet de Grenoble a annonc\u00e9 que la victime s&rsquo;\u00e9tait tromp\u00e9e et que les deux hommes qu&rsquo;elle avait identifi\u00e9s comme \u00e9tant ses agresseurs n&rsquo;\u00e9taient en r\u00e9alit\u00e9 pas m\u00eal\u00e9 \u00e0 cette affaire. Ils ont donc \u00e9t\u00e9 laiss\u00e9s libres \u00e0 l&rsquo;issue de leur garde \u00e0 vue.<\/p>\n<p><strong>Article initial :<\/strong> Malgr\u00e9 la gravit\u00e9 de ses blessures, la victime a pu sortir de l&rsquo;h\u00f4pital. Et ce mercredi apr\u00e8s-midi, alors qu&rsquo;il se trouvait dans une pharmacie \u00e0 proximit\u00e9 de la boulangerie de la rue Amp\u00e8re, elle a reconnu deux de ses agresseurs.<\/p>\n<p>Le ton est mont\u00e9 entre le ressortissant malien de 24 ans et ces deux individus. Ces derniers ont m\u00eame appel\u00e9 \u00e0 la rescousse des amis et des membres de leur famille, qui vivaient dans le camp de Roms de la rue Antoine Polotti. Rapidement, des dizaines d&rsquo;entre eux sont arriv\u00e9s devant la pharmacie, pour prendre \u00e0 partie le boulanger.<\/p>\n<p>La police est arriv\u00e9e sur place, mais a d\u00fb attendre le soir pour pouvoir investir le campement et interpeller les deux suspects d\u00e9sign\u00e9s par la victime.<\/p>\n<p>L&rsquo;enqu\u00eate se poursuit.<\/p>\n","protected":false},"excerpt":{"rendered":"Lundi matin \u00e0 l&rsquo;aube, un boulanger \u00e9tait poignard\u00e9 \u00e0 Grenoble apr\u00e8s avoir poursuivi des voleurs de pains. Mise&hellip;\n","protected":false},"author":2,"featured_media":366306,"comment_status":"","ping_status":"","sticky":false,"template":"","format":"standard","meta":{"footnotes":""},"categories":[9566],"tags":[1111,11,7733,8279,2430,7736,650,7734,2889,2263,1777,674,1011,27,2731,8280,6417,1114,108,4662,12,3725,1825,25,7737],"class_list":{"0":"post-366305","1":"post","2":"type-post","3":"status-publish","4":"format-standard","5":"has-post-thumbnail","7":"category-grenoble","8":"tag-actu","9":"tag-actualites","10":"tag-alpes","11":"tag-alpes1","12":"tag-auvergne-rhone-alpes","13":"tag-cds","14":"tag-cinema","15":"tag-ecoute","16":"tag-emission","17":"tag-equipe","18":"tag-eu","19":"tag-europe","20":"tag-fr","21":"tag-france","22":"tag-grenoble","23":"tag-haute","24":"tag-information","25":"tag-infos","26":"tag-isere","27":"tag-journal","28":"tag-news","29":"tag-podcast","30":"tag-radio","31":"tag-republique-francaise","32":"tag-winamp"},"share_on_mastodon":{"url":"https:\/\/pubeurope.com\/@fr\/115147454808630942","error":""},"_links":{"self":[{"href":"https:\/\/www.europesays.com\/fr\/wp-json\/wp\/v2\/posts\/366305","targetHints":{"allow":["GET"]}}],"collection":[{"href":"https:\/\/www.europesays.com\/fr\/wp-json\/wp\/v2\/posts"}],"about":[{"href":"https:\/\/www.europesays.com\/fr\/wp-json\/wp\/v2\/types\/post"}],"author":[{"embeddable":true,"href":"https:\/\/www.europesays.com\/fr\/wp-json\/wp\/v2\/users\/2"}],"replies":[{"embeddable":true,"href":"https:\/\/www.europesays.com\/fr\/wp-json\/wp\/v2\/comments?post=366305"}],"version-history":[{"count":0,"href":"https:\/\/www.europesays.com\/fr\/wp-json\/wp\/v2\/posts\/366305\/revisions"}],"wp:featuredmedia":[{"embeddable":true,"href":"https:\/\/www.europesays.com\/fr\/wp-json\/wp\/v2\/media\/366306"}],"wp:attachment":[{"href":"https:\/\/www.europesays.com\/fr\/wp-json\/wp\/v2\/media?parent=366305"}],"wp:term":[{"taxonomy":"category","embeddable":true,"href":"https:\/\/www.europesays.com\/fr\/wp-json\/wp\/v2\/categories?post=366305"},{"taxonomy":"post_tag","embeddable":true,"href":"https:\/\/www.europesays.com\/fr\/wp-json\/wp\/v2\/tags?post=366305"}],"curies":[{"name":"wp","href":"https:\/\/api.w.org\/{rel}","templated":true}]}}