{"id":366307,"date":"2025-09-04T18:31:14","date_gmt":"2025-09-04T18:31:14","guid":{"rendered":"https:\/\/www.europesays.com\/fr\/366307\/"},"modified":"2025-09-04T18:31:14","modified_gmt":"2025-09-04T18:31:14","slug":"pres-de-rennes-cinq-vehicules-impliques-dans-un-accident-de-la-circulation","status":"publish","type":"post","link":"https:\/\/www.europesays.com\/fr\/366307\/","title":{"rendered":"Pr\u00e8s de Rennes, cinq v\u00e9hicules impliqu\u00e9s dans un accident\u00a0de la circulation"},"content":{"rendered":"<p>Cinq v\u00e9hicules ont \u00e9t\u00e9 impliqu\u00e9s dans un accident de la route vers 17 h ce jeudi 4 septembre. L\u2019accident s\u2019est produit sur l\u2019A84, sur la commune de Liffr\u00e9, pr\u00e8s de Rennes et a n\u00e9cessit\u00e9 l\u2019intervention de dix-neuf pompiers sur place. La circulation a \u00e9t\u00e9 coup\u00e9e dans le sens Rennes-Caen pendant plus d\u2019une heure, provoquant un bouchon d\u2019environ cinq kilom\u00e8tres.<\/p>\n<p>Une personne coinc\u00e9e<\/p>\n<p>Huit personnes se sont retrouv\u00e9es dans la collision. Trois automobilistes se trouvaient dans une urgence relative, dont un, coinc\u00e9 dans l\u2019habitacle de son v\u00e9hicule. Ils ont tous \u00e9t\u00e9 transport\u00e9s au centre hospitalier.<\/p>\n<p>La circulation est revenue \u00e0 la normale vers 18h45.<\/p>\n","protected":false},"excerpt":{"rendered":"Cinq v\u00e9hicules ont \u00e9t\u00e9 impliqu\u00e9s dans un accident de la route vers 17 h ce jeudi 4 septembre.&hellip;\n","protected":false},"author":2,"featured_media":366308,"comment_status":"","ping_status":"","sticky":false,"template":"","format":"standard","meta":{"footnotes":""},"categories":[2821],"tags":[1111,11,829,765,1777,674,3383,1011,27,848,12,584,25],"class_list":{"0":"post-366307","1":"post","2":"type-post","3":"status-publish","4":"format-standard","5":"has-post-thumbnail","7":"category-rennes","8":"tag-actu","9":"tag-actualites","10":"tag-bretagne","11":"tag-en-continu","12":"tag-eu","13":"tag-europe","14":"tag-faits-divers-a-rennes","15":"tag-fr","16":"tag-france","17":"tag-ille-et-vilaine","18":"tag-news","19":"tag-rennes","20":"tag-republique-francaise"},"share_on_mastodon":{"url":"https:\/\/pubeurope.com\/@fr\/115147458675701737","error":""},"_links":{"self":[{"href":"https:\/\/www.europesays.com\/fr\/wp-json\/wp\/v2\/posts\/366307","targetHints":{"allow":["GET"]}}],"collection":[{"href":"https:\/\/www.europesays.com\/fr\/wp-json\/wp\/v2\/posts"}],"about":[{"href":"https:\/\/www.europesays.com\/fr\/wp-json\/wp\/v2\/types\/post"}],"author":[{"embeddable":true,"href":"https:\/\/www.europesays.com\/fr\/wp-json\/wp\/v2\/users\/2"}],"replies":[{"embeddable":true,"href":"https:\/\/www.europesays.com\/fr\/wp-json\/wp\/v2\/comments?post=366307"}],"version-history":[{"count":0,"href":"https:\/\/www.europesays.com\/fr\/wp-json\/wp\/v2\/posts\/366307\/revisions"}],"wp:featuredmedia":[{"embeddable":true,"href":"https:\/\/www.europesays.com\/fr\/wp-json\/wp\/v2\/media\/366308"}],"wp:attachment":[{"href":"https:\/\/www.europesays.com\/fr\/wp-json\/wp\/v2\/media?parent=366307"}],"wp:term":[{"taxonomy":"category","embeddable":true,"href":"https:\/\/www.europesays.com\/fr\/wp-json\/wp\/v2\/categories?post=366307"},{"taxonomy":"post_tag","embeddable":true,"href":"https:\/\/www.europesays.com\/fr\/wp-json\/wp\/v2\/tags?post=366307"}],"curies":[{"name":"wp","href":"https:\/\/api.w.org\/{rel}","templated":true}]}}