{"id":366309,"date":"2025-09-04T18:32:28","date_gmt":"2025-09-04T18:32:28","guid":{"rendered":"https:\/\/www.europesays.com\/fr\/366309\/"},"modified":"2025-09-04T18:32:28","modified_gmt":"2025-09-04T18:32:28","slug":"orelsan-sera-pres-de-rennes-en-octobre-pour-presenter-son-film","status":"publish","type":"post","link":"https:\/\/www.europesays.com\/fr\/366309\/","title":{"rendered":"Orelsan sera pr\u00e8s de Rennes en octobre pour pr\u00e9senter son film"},"content":{"rendered":"<p>\u00c0 peine annonc\u00e9es et d\u00e9j\u00e0 prises d\u2019assaut. Les deux s\u00e9ances pr\u00e9vues au Cin\u00e9ville de Vern-sur-Seiche, pr\u00e8s de Rennes (Ille-et-Vilaine), mardi 14\u00a0octobre, affichent, en effet, d\u00e9j\u00e0 complet.<\/p>\n<p>La raison d\u2019un tel engouement\u00a0? La venue de l\u2019acteur principal du film baptis\u00e9 Yoroi, le d\u00e9nomm\u00e9 Orelsan. Dans ce long-m\u00e9trage, le rappeur normand de 43\u00a0ans qui a remport\u00e9 plusieurs Victoires de la musique, interpr\u00e8te le personnage d\u2019Aur\u00e9lien qui d\u00e9cide de s\u2019installer au Japon o\u00f9 il d\u00e9couvre, <strong>\u00ab\u00a0dans un puits une armure ancestrale qui va r\u00e9veiller d\u2019\u00e9tranges cr\u00e9atures, les Yoka\u00efs\u00a0\u00bb.<\/strong><\/p>\n<p>\u00a0<\/p>\n","protected":false},"excerpt":{"rendered":"\u00c0 peine annonc\u00e9es et d\u00e9j\u00e0 prises d\u2019assaut. Les deux s\u00e9ances pr\u00e9vues au Cin\u00e9ville de Vern-sur-Seiche, pr\u00e8s de Rennes&hellip;\n","protected":false},"author":2,"featured_media":366180,"comment_status":"","ping_status":"","sticky":false,"template":"","format":"standard","meta":{"footnotes":""},"categories":[2821],"tags":[1111,11,829,1777,674,2081,1011,27,12,7518,21953,3762,5032,584,25],"class_list":{"0":"post-366309","1":"post","2":"type-post","3":"status-publish","4":"format-standard","5":"has-post-thumbnail","7":"category-rennes","8":"tag-actu","9":"tag-actualites","10":"tag-bretagne","11":"tag-eu","12":"tag-europe","13":"tag-film","14":"tag-fr","15":"tag-france","16":"tag-news","17":"tag-octobre","18":"tag-orelsan","19":"tag-pres","20":"tag-presenter","21":"tag-rennes","22":"tag-republique-francaise"},"share_on_mastodon":{"url":"https:\/\/pubeurope.com\/@fr\/115147462669551421","error":""},"_links":{"self":[{"href":"https:\/\/www.europesays.com\/fr\/wp-json\/wp\/v2\/posts\/366309","targetHints":{"allow":["GET"]}}],"collection":[{"href":"https:\/\/www.europesays.com\/fr\/wp-json\/wp\/v2\/posts"}],"about":[{"href":"https:\/\/www.europesays.com\/fr\/wp-json\/wp\/v2\/types\/post"}],"author":[{"embeddable":true,"href":"https:\/\/www.europesays.com\/fr\/wp-json\/wp\/v2\/users\/2"}],"replies":[{"embeddable":true,"href":"https:\/\/www.europesays.com\/fr\/wp-json\/wp\/v2\/comments?post=366309"}],"version-history":[{"count":0,"href":"https:\/\/www.europesays.com\/fr\/wp-json\/wp\/v2\/posts\/366309\/revisions"}],"wp:featuredmedia":[{"embeddable":true,"href":"https:\/\/www.europesays.com\/fr\/wp-json\/wp\/v2\/media\/366180"}],"wp:attachment":[{"href":"https:\/\/www.europesays.com\/fr\/wp-json\/wp\/v2\/media?parent=366309"}],"wp:term":[{"taxonomy":"category","embeddable":true,"href":"https:\/\/www.europesays.com\/fr\/wp-json\/wp\/v2\/categories?post=366309"},{"taxonomy":"post_tag","embeddable":true,"href":"https:\/\/www.europesays.com\/fr\/wp-json\/wp\/v2\/tags?post=366309"}],"curies":[{"name":"wp","href":"https:\/\/api.w.org\/{rel}","templated":true}]}}