{"id":36631,"date":"2025-04-19T13:49:12","date_gmt":"2025-04-19T13:49:12","guid":{"rendered":"https:\/\/www.europesays.com\/fr\/36631\/"},"modified":"2025-04-19T13:49:12","modified_gmt":"2025-04-19T13:49:12","slug":"leurope-des-nations-une-idee-revolutionnaire-la-chronique-de-pierre-serna-19-avril-2025","status":"publish","type":"post","link":"https:\/\/www.europesays.com\/fr\/36631\/","title":{"rendered":"L\u2019Europe des nations, une id\u00e9e r\u00e9volutionnaire\u00a0? &#8211; La chronique de Pierre Serna &#8211; 19 avril 2025"},"content":{"rendered":"<p>Except\u00e9 les amateurs d\u2019histoire de la R\u00e9volution fran\u00e7aise, qui se souvient aujourd\u2019hui de Bertrand Bar\u00e8re\u00a0de\u00a0Vieuzac, n\u00e9 et mort \u00e0 Tarbes, ayant v\u00e9cu de septembre 1755 \u00e0 janvier 1841\u00a0? \u00c9lu des Hautes-Pyr\u00e9n\u00e9es sous la Constituante (1789-1791), puis sous la Convention (1793-1795), il est un des membres les plus actifs du grand Comit\u00e9 de salut public, c\u00e9l\u00e8bre pour ses discours c\u00e9l\u00e9brant les victoires fran\u00e7aises sur les tyrans attaquant la France.<\/p>\n<p>La r\u00e9action thermidorienne lui fait payer cher son engagement patriotique, d\u00e9cidant de le d\u00e9porter en Guyane au printemps 1795. Il s\u2019enfuit, se cache \u00e0 Bordeaux, d\u2019o\u00f9 il commente l\u2019\u00e9volution de la r\u00e9publique bourgeoise du Directoire et la situation du continent. La France demeure en guerre contre l\u2019Angleterre, premi\u00e8re puissance capitaliste du monde, imposant selon lui une \u00ab\u00a0tyrannie sur les mers\u00a0\u00bb. De sa cachette, il \u00e9crit la Libert\u00e9 des mers en l\u2019an VI (1798), proposant plusieurs solutions pour sortir d\u2019un conflit qui r\u00e9sonne \u00e9trangement avec notre actualit\u00e9.<\/p>\n<p>Il envisage une paix r\u00e9publicaine de l\u2019Europe par la constitution de gouvernements d\u2019hommes \u00e9clair\u00e9s par le droit international, capables de garantir la paix sur le continent en refr\u00e9nant l\u2019ultralib\u00e9ralisme pirate de l\u2019Angleterre d\u2019alors. Pour sortir de la guerre, il faut inventer un mod\u00e8le de gouvernance r\u00e9publicaine de l\u2019Europe, une souverainet\u00e9 europ\u00e9enne, tel un syst\u00e8me politique nouveau.<\/p>\n<p>Bar\u00e8re imagine alors dans le plus pur style des utopies des Lumi\u00e8res, mais \u00e9clair\u00e9 de son exp\u00e9rience de conventionnel et d\u2019homme d\u2019\u00c9tat ayant travers\u00e9 victorieusement la crise de l\u2019an II, un tribunal\u202fdes crimes du gouvernement anglais, \u00ab\u00a0soumis aux d\u00e9crets pr\u00e9par\u00e9s dans une grande assembl\u00e9e europ\u00e9enne r\u00e9unie dans le centre, et dans laquelle chaque peuple, \u00c9tat, puissance ou gouvernement enverrait ses d\u00e9put\u00e9s\u00a0\u00bb. Il poursuit\u00a0: \u00ab\u00a0Pourquoi ne verrions-nous pas l\u2019assembl\u00e9e des repr\u00e9sentants de l\u2019Europe\u00a0? L\u00e0, serait jur\u00e9 solennellement par tous les gouvernements, par tous les peuples continentaux, haine \u00e0 la tyrannie maritime, fid\u00e9lit\u00e9 \u00e0 la libert\u00e9 du commerce et des mers\u00a0!\u00a0\u00bb.<\/p>\n<p>Plus loin, Bar\u00e8re songe \u00e0 une possibilit\u00e9 d\u2019\u00e9tendre le gouvernement constitutionnel \u00e0 tout le continent\u00a0: \u00ab\u00a0C\u2019est un probl\u00e8me \u00e0 r\u00e9soudre en Europe apr\u00e8s la dissolution du despotisme maritime des Anglais de trouver la forme d\u2019association g\u00e9n\u00e9rale qui d\u00e9fende et assure \u00e0 chaque nation, par la force de tous les droits maritimes de chacune, l\u2019observation exacte du droit des gens et l\u2019ex\u00e9cution s\u00e9v\u00e8re des trait\u00e9s\u2026<\/p>\n<p>Il manque un acte de navigation g\u00e9n\u00e9rale fond\u00e9e sur le droit naturel, sur le droit des gens et sur le droit public en Europe\u2026 On y graverait la libert\u00e9 des mers, l\u2019affranchissement du commerce et de l\u2019industrie, l\u2019abolition universelle de la traite des Noirs, de la vente et de l\u2019esclavage des hommes, la proscription de la course, la punition de la piraterie, et le droit public maritime serait enfin \u00e9crit uniforme et consacr\u00e9 par les nations r\u00e9unies. Il faudrait appuyer cette d\u00e9claration des droits des nations sur un pacte europ\u00e9en qui organiserait militairement sur terre et sur mer la d\u00e9fense et le maintien de ces droits.\u00a0\u00bb<\/p>\n<p>Les principes fondateurs de la r\u00e9volution de 1789 et de la R\u00e9publique de 1792 sont \u00e0 l\u2019\u0153uvre dans la perspective d\u2019une conf\u00e9d\u00e9ration europ\u00e9enne des droits naturels traduits en droits positifs. L\u2019affirmation des principes de justice sociale au niveau des \u00c9tats, pens\u00e9e au travers du partage \u00e9quitable des fruits du commerce, li\u00e9e \u00e0 l\u2019abolition de l\u2019esclavage, le tout dans un syst\u00e8me d\u2019autod\u00e9fense bien pens\u00e9, constitue le socle de cette Europe. Il y a l\u00e0 plus que l\u2019esquisse, le plan d\u2019une f\u00e9d\u00e9ration d\u00e9mocratique des peuples europ\u00e9ens, qui reste encore \u00e0 construire.<\/p>\n<p>Le journal des intelligences libres<\/p>\n<p>\u00ab C\u2019est par des informations \u00e9tendues et exactes que nous voudrions donner \u00e0 toutes les intelligences libres <strong>le moyen de comprendre et de juger elles-m\u00eames les \u00e9v\u00e9nements du monde<\/strong>. \u00bb<br \/>Tel \u00e9tait <strong>\u00ab\u00a0Notre but\u00a0\u00bb<\/strong>, comme l\u2019\u00e9crivait Jean Jaur\u00e8s dans le premier \u00e9ditorial de l\u2019Humanit\u00e9.<br \/><strong>120 ans plus tard, il n\u2019a pas chang\u00e9. <br \/>Gr\u00e2ce \u00e0 vous. <\/strong><br \/>Soutenez-nous\u00a0! Votre don sera d\u00e9fiscalis\u00e9\u00a0: donner 5\u20ac vous reviendra \u00e0 1.65\u20ac. Le prix d\u2019un caf\u00e9.<br \/><a href=\"https:\/\/www.humanite.fr\/lhumanite-cest-vous\" rel=\"nofollow noopener\" target=\"_blank\">Je veux en savoir plus\u00a0!<\/a><\/p>\n","protected":false},"excerpt":{"rendered":"Except\u00e9 les amateurs d\u2019histoire de la R\u00e9volution fran\u00e7aise, qui se souvient aujourd\u2019hui de Bertrand Bar\u00e8re\u00a0de\u00a0Vieuzac, n\u00e9 et mort&hellip;\n","protected":false},"author":2,"featured_media":36632,"comment_status":"","ping_status":"","sticky":false,"template":"","format":"standard","meta":{"footnotes":""},"categories":[1586],"tags":[11,1777,674,1011,27,1146,12,25,11726],"class_list":{"0":"post-36631","1":"post","2":"type-post","3":"status-publish","4":"format-standard","5":"has-post-thumbnail","7":"category-europe","8":"tag-actualites","9":"tag-eu","10":"tag-europe","11":"tag-fr","12":"tag-france","13":"tag-guerre","14":"tag-news","15":"tag-republique-francaise","16":"tag-ru00e9volution-franu00e7aise"},"share_on_mastodon":{"url":"https:\/\/pubeurope.com\/@fr\/114364951182537787","error":""},"_links":{"self":[{"href":"https:\/\/www.europesays.com\/fr\/wp-json\/wp\/v2\/posts\/36631","targetHints":{"allow":["GET"]}}],"collection":[{"href":"https:\/\/www.europesays.com\/fr\/wp-json\/wp\/v2\/posts"}],"about":[{"href":"https:\/\/www.europesays.com\/fr\/wp-json\/wp\/v2\/types\/post"}],"author":[{"embeddable":true,"href":"https:\/\/www.europesays.com\/fr\/wp-json\/wp\/v2\/users\/2"}],"replies":[{"embeddable":true,"href":"https:\/\/www.europesays.com\/fr\/wp-json\/wp\/v2\/comments?post=36631"}],"version-history":[{"count":0,"href":"https:\/\/www.europesays.com\/fr\/wp-json\/wp\/v2\/posts\/36631\/revisions"}],"wp:featuredmedia":[{"embeddable":true,"href":"https:\/\/www.europesays.com\/fr\/wp-json\/wp\/v2\/media\/36632"}],"wp:attachment":[{"href":"https:\/\/www.europesays.com\/fr\/wp-json\/wp\/v2\/media?parent=36631"}],"wp:term":[{"taxonomy":"category","embeddable":true,"href":"https:\/\/www.europesays.com\/fr\/wp-json\/wp\/v2\/categories?post=36631"},{"taxonomy":"post_tag","embeddable":true,"href":"https:\/\/www.europesays.com\/fr\/wp-json\/wp\/v2\/tags?post=36631"}],"curies":[{"name":"wp","href":"https:\/\/api.w.org\/{rel}","templated":true}]}}