{"id":366310,"date":"2025-09-04T18:33:14","date_gmt":"2025-09-04T18:33:14","guid":{"rendered":"https:\/\/www.europesays.com\/fr\/366310\/"},"modified":"2025-09-04T18:33:14","modified_gmt":"2025-09-04T18:33:14","slug":"trautmann-lance-des-rencontres-en-bas-de-chez-vous","status":"publish","type":"post","link":"https:\/\/www.europesays.com\/fr\/366310\/","title":{"rendered":"Trautmann lance des rencontres \u00ab\u00a0en bas de chez vous\u00a0\u00bb"},"content":{"rendered":"<p>Du jeudi 11\u00a0septembre au mercredi 8\u00a0octobre, Catherine Trautmann lance \u00ab\u00a0Strasbourg se retrouve, en bas de chez vous\u00a0\u00bb, une s\u00e9rie de rencontres dans les quartiers de la ville. Celle qui supervise la pr\u00e9paration de la campagne pour les socialistes souhaite renouer un dialogue direct avec les habitants, estimant que beaucoup se sentent \u00e9loign\u00e9s de leur ville et en perte de confiance.<\/p>\n<p>Le dispositif repose sur des \u00e9changes de proximit\u00e9 \u2013 march\u00e9s, places, \u00e9coles \u2013 sans grands discours mais avec l\u2019ambition de \u00ab\u00a0retisser le lien\u00a0\u00bb et de recueillir les attentes.<\/p>\n<p>La d\u00e9marche met l\u2019accent sur des th\u00e8mes jug\u00e9s essentiels\u00a0: logement digne, s\u00e9curit\u00e9, mobilit\u00e9 adapt\u00e9e et cadre de vie agr\u00e9able. Ateliers, d\u00e9bats et marches conversationnelles doivent favoriser une parole libre et concr\u00e8te. L\u2019\u00e9lue d\u2019opposition, ancienne maire, insiste sur une approche participative visant \u00e0 r\u00e9activer la fiert\u00e9 strasbourgeoise et \u00e0 construire une vision commune, audacieuse et humaine. Le calendrier pr\u00e9voit une quinzaine de rendez-vous dans diff\u00e9rents quartiers, du Neuhof \u00e0 la gare, en passant par Hautepierre, la Krutenau, Neudorf, l\u2019Elsau, la Meinau, Cronenbourg, le Conseil des XV, la Montagne Verte, le centre, la Robertsau, l\u2019Esplanade.<\/p>\n","protected":false},"excerpt":{"rendered":"Du jeudi 11\u00a0septembre au mercredi 8\u00a0octobre, Catherine Trautmann lance \u00ab\u00a0Strasbourg se retrouve, en bas de chez vous\u00a0\u00bb, une&hellip;\n","protected":false},"author":2,"featured_media":366311,"comment_status":"","ping_status":"","sticky":false,"template":"","format":"standard","meta":{"footnotes":""},"categories":[2820],"tags":[1111,11,2880,5949,4188,1777,674,107,1011,27,775,12,316,25,640,2879],"class_list":{"0":"post-366310","1":"post","2":"type-post","3":"status-publish","4":"format-standard","5":"has-post-thumbnail","7":"category-strasbourg","8":"tag-actu","9":"tag-actualites","10":"tag-edition-strasbourg","11":"tag-elections","12":"tag-elections-municipales","13":"tag-eu","14":"tag-europe","15":"tag-fil-info","16":"tag-fr","17":"tag-france","18":"tag-grand-est","19":"tag-news","20":"tag-politique","21":"tag-republique-francaise","22":"tag-strasbourg","23":"tag-strasbourg-ville"},"share_on_mastodon":{"url":"https:\/\/pubeurope.com\/@fr\/115147466678868363","error":""},"_links":{"self":[{"href":"https:\/\/www.europesays.com\/fr\/wp-json\/wp\/v2\/posts\/366310","targetHints":{"allow":["GET"]}}],"collection":[{"href":"https:\/\/www.europesays.com\/fr\/wp-json\/wp\/v2\/posts"}],"about":[{"href":"https:\/\/www.europesays.com\/fr\/wp-json\/wp\/v2\/types\/post"}],"author":[{"embeddable":true,"href":"https:\/\/www.europesays.com\/fr\/wp-json\/wp\/v2\/users\/2"}],"replies":[{"embeddable":true,"href":"https:\/\/www.europesays.com\/fr\/wp-json\/wp\/v2\/comments?post=366310"}],"version-history":[{"count":0,"href":"https:\/\/www.europesays.com\/fr\/wp-json\/wp\/v2\/posts\/366310\/revisions"}],"wp:featuredmedia":[{"embeddable":true,"href":"https:\/\/www.europesays.com\/fr\/wp-json\/wp\/v2\/media\/366311"}],"wp:attachment":[{"href":"https:\/\/www.europesays.com\/fr\/wp-json\/wp\/v2\/media?parent=366310"}],"wp:term":[{"taxonomy":"category","embeddable":true,"href":"https:\/\/www.europesays.com\/fr\/wp-json\/wp\/v2\/categories?post=366310"},{"taxonomy":"post_tag","embeddable":true,"href":"https:\/\/www.europesays.com\/fr\/wp-json\/wp\/v2\/tags?post=366310"}],"curies":[{"name":"wp","href":"https:\/\/api.w.org\/{rel}","templated":true}]}}