{"id":366312,"date":"2025-09-04T18:34:12","date_gmt":"2025-09-04T18:34:12","guid":{"rendered":"https:\/\/www.europesays.com\/fr\/366312\/"},"modified":"2025-09-04T18:34:12","modified_gmt":"2025-09-04T18:34:12","slug":"strasbourg-quelque-150-personnes-rassemblees-en-hommage-aux-victimes-de-crimes-homophobes","status":"publish","type":"post","link":"https:\/\/www.europesays.com\/fr\/366312\/","title":{"rendered":"Strasbourg. Quelque 150 personnes rassembl\u00e9es en hommage aux victimes de crimes homophobes"},"content":{"rendered":"<p>\u00ab\u00a0Nous n\u2019avons pas l\u2019intention de dispara\u00eetre\u00a0\u00bb, lance au m\u00e9gaphone G\u00e9rald de La Station Centre LGBTI. C\u2019est pour cela que les nombreuses organisations de d\u00e9fense des droits LGBT se font entendre ce jeudi 4\u00a0septembre devant le tribunal judiciaire de Strasbourg. Parmi la centaine de personnes ayant brav\u00e9 la pluie, Violette, 22 ans, explique l\u2019importance du moment\u00a0: \u00ab\u00a0On meurt encore aujourd\u2019hui parce qu\u2019on est gay et \u00e7a n\u2019est pas normal\u00a0\u00bb. Les interventions, interrompues par une minute de silence, sonnent comme un cri de ralliement \u00e0 la cause LGBT, au-del\u00e0 de l\u2019hommage aux <a href=\"https:\/\/www.dna.fr\/faits-divers-justice\/2025\/08\/31\/reportage-a-choisy-le-roi-sur-les-traces-du-tueur-en-serie-presume\" target=\"_blank\" rel=\"noopener\">crimes de Choisy-le-Roy<\/a>. L\u2019indignation face \u00e0 l\u2019inaction des services publics fait\u00a0\u00e9galement \u00e9cho \u00e0 la m\u00e9moire de <a href=\"https:\/\/www.dna.fr\/education\/2025\/09\/03\/suicide-de-l-enseignante-une-enquete-lancee-par-l-education-nationale-sos-homophobie-monte-au-creneau\" target=\"_blank\" rel=\"noopener\"> Caroline Grandjean, directrice d\u2019\u00e9cole qui a mis fin \u00e0 ses jours apr\u00e8s avoir \u00e9t\u00e9 harcel\u00e9e en raison de son homosexualit\u00e9<\/a>.<\/p>\n<p>  Des violences homophobes qui se multiplient<\/p>\n<p>Le lieu de rassemblement n\u2019est pas choisi au hasard, le Tribunal judiciaire \u00e9tant \u00ab\u00a0un symbole de l\u2019\u00c9tat et de la justice, acteurs de la violence syst\u00e9mique contre les minorit\u00e9s\u00a0\u00bb, selon l\u2019un des porte-paroles. Les repr\u00e9sentants d\u2019associations s\u2019inqui\u00e8tent des nombreuses agressions homophobes de ces derniers mois comme c\u2019est <a href=\"https:\/\/www.dna.fr\/faits-divers-justice\/2025\/08\/29\/apres-des-agressions-homophobes-pres-de-nantes-quatre-hommes-arretes-et-deferes\" target=\"_blank\" rel=\"noopener\">le cas \u00e0 Nantes<\/a> depuis mai et \u00e0 Strasbourg o\u00f9 les guets-apens sont de plus en plus craints. Florian Kobryn, conseiller d\u2019Alsace promet d\u2019entendre la voix de toutes et tous et rappelle que\u00a0: \u00ab\u00a0Nos droits gagn\u00e9s ne sont jamais acquis\u00a0\u00bb.<\/p>\n","protected":false},"excerpt":{"rendered":"\u00ab\u00a0Nous n\u2019avons pas l\u2019intention de dispara\u00eetre\u00a0\u00bb, lance au m\u00e9gaphone G\u00e9rald de La Station Centre LGBTI. C\u2019est pour cela&hellip;\n","protected":false},"author":2,"featured_media":366313,"comment_status":"","ping_status":"","sticky":false,"template":"","format":"standard","meta":{"footnotes":""},"categories":[2820],"tags":[1111,11,2389,2649,6084,2880,1777,674,107,1011,27,775,12,25,104,640,2879,1631],"class_list":{"0":"post-366312","1":"post","2":"type-post","3":"status-publish","4":"format-standard","5":"has-post-thumbnail","7":"category-strasbourg","8":"tag-actu","9":"tag-actualites","10":"tag-alsace","11":"tag-bas-rhin","12":"tag-droit","13":"tag-edition-strasbourg","14":"tag-eu","15":"tag-europe","16":"tag-fil-info","17":"tag-fr","18":"tag-france","19":"tag-grand-est","20":"tag-news","21":"tag-republique-francaise","22":"tag-societe","23":"tag-strasbourg","24":"tag-strasbourg-ville","25":"tag-vie-associative"},"share_on_mastodon":{"url":"https:\/\/pubeurope.com\/@fr\/115147470518060898","error":""},"_links":{"self":[{"href":"https:\/\/www.europesays.com\/fr\/wp-json\/wp\/v2\/posts\/366312","targetHints":{"allow":["GET"]}}],"collection":[{"href":"https:\/\/www.europesays.com\/fr\/wp-json\/wp\/v2\/posts"}],"about":[{"href":"https:\/\/www.europesays.com\/fr\/wp-json\/wp\/v2\/types\/post"}],"author":[{"embeddable":true,"href":"https:\/\/www.europesays.com\/fr\/wp-json\/wp\/v2\/users\/2"}],"replies":[{"embeddable":true,"href":"https:\/\/www.europesays.com\/fr\/wp-json\/wp\/v2\/comments?post=366312"}],"version-history":[{"count":0,"href":"https:\/\/www.europesays.com\/fr\/wp-json\/wp\/v2\/posts\/366312\/revisions"}],"wp:featuredmedia":[{"embeddable":true,"href":"https:\/\/www.europesays.com\/fr\/wp-json\/wp\/v2\/media\/366313"}],"wp:attachment":[{"href":"https:\/\/www.europesays.com\/fr\/wp-json\/wp\/v2\/media?parent=366312"}],"wp:term":[{"taxonomy":"category","embeddable":true,"href":"https:\/\/www.europesays.com\/fr\/wp-json\/wp\/v2\/categories?post=366312"},{"taxonomy":"post_tag","embeddable":true,"href":"https:\/\/www.europesays.com\/fr\/wp-json\/wp\/v2\/tags?post=366312"}],"curies":[{"name":"wp","href":"https:\/\/api.w.org\/{rel}","templated":true}]}}