{"id":366314,"date":"2025-09-04T18:35:11","date_gmt":"2025-09-04T18:35:11","guid":{"rendered":"https:\/\/www.europesays.com\/fr\/366314\/"},"modified":"2025-09-04T18:35:11","modified_gmt":"2025-09-04T18:35:11","slug":"risques-incendies-4-massifs-et-des-plages-fermes-ce-vendredi-dans-le-var-et-les-alpes-maritimes-var","status":"publish","type":"post","link":"https:\/\/www.europesays.com\/fr\/366314\/","title":{"rendered":"Risques incendies : 4 massifs et des plages ferm\u00e9s ce vendredi dans le Var et les Alpes Maritimes &#8211; Var"},"content":{"rendered":"<p>M\u00e9t\u00e9o France annonce un mistral pouvant souffler jusqu&rsquo;\u00e0 60km\/h, en particulier sur le littoral du Var ce vendredi 5 septembre. Malgr\u00e9 les orages de ces derniers jours, la pr\u00e9fecture, en lien avec M\u00e9t\u00e9o France et les pompiers du Var, a class\u00e9 4 massifs en risque tr\u00e8s s\u00e9v\u00e8re ce vendredi, et ils seront donc interdits d&rsquo;acc\u00e8s au public. Le massif de l&rsquo;Est\u00e9rel et Tanneron se prolongreant dans les Alpes Maritimes, cette portion situ\u00e9e dans le 06 sera \u00e9galement ferm\u00e9e au public ce vendredi.<\/p>\n<p>&#13;<\/p>\n<p>Dans le Var, ces fermetures de massif concernent une grande partie du littoral, d\u00e8s l&rsquo;est de Toulon. Cela signifie que <strong>toutes les plages accessibles uniquement par le sentier du littoral ou en traversant les massifs seront interdites d&rsquo;acc\u00e8s toute cette journ\u00e9e de vendredi.<\/strong> Cela concerne cependant pas les \u00eeles de Porquerolles et Port Cros. Par contre, la zone d&rsquo;adh\u00e9sion du parc national, situ\u00e9e sur sur le continent est elle concern\u00e9e et se traduit par de nombreuses plages interdites d&rsquo;acc\u00e8s sur la presqu&rsquo;\u00eele de Giens et les diff\u00e9rents caps du littoral varois.<\/p>\n<p>&#13;<\/p>\n<p>\t\t\t\tCarte des risques incendie demain&#13;<\/p>\n<p>&gt;\u00a0<strong><a href=\"https:\/\/www.frequence-sud.fr\/m\/art-94311-carte_d_acces_aux_massifs_-_risque_incendie_2025_region_paca\" target=\"_blank\" rel=\"nofollow noopener\">Consulter la carte des risques incendies r\u00e9actualis\u00e9e chaque jour<\/a><\/strong><\/p>\n<p>&#13;<br \/>\n&#13;<br \/>\n &#13;<\/p>\n<p>\u00a0<\/p>\n<p>&#13;<\/p>\n<p>L\u00e9gende<br \/>Couleur\u00a0<strong>Vert\u00a0<\/strong>\/\u00a0<strong class=\"jaune_txt\">jaune<\/strong>\u00a0: niveau de risque incendie mod\u00e9r\u00e9 : il convient de faire preuve de prudence<br \/>Couleur\u00a0<strong>orange\u00a0<\/strong>: niveau de risque incendie s\u00e9v\u00e8re : la p\u00e9n\u00e9tration dans les massifs est d\u00e9conseill\u00e9e<br \/>Couleur\u00a0: niveau de risque incendie tr\u00e8s s\u00e9v\u00e8re : l&rsquo;acc\u00e8s aux massifs est interdit.<\/p>\n<p>&#13;<\/p>\n<p>Couleur\u00a0<strong>noire<\/strong>\u00a0: niveau de risque incendie exceptionnel : L&rsquo;acc\u00e8s aux massifs est interdit<\/p>\n<p>&#13;<\/p>\n<p class=\"taille12\">Carte valable pour demain<\/p>\n<p>&#13;<br \/>\n4\u00a0massifs ferm\u00e9s dans le Var&#13;<\/p>\n<p class=\"focus\">Corniche des Maures<br \/>Maures<br \/>Centre Var<br \/>Est\u00e9rel\u00a0<\/p>\n<p>&#13;<\/p>\n<p>Ainsi que<strong> les massifs de l&rsquo;Est\u00e9rel et Tanneron dans les Alpes Maritimes.<\/strong><\/p>\n<p>&#13;<\/p>\n<p class=\"taille12\">Sources : Pr\u00e9fectures des Bouches-du-Rh\u00f4ne, du Var, Alpes Maritimes , Vaucluse et Alpes de Haute Provence<\/p>\n<p>&#13;<\/p>\n<p>\u00a0<\/p>\n","protected":false},"excerpt":{"rendered":"M\u00e9t\u00e9o France annonce un mistral pouvant souffler jusqu&rsquo;\u00e0 60km\/h, en particulier sur le littoral du Var ce vendredi&hellip;\n","protected":false},"author":2,"featured_media":366315,"comment_status":"","ping_status":"","sticky":false,"template":"","format":"standard","meta":{"footnotes":""},"categories":[2819],"tags":[1111,11,1777,674,1011,27,12,2401,882,25],"class_list":{"0":"post-366314","1":"post","2":"type-post","3":"status-publish","4":"format-standard","5":"has-post-thumbnail","7":"category-nice","8":"tag-actu","9":"tag-actualites","10":"tag-eu","11":"tag-europe","12":"tag-fr","13":"tag-france","14":"tag-news","15":"tag-nice","16":"tag-provence-alpes-cote-dazur","17":"tag-republique-francaise"},"share_on_mastodon":{"url":"https:\/\/pubeurope.com\/@fr\/115147474471830831","error":""},"_links":{"self":[{"href":"https:\/\/www.europesays.com\/fr\/wp-json\/wp\/v2\/posts\/366314","targetHints":{"allow":["GET"]}}],"collection":[{"href":"https:\/\/www.europesays.com\/fr\/wp-json\/wp\/v2\/posts"}],"about":[{"href":"https:\/\/www.europesays.com\/fr\/wp-json\/wp\/v2\/types\/post"}],"author":[{"embeddable":true,"href":"https:\/\/www.europesays.com\/fr\/wp-json\/wp\/v2\/users\/2"}],"replies":[{"embeddable":true,"href":"https:\/\/www.europesays.com\/fr\/wp-json\/wp\/v2\/comments?post=366314"}],"version-history":[{"count":0,"href":"https:\/\/www.europesays.com\/fr\/wp-json\/wp\/v2\/posts\/366314\/revisions"}],"wp:featuredmedia":[{"embeddable":true,"href":"https:\/\/www.europesays.com\/fr\/wp-json\/wp\/v2\/media\/366315"}],"wp:attachment":[{"href":"https:\/\/www.europesays.com\/fr\/wp-json\/wp\/v2\/media?parent=366314"}],"wp:term":[{"taxonomy":"category","embeddable":true,"href":"https:\/\/www.europesays.com\/fr\/wp-json\/wp\/v2\/categories?post=366314"},{"taxonomy":"post_tag","embeddable":true,"href":"https:\/\/www.europesays.com\/fr\/wp-json\/wp\/v2\/tags?post=366314"}],"curies":[{"name":"wp","href":"https:\/\/api.w.org\/{rel}","templated":true}]}}