{"id":366316,"date":"2025-09-04T18:36:24","date_gmt":"2025-09-04T18:36:24","guid":{"rendered":"https:\/\/www.europesays.com\/fr\/366316\/"},"modified":"2025-09-04T18:36:24","modified_gmt":"2025-09-04T18:36:24","slug":"la-fete-de-lagriculture-se-tiendra-ce-samedi-6-septembre-sur-la-coulee-verte-a-nice","status":"publish","type":"post","link":"https:\/\/www.europesays.com\/fr\/366316\/","title":{"rendered":"La f\u00eate de l\u2019agriculture se tiendra ce samedi 6 septembre sur la coul\u00e9e verte \u00e0 Nice"},"content":{"rendered":"<p>Le vert et la terre seront d\u2019actualit\u00e9, ce samedi 6 septembre 2025, promenade du Paillon avec la f\u00eate de l\u2019agriculture urbaine. Une f\u00eate, organis\u00e9e dans le cadre de la San Bertoumi\u00e9u, faisant s\u2019\u00e9panouir des m\u00e9tiers \u0153uvrant \u00e0 l\u2019exploitation agricole et \u00e0 la valorisation des productions alimentaires. Une fa\u00e7on tr\u00e8s nature de mettre en valeur le savoir-faire des acteurs du monde de la terre: producteurs et artisans.<\/p>\n<p>Parmi les exposants pr\u00e9sents: la M\u00e9tropole Nice C\u00f4te d\u2019Azur, la Ville de Nice, les associations de jardins potagers, les AMAP, Agribio06, Terre de liens, la chambre d\u2019agriculture des Alpes-Maritimes, Naturarium, structure sp\u00e9cialis\u00e9e dans les poulaillers p\u00e9dagogiques, Maison des semences maralpines, Campus vert d\u2019Azur d\u2019Antibes, etc.<\/p>\n<p>Tables rondes, conf\u00e9rences et ateliers<\/p>\n<p>La th\u00e9matique agricole sera trait\u00e9e sous diff\u00e9rents angles: de la formation initiale \u00e0 la r\u00e9alisation des projets agricoles, puis, son exploitation et enfin la transformation et la consommation des productions. Autant d\u2019\u00e9changes \u00e0 multiplier avec des experts et \u00e0 partager gr\u00e2ce \u00e0 des ateliers, des animations, des tables rondes et des conf\u00e9rences pour grand public et professionnels \u00e0 partir de 11 heures.<\/p>\n<p>Rens.: de 10h \u00e0 19h, promenade du Paillon. Gratuit.<\/p>\n","protected":false},"excerpt":{"rendered":"Le vert et la terre seront d\u2019actualit\u00e9, ce samedi 6 septembre 2025, promenade du Paillon avec la f\u00eate&hellip;\n","protected":false},"author":2,"featured_media":366317,"comment_status":"","ping_status":"","sticky":false,"template":"","format":"standard","meta":{"footnotes":""},"categories":[2819],"tags":[1111,11,1777,674,7186,1011,27,12,2401,882,25],"class_list":{"0":"post-366316","1":"post","2":"type-post","3":"status-publish","4":"format-standard","5":"has-post-thumbnail","7":"category-nice","8":"tag-actu","9":"tag-actualites","10":"tag-eu","11":"tag-europe","12":"tag-festivites","13":"tag-fr","14":"tag-france","15":"tag-news","16":"tag-nice","17":"tag-provence-alpes-cote-dazur","18":"tag-republique-francaise"},"share_on_mastodon":{"url":"https:\/\/pubeurope.com\/@fr\/115147478399548836","error":""},"_links":{"self":[{"href":"https:\/\/www.europesays.com\/fr\/wp-json\/wp\/v2\/posts\/366316","targetHints":{"allow":["GET"]}}],"collection":[{"href":"https:\/\/www.europesays.com\/fr\/wp-json\/wp\/v2\/posts"}],"about":[{"href":"https:\/\/www.europesays.com\/fr\/wp-json\/wp\/v2\/types\/post"}],"author":[{"embeddable":true,"href":"https:\/\/www.europesays.com\/fr\/wp-json\/wp\/v2\/users\/2"}],"replies":[{"embeddable":true,"href":"https:\/\/www.europesays.com\/fr\/wp-json\/wp\/v2\/comments?post=366316"}],"version-history":[{"count":0,"href":"https:\/\/www.europesays.com\/fr\/wp-json\/wp\/v2\/posts\/366316\/revisions"}],"wp:featuredmedia":[{"embeddable":true,"href":"https:\/\/www.europesays.com\/fr\/wp-json\/wp\/v2\/media\/366317"}],"wp:attachment":[{"href":"https:\/\/www.europesays.com\/fr\/wp-json\/wp\/v2\/media?parent=366316"}],"wp:term":[{"taxonomy":"category","embeddable":true,"href":"https:\/\/www.europesays.com\/fr\/wp-json\/wp\/v2\/categories?post=366316"},{"taxonomy":"post_tag","embeddable":true,"href":"https:\/\/www.europesays.com\/fr\/wp-json\/wp\/v2\/tags?post=366316"}],"curies":[{"name":"wp","href":"https:\/\/api.w.org\/{rel}","templated":true}]}}