{"id":366318,"date":"2025-09-04T18:37:10","date_gmt":"2025-09-04T18:37:10","guid":{"rendered":"https:\/\/www.europesays.com\/fr\/366318\/"},"modified":"2025-09-04T18:37:10","modified_gmt":"2025-09-04T18:37:10","slug":"la-note-choc-de-bruno-retailleau-aux-prefets-pour-eviter-la-paralysie-de-la-france-le-10-septembre","status":"publish","type":"post","link":"https:\/\/www.europesays.com\/fr\/366318\/","title":{"rendered":"La note choc de Bruno Retailleau aux pr\u00e9fets pour \u00e9viter la paralysie de la France le 10 septembre"},"content":{"rendered":"<p><strong>INFO LE FIGARO &#8211; <\/strong>Le ministre de l\u2019Int\u00e9rieur leur demande ce lundi de se pr\u00e9parer \u00e0 entraver \u00abtoute tentative de blocage des infrastructures essentielles\u00bb. Face \u00e0 l\u2019\u00e9parpillement des actions, policiers et gendarmes seront tr\u00e8s mobiles.<\/p>\n<p class=\"fig-paragraph\">Alors que\u00a0<a href=\"http:\/\/www.lefigaro.fr\/actualite-france\/on-va-tout-peter-des-reseaux-a-la-rue-ces-militants-d-extreme-gauche-qui-se-preparent-au-10-septembre-20250901\" data-fig-type=\"Article\" data-gtm-custom-categorie=\"navigation\" data-gtm-custom-action=\"crossclick\" data-gtm-custom-label=\"Contextuel\" data-gtm-event=\"customEventSPE\" data-fig-domain=\"LEFIGARO\" rel=\"nofollow noopener\" target=\"_blank\">le mouvement intitul\u00e9 \u00ab Bloquons tout\u00bb appelle \u00e0 \u00ab paralyser le pays\u00bb le mercredi 10 septembre<\/a>, Bruno Retailleau affiche la fermet\u00e9. Dans un t\u00e9l\u00e9gramme adress\u00e9 lundi \u00e0 tous les pr\u00e9fets et que Le Figaro s\u2019est procur\u00e9, le ministre de l\u2019int\u00e9rieur a jug\u00e9 \u00abindispensable\u00bb d\u2019indiquer la \u00abconduite \u00e0 tenir face \u00e0 de potentiels troubles \u00e0 l\u2019ordre public\u00bb.<\/p>\n<p class=\"fig-paragraph\">Le premier flic de France est tr\u00e8s clair\u00a0: \u00abtoute tentative de blocage des infrastructures essentielles \u00e0 la vie de la Nation devra \u00eatre entrav\u00e9e en amont et le cas \u00e9ch\u00e9ant faire syst\u00e9matiquement l\u2019objet d\u2019un d\u00e9blocage dans les d\u00e9lais les plus brefs\u00bb. Les fauteurs de troubles devraient \u00eatre d\u00e9log\u00e9s avant que la situation ne s\u2019enkyste, comme lors du mouvement des \u00abgilets jaunes\u00bb. Les forces de l\u2019ordre vont agir sur tous les fronts \u00abCela concerne notamment les gares, ports, a\u00e9roports, transports en commun, axes routiers structurants, les d\u00e9p\u00f4ts p\u00e9troliers, plateformes logistiques, les centrales \u00e9lectriques, les usines d\u2019incin\u00e9ration\u2026<\/p>\n<p class=\"fig-premium-paywall__infos\">\n        Cet article est r\u00e9serv\u00e9 aux abonn\u00e9s.        Il vous reste 74% \u00e0 d\u00e9couvrir.\n    <\/p>\n<p>                <img  data- alt=\"Le Figaro\" class=\"fig-img--complete fig-img\"\/><\/p>\n<p class=\"fig-premium-paywall__title\">Vente Flash<\/p>\n<p class=\"fig-premium-paywall__subtitle\">4,99\u20ac par mois pendant 12 mois. Sans engagement<\/p>\n<p class=\"fig-premium-paywall__connect\">\n                D\u00e9j\u00e0 abonn\u00e9\u00a0?                <a class=\"fig-premium-paywall__connect-link\" href=\"https:\/\/connect.lefigaro.fr\/login?client=horizon_web&amp;type=main&amp;redirect_uri=https%3A%2F%2Fwww.lefigaro.fr%2Factualite-france%2Fla-note-choc-de-retailleau-aux-prefets-pour-eviter-la-paralysie-de-la-france-le-10-septembre-20250904\" data-js-gtm=\"{&quot;customCategorie&quot;: &quot;conversion&quot;, &quot;customAction&quot;: &quot;before_Landing_Connexion_paywall_auto&quot;, &quot;customLabel&quot;: &quot;bGVmaWdhcm8uZnJfXzFmMDg5YWIzLWUxYzctNmU4Mi05MDk4LTExZjY2YmYxOTNjZF9fQXJ0aWNsZQ==_La note choc de Bruno Retailleau aux pr\u00e9fets pour \u00e9viter la paralysie de la France le 10 septembre_643&quot;, &quot;customIDSPE&quot;: &quot;bGVmaWdhcm8uZnJfXzFmMDg5YWIzLWUxYzctNmU4Mi05MDk4LTExZjY2YmYxOTNjZF9fQXJ0aWNsZQ==&quot;, &quot;event&quot;: &quot;customEventSPE&quot;}\" rel=\"nofollow noopener\" target=\"_blank\"><br \/>\n                    Connectez-vous<br \/>\n                <\/a>\n            <\/p>\n","protected":false},"excerpt":{"rendered":"INFO LE FIGARO &#8211; Le ministre de l\u2019Int\u00e9rieur leur demande ce lundi de se pr\u00e9parer \u00e0 entraver \u00abtoute&hellip;\n","protected":false},"author":2,"featured_media":366319,"comment_status":"","ping_status":"","sticky":false,"template":"","format":"standard","meta":{"footnotes":""},"categories":[2818],"tags":[1111,11,7551,1013,1777,674,3160,1011,27,1272,766,12,2636,6822,25],"class_list":{"0":"post-366318","1":"post","2":"type-post","3":"status-publish","4":"format-standard","5":"has-post-thumbnail","7":"category-nantes","8":"tag-actu","9":"tag-actualites","10":"tag-blocage","11":"tag-bruno-retailleau","12":"tag-eu","13":"tag-europe","14":"tag-forces-de-lordre","15":"tag-fr","16":"tag-france","17":"tag-manifestations","18":"tag-nantes","19":"tag-news","20":"tag-pays-de-la-loire","21":"tag-prefets","22":"tag-republique-francaise"},"share_on_mastodon":{"url":"https:\/\/pubeurope.com\/@fr\/115147482285017780","error":""},"_links":{"self":[{"href":"https:\/\/www.europesays.com\/fr\/wp-json\/wp\/v2\/posts\/366318","targetHints":{"allow":["GET"]}}],"collection":[{"href":"https:\/\/www.europesays.com\/fr\/wp-json\/wp\/v2\/posts"}],"about":[{"href":"https:\/\/www.europesays.com\/fr\/wp-json\/wp\/v2\/types\/post"}],"author":[{"embeddable":true,"href":"https:\/\/www.europesays.com\/fr\/wp-json\/wp\/v2\/users\/2"}],"replies":[{"embeddable":true,"href":"https:\/\/www.europesays.com\/fr\/wp-json\/wp\/v2\/comments?post=366318"}],"version-history":[{"count":0,"href":"https:\/\/www.europesays.com\/fr\/wp-json\/wp\/v2\/posts\/366318\/revisions"}],"wp:featuredmedia":[{"embeddable":true,"href":"https:\/\/www.europesays.com\/fr\/wp-json\/wp\/v2\/media\/366319"}],"wp:attachment":[{"href":"https:\/\/www.europesays.com\/fr\/wp-json\/wp\/v2\/media?parent=366318"}],"wp:term":[{"taxonomy":"category","embeddable":true,"href":"https:\/\/www.europesays.com\/fr\/wp-json\/wp\/v2\/categories?post=366318"},{"taxonomy":"post_tag","embeddable":true,"href":"https:\/\/www.europesays.com\/fr\/wp-json\/wp\/v2\/tags?post=366318"}],"curies":[{"name":"wp","href":"https:\/\/api.w.org\/{rel}","templated":true}]}}