{"id":366320,"date":"2025-09-04T18:38:21","date_gmt":"2025-09-04T18:38:21","guid":{"rendered":"https:\/\/www.europesays.com\/fr\/366320\/"},"modified":"2025-09-04T18:38:21","modified_gmt":"2025-09-04T18:38:21","slug":"chambery-retrouve-le-phare-avec-un-choc-face-a-nantes","status":"publish","type":"post","link":"https:\/\/www.europesays.com\/fr\/366320\/","title":{"rendered":"Chamb\u00e9ry retrouve le Phare avec un choc face \u00e0 Nantes"},"content":{"rendered":"<p>La Team Chamb\u00e9 retrouve ce vendredi soir son Phare et ses supporters pour lancer la saison de StarLigue. Premier d\u00e9fi de taille : Nantes, dauphin du PSG et 3e de la derni\u00e8re Ligue des Champions. Un adversaire que les Savoyards n\u2019ont plus battu \u00e0 domicile depuis pr\u00e8s de dix ans, mais qu\u2019ils avaient accroch\u00e9 au nul (28-28) en juin dernier. Port\u00e9s par leur capitaine Pierre Paturel, les hommes d\u2019Asier Antonio esp\u00e8rent cr\u00e9er la surprise et d\u00e9buter l\u2019exercice 2025-2026 sur une dynamique positive.<\/p>\n","protected":false},"excerpt":{"rendered":"La Team Chamb\u00e9 retrouve ce vendredi soir son Phare et ses supporters pour lancer la saison de StarLigue.&hellip;\n","protected":false},"author":2,"featured_media":366321,"comment_status":"","ping_status":"","sticky":false,"template":"","format":"standard","meta":{"footnotes":""},"categories":[2818],"tags":[1111,11,1777,674,1011,27,766,12,2636,25],"class_list":{"0":"post-366320","1":"post","2":"type-post","3":"status-publish","4":"format-standard","5":"has-post-thumbnail","7":"category-nantes","8":"tag-actu","9":"tag-actualites","10":"tag-eu","11":"tag-europe","12":"tag-fr","13":"tag-france","14":"tag-nantes","15":"tag-news","16":"tag-pays-de-la-loire","17":"tag-republique-francaise"},"share_on_mastodon":{"url":"https:\/\/pubeurope.com\/@fr\/115147486330577522","error":""},"_links":{"self":[{"href":"https:\/\/www.europesays.com\/fr\/wp-json\/wp\/v2\/posts\/366320","targetHints":{"allow":["GET"]}}],"collection":[{"href":"https:\/\/www.europesays.com\/fr\/wp-json\/wp\/v2\/posts"}],"about":[{"href":"https:\/\/www.europesays.com\/fr\/wp-json\/wp\/v2\/types\/post"}],"author":[{"embeddable":true,"href":"https:\/\/www.europesays.com\/fr\/wp-json\/wp\/v2\/users\/2"}],"replies":[{"embeddable":true,"href":"https:\/\/www.europesays.com\/fr\/wp-json\/wp\/v2\/comments?post=366320"}],"version-history":[{"count":0,"href":"https:\/\/www.europesays.com\/fr\/wp-json\/wp\/v2\/posts\/366320\/revisions"}],"wp:featuredmedia":[{"embeddable":true,"href":"https:\/\/www.europesays.com\/fr\/wp-json\/wp\/v2\/media\/366321"}],"wp:attachment":[{"href":"https:\/\/www.europesays.com\/fr\/wp-json\/wp\/v2\/media?parent=366320"}],"wp:term":[{"taxonomy":"category","embeddable":true,"href":"https:\/\/www.europesays.com\/fr\/wp-json\/wp\/v2\/categories?post=366320"},{"taxonomy":"post_tag","embeddable":true,"href":"https:\/\/www.europesays.com\/fr\/wp-json\/wp\/v2\/tags?post=366320"}],"curies":[{"name":"wp","href":"https:\/\/api.w.org\/{rel}","templated":true}]}}