{"id":366324,"date":"2025-09-04T18:40:10","date_gmt":"2025-09-04T18:40:10","guid":{"rendered":"https:\/\/www.europesays.com\/fr\/366324\/"},"modified":"2025-09-04T18:40:10","modified_gmt":"2025-09-04T18:40:10","slug":"heureux-maire-dune-ville-joyeuse-rayonnante-ouverte-sur-le-monde-pierre-hurmic-fait-sa-rentree-politique","status":"publish","type":"post","link":"https:\/\/www.europesays.com\/fr\/366324\/","title":{"rendered":"\u00ab\u00a0Heureux [\u2026] maire d\u2019une\u00a0ville joyeuse, rayonnante, ouverte sur le monde\u00a0\u00bb, Pierre Hurmic fait sa rentr\u00e9e politique"},"content":{"rendered":"<p>Une plong\u00e9e dans le calendrier fourni des prochaines livraisons de projets. C\u2019est jour de \u00ab\u00a0conf\u00e9rence de presse de rentr\u00e9e\u00a0\u00bb, ce jeudi 4\u00a0septembre, pour le maire (EELV) Pierre Hurmic, accompagn\u00e9 de 23 \u00e9lus de sa majorit\u00e9 dans un salon de l\u2019h\u00f4tel de Ville et attel\u00e9 <a href=\"https:\/\/www.sudouest.fr\/economie\/transports\/circulation-en-gironde\/circulation-a-bordeaux-les-boulevards-quelle-reussite-pierre-hurmic-estime-avoir-reequilibre-les-deplacements-25790720.php\" rel=\"nofollow noopener\" target=\"_blank\">\u00e0 l\u2019inventaire sourcilleux des chantiers de fin de mandature<\/a>. L\u2019exercice n\u2019interdit pas, tout de m\u00eame, quelques \u00e9lans d\u2019autol\u00e9gitimation, \u00e0 six mois des \u00e9lections municipales. Car l\u2019\u00e9ch\u00e9ance est dans toutes les t\u00eates et l\u2019int\u00e9ress\u00e9, qui n\u2019allait pas d\u00e9clarer sa candidature dans les murs de la mairie, joue habilement du s\u00e9quen\u00e7age en r\u00e9ponse \u00e0 une premi\u00e8re question\u00a0: \u00ab\u00a0Je le ferai en un autre lieu et \u00e0 un autre temps [\u2026]. Je donnerai ma d\u00e9cision le moment venu mais, je tiens \u00e0 vous rassurer, ma d\u00e9cision est prise\u2026\u00a0\u00bb<\/p>\n<p>Pas de suspense, donc, si ce n\u2019est le futur d\u00e9cor de l\u2019entr\u00e9e en campagne du maire sortant. Pour l\u2019heure, Pierre Hurmic s\u2019impose un propos liminaire sur l\u2019\u00e9tat du monde et le \u00ab\u00a0p\u00e9ril climatique\u00a0\u00bb pour mieux retomber sur ses pieds au sortir d\u2019un \u00e9t\u00e9 marqu\u00e9 par plusieurs \u00e9pisodes caniculaires, soit \u00ab\u00a020 jours en cumul\u00e9 depuis le d\u00e9but de l\u2019ann\u00e9e\u00a0\u00bb\u00a0: la \u00ab\u00a0v\u00e9g\u00e9talisation massive\u00a0\u00bb et l\u2019exigence de \u00ab\u00a0z\u00e9ro artificialisation\u00a0\u00bb des sols mis en \u0153uvre \u00e0 Bordeaux \u00ab\u00a0rel\u00e8vent de l\u2019urgence sanitaire\u00a0\u00bb, plaide-t-il.<\/p>\n<p>Cours buissonni\u00e8res<\/p>\n<p><a href=\"https:\/\/www.sudouest.fr\/politique\/urbanisme\/bordeaux-c-est-seulement-maintenant-qu-on-apprecie-le-quartier-meriadeck-22645561.php\" rel=\"nofollow noopener\" target=\"_blank\">Refonte de l\u2019esplanade de M\u00e9riadeck<\/a>, am\u00e9nagements transitoires sur les all\u00e9es Tourny, jardins familiaux reconfigur\u00e9s des Aubiers, place Renaudel pi\u00e9tonnis\u00e9e et v\u00e9g\u00e9talis\u00e9e, nouvelle plaine sportive de Lescure\u00a0: liste non exhaustive des projets en cours que se fait fort d\u2019\u00e9num\u00e9rer le maire, avec une faiblesse avou\u00e9e pour les \u00ab\u00a0cours buissonni\u00e8res\u00a0\u00bb, le programme de cours d\u2019\u00e9cole v\u00e9g\u00e9talis\u00e9es, au nombre de 37 (sur 119 \u00e9tablissements) en cette rentr\u00e9e\u00a0: \u00ab\u00a0J\u2019ai fait ma rentr\u00e9e \u00e0 Henri-IV. Je peux t\u00e9moigner de la satisfaction des parents et de l\u2019enthousiasme des enfants.\u00a0\u00bb<\/p>\n<p>\u00c0 l\u2019\u00e9cole Carle-Vernet, insiste-t-il, \u00ab\u00a0tous les enseignants me disent que les gamins, essentiellement des gar\u00e7ons, sont plus apais\u00e9s, moins bagarreurs, plus r\u00e9ceptifs \u00e0 l\u2019enseignement. On a apais\u00e9 et d\u00e9genr\u00e9 ces cours o\u00f9 les gar\u00e7ons jouaient au football au milieu et les filles \u00e9taient rel\u00e9gu\u00e9es en p\u00e9riph\u00e9rie. Allez voir maintenant comment se passe le partage de l\u2019espace\u00a0! C\u2019est un gros poste budg\u00e9taire, 18\u00a0millions. C\u2019est \u00e7a, la politique, ce n\u2019est pas construire un grand stade.\u00a0\u00bb<\/p>\n<p>Royale indiff\u00e9rence<\/p>\n<p>Voil\u00e0 une des rares \u00ab\u00a0petites phrases\u00a0\u00bb que s\u2019autorise le maire \u00e9cologiste. Pas plus tard que la veille, Alexandra Siarri annon\u00e7ait rallier la candidature \u00e0 l\u2019\u00e9lection municipale de Thomas Cazenave (Renaissance). Pierre Hurmic accueille ce resserrement des rangs dans son opposition avec une royale indiff\u00e9rence\u00a0: \u00ab\u00a0Un \u00e9v\u00e9nement tellement attendu qu\u2019il ne m\u00e9rite pas de commentaires.\u00a0\u00bb Mais, \u00e0 force de r\u00e9p\u00e9ter en conf\u00e9rence de presse combien Bordeaux \u00ab\u00a0avance\u00a0\u00bb, \u00ab\u00a0rayonne\u00a0\u00bb, le maire semble r\u00e9pondre \u00e0 Thomas Cazenave, qui pourfendait un projet \u00ab\u00a0localiste et d\u00e9croissant\u00a0\u00bb et une \u00ab\u00a0ville qui se replie sur elle-m\u00eame.\u00a0\u00bb<\/p>\n<p>Le maire y oppose \u00ab\u00a0le doublement\u00a0\u00bb du tourisme d\u2019affaire ou encore, fin octobre, <a href=\"https:\/\/www.sudouest.fr\/gironde\/bordeaux\/bordeaux-accueillera-le-forum-mondial-de-l-economie-sociale-et-solidaire-en-2025-15146413.php\" rel=\"nofollow noopener\" target=\"_blank\">la tenue du Forum mondial de l\u2019\u00e9conomie sociale et solidaire<\/a>\u00a0: \u00ab\u00a0Bordeaux est une r\u00e9f\u00e9rence internationale pour un mod\u00e8le \u00e9conomique plus juste, durable, ce dont nous pouvons tous \u00eatre particuli\u00e8rement fiers.\u00a0\u00bb Un dernier chiffre, mani\u00e9 par Pierre Hurmic en prenant soin de le d\u00e9corr\u00e9ler de la \u00ab\u00a0crise du commerce de proximit\u00e9\u00a0\u00bb\u00a0: \u00ab\u00a0le nombre de passants dans les rues de l\u2019hypercentre a augment\u00e9 de 22\u00a0% cet \u00e9t\u00e9\u00a0\u00bb.<\/p>\n<p>\u00ab\u00a0Heureux d\u2019\u00eatre le maire d\u2019une ville joyeuse, rayonnante, ouverte sur le monde\u00a0\u00bb, dit-il dans une de ces envol\u00e9es qui collent \u00e0 son caract\u00e8re bonhomme, au risque d\u2019\u00eatre tax\u00e9 de candeur. Pierre Hurmic n\u2019est pourtant pas loin du faux pas diplomatique, dans une r\u00e9ponse tr\u00e8s spontan\u00e9e \u00e0 une question sur son emploi du temps \u00ab\u00a0le 10\u00a0septembre\u00a0\u00bb, jour annonc\u00e9 de blocage g\u00e9n\u00e9ral. \u00ab\u00a0Je n\u2019ai pas encore pris de d\u00e9cision. Je pense que je travaillerai, je continuerai \u00e0 \u00eatre maire ce jour-l\u00e0.\u00a0\u00bb Il pr\u00e9cisera sa pens\u00e9e en toute fin de conf\u00e9rence de presse\u00a0: \u00ab\u00a0J\u2019ai peut-\u00eatre \u00e9t\u00e9 un peu rapido. Je ne suis pas un maire hors-sol, ou bunk\u00e9ris\u00e9. Je serai \u00e0 l\u2019\u00e9coute des col\u00e8res\u00a0\u00bb, souffle-t-il.<\/p>\n","protected":false},"excerpt":{"rendered":"Une plong\u00e9e dans le calendrier fourni des prochaines livraisons de projets. C\u2019est jour de \u00ab\u00a0conf\u00e9rence de presse de&hellip;\n","protected":false},"author":2,"featured_media":366325,"comment_status":"","ping_status":"","sticky":false,"template":"","format":"standard","meta":{"footnotes":""},"categories":[2817],"tags":[1111,11,1997,1777,674,1011,27,12,2219,25],"class_list":{"0":"post-366324","1":"post","2":"type-post","3":"status-publish","4":"format-standard","5":"has-post-thumbnail","7":"category-bordeaux","8":"tag-actu","9":"tag-actualites","10":"tag-bordeaux","11":"tag-eu","12":"tag-europe","13":"tag-fr","14":"tag-france","15":"tag-news","16":"tag-nouvelle-aquitaine","17":"tag-republique-francaise"},"share_on_mastodon":{"url":"https:\/\/pubeurope.com\/@fr\/115147494133575850","error":""},"_links":{"self":[{"href":"https:\/\/www.europesays.com\/fr\/wp-json\/wp\/v2\/posts\/366324","targetHints":{"allow":["GET"]}}],"collection":[{"href":"https:\/\/www.europesays.com\/fr\/wp-json\/wp\/v2\/posts"}],"about":[{"href":"https:\/\/www.europesays.com\/fr\/wp-json\/wp\/v2\/types\/post"}],"author":[{"embeddable":true,"href":"https:\/\/www.europesays.com\/fr\/wp-json\/wp\/v2\/users\/2"}],"replies":[{"embeddable":true,"href":"https:\/\/www.europesays.com\/fr\/wp-json\/wp\/v2\/comments?post=366324"}],"version-history":[{"count":0,"href":"https:\/\/www.europesays.com\/fr\/wp-json\/wp\/v2\/posts\/366324\/revisions"}],"wp:featuredmedia":[{"embeddable":true,"href":"https:\/\/www.europesays.com\/fr\/wp-json\/wp\/v2\/media\/366325"}],"wp:attachment":[{"href":"https:\/\/www.europesays.com\/fr\/wp-json\/wp\/v2\/media?parent=366324"}],"wp:term":[{"taxonomy":"category","embeddable":true,"href":"https:\/\/www.europesays.com\/fr\/wp-json\/wp\/v2\/categories?post=366324"},{"taxonomy":"post_tag","embeddable":true,"href":"https:\/\/www.europesays.com\/fr\/wp-json\/wp\/v2\/tags?post=366324"}],"curies":[{"name":"wp","href":"https:\/\/api.w.org\/{rel}","templated":true}]}}