{"id":366334,"date":"2025-09-04T18:45:20","date_gmt":"2025-09-04T18:45:20","guid":{"rendered":"https:\/\/www.europesays.com\/fr\/366334\/"},"modified":"2025-09-04T18:45:20","modified_gmt":"2025-09-04T18:45:20","slug":"juliette-george-feria-foria-pour-le-showroom-art-o-rama-2025","status":"publish","type":"post","link":"https:\/\/www.europesays.com\/fr\/366334\/","title":{"rendered":"Juliette George &#8211; Feria &#038; Foria pour le Showroom Art-o-rama 2025"},"content":{"rendered":"<p style=\"font-size:18px\">S\u00e9lectionn\u00e9e pour le Showroom d\u2019Art-o-rama 2025 par Yasmine d\u2019O. et Sa\u00e2dane Afif, commissaires de cette \u00e9dition, <strong>Juliette George<\/strong> a logiquement remport\u00e9 le Prix R\u00e9gion Sud Art 2025, d\u00e9cern\u00e9 par un jury compos\u00e9 des galeristes et \u00e9diteurs pr\u00e9sents au salon.<\/p>\n<p>Quelques jours avant l\u2019ouverture, Juliette George r\u00e9sumait ainsi sa proposition sur les r\u00e9seaux sociaux\u00a0:<br \/>\u00ab\u2009Avoir la foire. Avoir peur.<br \/>Alors que je r\u00e9fl\u00e9chissais au contexte de ce prix, j\u2019ai lu \u00e7a dans un dictionnaire d\u2019\u00e9tymologie.<br \/>Flux de ventre. Avoir la foire. Avoir peur.<br \/>J\u2019arr\u00eatais pas de me le r\u00e9p\u00e9ter.<br \/>Avoir la foire c\u2019est aussi avoir peur, je me disais. Peur d\u2019\u00e9chouer.<br \/>\u00c7a r\u00e9sonnait avec ce contexte et avec un autre, bien plus vaste\u2009\u00bb.<\/p>\n<p><img decoding=\"async\" data-attachment-id=\"66954\" data-permalink=\"https:\/\/www.enrevenantdelexpo.com\/juliette-george-feria-foria-pour-le-showroom-art-o-rama-2025\/\" data-orig-file=\"https:\/\/i0.wp.com\/www.enrevenantdelexpo.com\/wp-content\/uploads\/2025\/09\/Juliette-George-Feria-Foria-pour-le-Showroom-Art-o-rama-2025.jpg?fit=1200%2C1200&amp;ssl=1\" data-orig-size=\"1200,1200\" data-comments-opened=\"1\" data-image-meta=\"{&quot;aperture&quot;:&quot;0&quot;,&quot;credit&quot;:&quot;&quot;,&quot;camera&quot;:&quot;&quot;,&quot;caption&quot;:&quot;&quot;,&quot;created_timestamp&quot;:&quot;0&quot;,&quot;copyright&quot;:&quot;&quot;,&quot;focal_length&quot;:&quot;0&quot;,&quot;iso&quot;:&quot;0&quot;,&quot;shutter_speed&quot;:&quot;0&quot;,&quot;title&quot;:&quot;&quot;,&quot;orientation&quot;:&quot;0&quot;}\" data-image-title=\"Juliette George \u2013 Feria &amp; Foria pour le Showroom Art-o-rama 2025\" data-image-description=\"\" data-image-caption=\"&lt;p&gt;Juliette George \u2013 Feria &amp; Foria pour le Showroom Art-o-rama 2025&lt;\/p&gt;&#10;\" data-medium-file=\"https:\/\/i0.wp.com\/www.enrevenantdelexpo.com\/wp-content\/uploads\/2025\/09\/Juliette-George-Feria-Foria-pour-le-Showroom-Art-o-rama-2025.jpg?fit=300%2C300&amp;ssl=1\" data-large-file=\"https:\/\/i0.wp.com\/www.enrevenantdelexpo.com\/wp-content\/uploads\/2025\/09\/Juliette-George-Feria-Foria-pour-le-Showroom-Art-o-rama-2025.jpg?fit=696%2C696&amp;ssl=1\" role=\"button\" tabindex=\"0\" aria-label=\"Ouvrir l\u2019image 1 sur 3 en plein \u00e9cran data-lazy-\" alt=\"Juliette George - Feria &amp; Foria pour le Showroom Art-o-rama 2025\" data-height=\"1200\" data-id=\"66954\" data-link=\"https:\/\/www.enrevenantdelexpo.com\/juliette-george-feria-foria-pour-le-showroom-art-o-rama-2025\/\" data-url=\"https:\/\/www.enrevenantdelexpo.com\/wp-content\/uploads\/2025\/09\/Juliette-George-Feria-Foria-pour-le-Showroom-Art-o-rama-2025-1024x1024.jpg\" data-width=\"1200\" src=\"data:image\/svg+xml,%3Csvg%20xmlns=\" http:=\"\" data-amp-layout=\"responsive\" data-lazy-src=\"https:\/\/www.europesays.com\/fr\/wp-content\/uploads\/2025\/09\/Juliette-George-Feria-Foria-pour-le-Showroom-Art-o-rama-2025-1024x1024.jpg\"\/><\/p>\n<p style=\"font-size:11px\"><strong>Juliette George<\/strong> avec Catherine Bastide et une petite lectrice \u2013 Feria &amp; Foria pour le Showroom <strong>Art-o-rama 2025<\/strong><\/p>\n<p><strong>Feria &amp; Foria<\/strong>, \u00e9crit-elle, \u00ab\u2009une biblioth\u00e8que de l\u2019\u00e9chec, sur un podium invers\u00e9, une assise douce, constitu\u00e9e gr\u00e2ce \u00e0 l\u2019aide de quelques personnes que je remercie chaleureusement de m\u2019avoir fait lire cet \u00e9t\u00e9\u2009\u00bb.<\/p>\n<p><img data-recalc-dims=\"1\" fetchpriority=\"high\" decoding=\"async\" width=\"696\" height=\"464\" data-attachment-id=\"66951\" data-permalink=\"https:\/\/www.enrevenantdelexpo.com\/juliette-george-feria-foria-pour-le-showroom-art-o-rama-2025-02\/\" data-orig-file=\"https:\/\/i0.wp.com\/www.enrevenantdelexpo.com\/wp-content\/uploads\/2025\/09\/Juliette-George-Feria-Foria-pour-le-Showroom-Art-o-rama-2025-02.jpg?fit=1199%2C799&amp;ssl=1\" data-orig-size=\"1199,799\" data-comments-opened=\"1\" data-image-meta=\"{&quot;aperture&quot;:&quot;0&quot;,&quot;credit&quot;:&quot;&quot;,&quot;camera&quot;:&quot;&quot;,&quot;caption&quot;:&quot;&quot;,&quot;created_timestamp&quot;:&quot;0&quot;,&quot;copyright&quot;:&quot;&quot;,&quot;focal_length&quot;:&quot;0&quot;,&quot;iso&quot;:&quot;0&quot;,&quot;shutter_speed&quot;:&quot;0&quot;,&quot;title&quot;:&quot;&quot;,&quot;orientation&quot;:&quot;0&quot;}\" data-image-title=\"Juliette George \u2013 Feria &amp; Foria pour le Showroom Art-o-rama 2025. Photo Art-o-rama\" data-image-description=\"\" data-image-caption=\"&lt;p&gt;Juliette George \u2013 Feria &amp; Foria pour le Showroom Art-o-rama 2025. Photo Art-o-rama&lt;\/p&gt;&#10;\" data-medium-file=\"https:\/\/i0.wp.com\/www.enrevenantdelexpo.com\/wp-content\/uploads\/2025\/09\/Juliette-George-Feria-Foria-pour-le-Showroom-Art-o-rama-2025-02.jpg?fit=300%2C200&amp;ssl=1\" data-large-file=\"https:\/\/i0.wp.com\/www.enrevenantdelexpo.com\/wp-content\/uploads\/2025\/09\/Juliette-George-Feria-Foria-pour-le-Showroom-Art-o-rama-2025-02.jpg?fit=696%2C464&amp;ssl=1\" src=\"data:image\/svg+xml,%3Csvg%20xmlns=\" http:=\"\" alt=\"Juliette George - Feria &amp; Foria pour le Showroom Art-o-rama 2025. Photo Art-o-rama\" class=\"wp-image-66951\" data-lazy- data-lazy- data-lazy-src=\"https:\/\/www.europesays.com\/fr\/wp-content\/uploads\/2025\/09\/Juliette-George-Feria-Foria-pour-le-Showroom-Art-o-rama-2025-02.jpg\"\/><strong>Juliette George<\/strong> \u2013 Feria &amp; Foria pour le Showroom <strong>Art-o-rama 2025<\/strong>. Photo Art-o-rama Margot Montigny<\/p>\n<p>\u00ab\u2009Trois niveaux de sol, renvoyant aux trois degr\u00e9s d\u2019un podium de victoire, courent sur toute la largeur du stand de quatre m\u00e8tres par quatre que lui a attribu\u00e9 Art-o-rama. Couverts d\u2019une moquette brune, ils forment une sorte d\u2019assise. Une bibliographie, inscrite au crayon de la main m\u00eame de l\u2019artiste sur une simple feuille de papier\u00a0A4 bleut\u00e9e, est punais\u00e9e au mur. <\/p>\n<p><img loading=\"lazy\" data-recalc-dims=\"1\" decoding=\"async\" width=\"696\" height=\"984\" data-attachment-id=\"66957\" data-permalink=\"https:\/\/www.enrevenantdelexpo.com\/juliette-george-feria-foria-pour-le-showroom-art-o-rama-2025-3\/\" data-orig-file=\"https:\/\/i0.wp.com\/www.enrevenantdelexpo.com\/wp-content\/uploads\/2025\/09\/Juliette-George-Feria-Foria-pour-le-Showroom-Art-o-rama-2025-3.jpg?fit=1199%2C1695&amp;ssl=1\" data-orig-size=\"1199,1695\" data-comments-opened=\"1\" data-image-meta=\"{&quot;aperture&quot;:&quot;0&quot;,&quot;credit&quot;:&quot;&quot;,&quot;camera&quot;:&quot;&quot;,&quot;caption&quot;:&quot;&quot;,&quot;created_timestamp&quot;:&quot;0&quot;,&quot;copyright&quot;:&quot;&quot;,&quot;focal_length&quot;:&quot;0&quot;,&quot;iso&quot;:&quot;0&quot;,&quot;shutter_speed&quot;:&quot;0&quot;,&quot;title&quot;:&quot;&quot;,&quot;orientation&quot;:&quot;0&quot;}\" data-image-title=\"Juliette George \u2013 Feria &amp; Foria pour le Showroom Art-o-rama 2025\" data-image-description=\"\" data-image-caption=\"&lt;p&gt;Juliette George \u2013 Feria &amp; Foria pour le Showroom Art-o-rama 2025&lt;\/p&gt;&#10;\" data-medium-file=\"https:\/\/i0.wp.com\/www.enrevenantdelexpo.com\/wp-content\/uploads\/2025\/09\/Juliette-George-Feria-Foria-pour-le-Showroom-Art-o-rama-2025-3.jpg?fit=212%2C300&amp;ssl=1\" data-large-file=\"https:\/\/i0.wp.com\/www.enrevenantdelexpo.com\/wp-content\/uploads\/2025\/09\/Juliette-George-Feria-Foria-pour-le-Showroom-Art-o-rama-2025-3.jpg?fit=696%2C984&amp;ssl=1\" src=\"data:image\/svg+xml,%3Csvg%20xmlns=\" http:=\"\" alt=\"Juliette George - Feria &amp; Foria pour le Showroom Art-o-rama 2025\" class=\"wp-image-66957\" data-lazy- data-lazy- data-lazy-src=\"https:\/\/www.europesays.com\/fr\/wp-content\/uploads\/2025\/09\/Juliette-George-Feria-Foria-pour-le-Showroom-Art-o-rama-2025-3.jpg\"\/><strong>Juliette George<\/strong> \u2013 Feria &amp; Foria pour le Showroom <strong>Art-o-rama 2025<\/strong><\/p>\n<p>\u00c0 peu pr\u00e8s \u00e0 l\u2019aplomb, une pile de livres est pos\u00e9e sur la moquette. Dans un coin, la pr\u00e9sence d\u2019un gratte-dos au sens ind\u00e9fini rappelle qu\u2019une forme litt\u00e9raire est peut-\u00eatre possible \u201cpar-del\u00e0 l\u2019encre et le papier\u201d et invite le visiteur dubitatif \u00e0 prendre place sur ce vaisseau pour m\u00e9diter sur ses propres \u00e9checs, mais \u00e9galement sur ceux, collectifs et bien plus inqui\u00e9tants, qui semblent mener notre monde \u00e0 la catastrophe \u2013 car \u201cavoir la foire, c\u2019est aussi avoir peur\u201d\u2009\u00bb.. Comme l\u2019\u00e9crivait son c\u00f4t\u00e9 Yasmine d\u2019o. dans un texte qui accompagnait l\u2019installation de Juliette George et que l\u2019on reproduit ci-dessous.<\/p>\n<p><img loading=\"lazy\" data-recalc-dims=\"1\" decoding=\"async\" width=\"696\" height=\"464\" data-attachment-id=\"66952\" data-permalink=\"https:\/\/www.enrevenantdelexpo.com\/juliette-george-feria-foria-pour-le-showroom-art-o-rama-2025-03\/\" data-orig-file=\"https:\/\/i0.wp.com\/www.enrevenantdelexpo.com\/wp-content\/uploads\/2025\/09\/Juliette-George-Feria-Foria-pour-le-Showroom-Art-o-rama-2025-03.jpg?fit=1199%2C799&amp;ssl=1\" data-orig-size=\"1199,799\" data-comments-opened=\"1\" data-image-meta=\"{&quot;aperture&quot;:&quot;0&quot;,&quot;credit&quot;:&quot;&quot;,&quot;camera&quot;:&quot;&quot;,&quot;caption&quot;:&quot;&quot;,&quot;created_timestamp&quot;:&quot;0&quot;,&quot;copyright&quot;:&quot;&quot;,&quot;focal_length&quot;:&quot;0&quot;,&quot;iso&quot;:&quot;0&quot;,&quot;shutter_speed&quot;:&quot;0&quot;,&quot;title&quot;:&quot;&quot;,&quot;orientation&quot;:&quot;0&quot;}\" data-image-title=\"Juliette George \u2013 Feria &amp; Foria pour le Showroom Art-o-rama 2025\" data-image-description=\"\" data-image-caption=\"&lt;p&gt;Juliette George \u2013 Feria &amp; Foria pour le Showroom Art-o-rama 2025&lt;\/p&gt;&#10;\" data-medium-file=\"https:\/\/i0.wp.com\/www.enrevenantdelexpo.com\/wp-content\/uploads\/2025\/09\/Juliette-George-Feria-Foria-pour-le-Showroom-Art-o-rama-2025-03.jpg?fit=300%2C200&amp;ssl=1\" data-large-file=\"https:\/\/i0.wp.com\/www.enrevenantdelexpo.com\/wp-content\/uploads\/2025\/09\/Juliette-George-Feria-Foria-pour-le-Showroom-Art-o-rama-2025-03.jpg?fit=696%2C464&amp;ssl=1\" src=\"data:image\/svg+xml,%3Csvg%20xmlns=\" http:=\"\" alt=\"Juliette George - Feria &amp; Foria pour le Showroom Art-o-rama 2025\" class=\"wp-image-66952\" data-lazy- data-lazy- data-lazy-src=\"https:\/\/www.europesays.com\/fr\/wp-content\/uploads\/2025\/09\/Juliette-George-Feria-Foria-pour-le-Showroom-Art-o-rama-2025-03.jpg\"\/><strong>Juliette George<\/strong> \u2013 Feria &amp; Foria pour le Showroom <strong>Art-o-rama 2025<\/strong>. Photo : Margot Montigny<\/p>\n<p>Installation d\u2019une rare intelligence, Feria &amp; Foria s\u2019est impos\u00e9e comme l\u2019une des propositions les plus marquantes de cette 19\u1d49\u00a0\u00e9dition d\u2019Art-o-rama. Un projet qui renouait avec l\u2019esprit d\u2019Art Dealers, et constituait sans doute le plus bel hommage \u00e0 la m\u00e9moire de Roger Pailhas.<\/p>\n<p>Avec cette installation et ce prix, Juliette George s\u2019impose encore un peu plus comme une des artistes majeures de la jeune sc\u00e8ne artistique. On avait d\u00e9couvert son travail avec Soixante-deux v\u0153ux fran\u00e7ais pr\u00e9sent\u00e9s dans \u00ab\u00a0<a href=\"https:\/\/www.enrevenantdelexpo.com\/2022\/01\/30\/la-releve-4-veiller-chateau-de-servieres-marseille\/\" target=\"_blank\" rel=\"noreferrer noopener nofollow\">La Rel\u00e8ve 4, Veiller<\/a>\u00a0\u00bb au Ch\u00e2teau de Servi\u00e8res en 2022, avant de la retrouver parmi les \u00ab <a href=\"https:\/\/www.enrevenantdelexpo.com\/2022\/04\/01\/career-girls-mecenes-du-sudmontpellier-sete\/\" target=\"_blank\" rel=\"noreferrer noopener nofollow\">Career Girls<\/a> \u00bb r\u00e9unies par Margaux Bonopera et Elsa Vettier chez les M\u00e9c\u00e8nes du Sud Montpellier-S\u00e8te.<\/p>\n<p>On se souvient aussi de l\u2019exposition de fausses \u0153uvres d\u2019artistes c\u00e9l\u00e8bres par cinq r\u00e9sidentes d\u2019un EHPAD rebaptis\u00e9 avec malice Establishment for High Post-Art Donation pour \u00ab <a href=\"https:\/\/www.enrevenantdelexpo.com\/2023\/02\/04\/rouvrir-le-monde-la-restitution-chateau-de-servieres-marseille\/\" target=\"_blank\" rel=\"noreferrer noopener nofollow\">Rouvrir le monde \u2013 La restitution<\/a> \u00bb au Ch\u00e2teau de Servi\u00e8res en 2023, ou encore de \u00ab\u00a0<a href=\"https:\/\/www.3bisf.com\/sympathies-n-1\" target=\"_blank\" rel=\"noreferrer noopener nofollow\">Sympathies n\u00b0 1<\/a>\u00a0\u00bb \u00e0 la suite de sa r\u00e9sidence de cr\u00e9ation au 3bisF en 2023\/2024. Elle a par ailleurs pr\u00e9sent\u00e9 ses Po\u00e8mes du capital \u00e0 l\u2019espace Niemeyer, collabor\u00e9 avec Julia Marchand pour le Pavillon g\u00e9orgien lors de la derni\u00e8re Biennale de Venise, et multipli\u00e9 les projets o\u00f9 humour, critique sociale et po\u00e9sie se croisent.<\/p>\n<p>On attend avec curiosit\u00e9 l\u2019exposition qu\u2019elle pr\u00e9sentera en tant qu\u2019artiste invit\u00e9e lors de la prochaine \u00e9dition d\u2019Art-o-rama, ainsi que la publication annonc\u00e9e \u00e0 cette occasion. En attendant, son actualit\u00e9 dans le Midi et ailleurs restera \u00e0 suivre de pr\u00e8s.<\/p>\n<p><strong>En savoir plus\u00a0:<\/strong><br \/>Consulter le <a href=\"https:\/\/documentsdartistes.org\/artistes\/george\/repro.html\" target=\"_blank\" rel=\"noreferrer noopener nofollow\">dossier de <strong>Juliette George<\/strong> sur <strong>documentsdartistes.org<\/strong><\/a><strong><br \/><\/strong>Suivre son actualit\u00e9 sur <strong><a href=\"https:\/\/www.instagram.com\/juliette_george_\/\" target=\"_blank\" rel=\"noreferrer noopener nofollow\">Instagram<\/a><\/strong><br \/>Lire sa <a href=\"https:\/\/www.3bisf.com\/juliette-george\" target=\"_blank\" rel=\"noreferrer noopener nofollow\">conversation avec l\u2019\u00e9quipe du <strong>3BisF<\/strong><\/a> lors de sa r\u00e9sidence de cr\u00e9ation<\/p>\n<p><strong>Feria &amp; Foria de Juliette George par Yasmine d\u2019o.<\/strong><\/p>\n<p>\u00ab\u00a0There is a possibility of a literature that is beyond print and paper, and pro-bably this is where I hope to be\u00a0\u00bb. Dominique Gonzalez-Foerster \u00ab\u00a0TH 2058\u00a0\u00bb<br \/>\u00ab L\u00e0 ou \u00e7a sent la merde \u00e7a sent l\u2019\u00eatre. \u00bb Antonin Artaud La recherche de la f\u00e9calit\u00e9 (1948)<br \/>\u00ab\u00a0bide, rat\u00e9, fiasco, flop ou four, achopper, avorter, capoter, craquer, crouler, s\u2019\u00e9crouler, s\u2019effondrer, faire long feu, tomber \u00e0 plat. Familier : faire chou blanc, faire fiasco, faire un flop, finir en eau de boudin, louper, rater, tomber \u00e0 l\u2019eau, tomber dans le lac. Populaire : finir en couille, merder, partir en couille\u00a0\u00bb. Dictionnaire des synonymes.<\/p>\n<p>Foire, foirade, foir\u00e9, \u00e9chouer. Avec Feria &amp; Foria, Juliette George nous invite \u00e0 la suivre dans une d\u00e9rive litt\u00e9raire men\u00e9e dans les m\u00e9andres de la notion d\u2019\u00e9chec.<br \/>Un sujet inspir\u00e9 par une suite d\u2019associations de mots et quelques co\u00efncidences que n\u2019aurait pas boud\u00e9es Raymond Hains et ses Macintoshages. Aux aguets, attentive aux signes, Juliette George a d\u2019abord puis\u00e9 avec m\u00e9thode dans son exp\u00e9rience imm\u00e9diate de jeune artiste, invit\u00e9e pour la premi\u00e8re fois \u00e0 pr\u00e9senter son travail dans le cadre d\u2019une \u00ab foire (feria)\u00a0\u00bb, pour naviguer, de rocher en \u00e9cueil, vers la peur de \u00ab\u00a0foirer (foria)\u00a0\u00bb et finir par s\u2019\u00e9chouer \u2013 Eureka ! \u2013 sur la vaste et insondable question de \u00ab\u00a0l \u00e9chec \u00bb.<br \/>Ainsi, de \u00ab foire\u00a0\u00bb \u2013 manifestation commerciale p\u00e9riodique \u2013 \u00e0 \u00ab\u00a0\u00e9chec\u00a0\u00bb \u2013 r\u00e9sultat n\u00e9gatif d\u2019une tentative, d\u2019une entreprise\u00a0\u00bb \u2013 en passant par \u00ab\u00a0foirer\u00a0\u00bb \u2013 \u00e9vacuer des excr\u00e9ments liquides\u00a0; mal fonctionner, rater, \u00e9chouer lamentablement \u2013 la messe \u00e9tait dite son \u00ab\u00a0show-room\u00a0\u00bb serait foireux.<br \/>D\u00e8s lors, c\u2019est avec l\u2019enthousiasme de celle qui a une bonne nouvelle \u00e0 annoncer que Juliette George s\u2019est mise en qu\u00eate de son sujet, demandant aux membres d\u2019un r\u00e9seau informel et complice de lui donner la r\u00e9f\u00e9rence d\u2019un livre qui, selon eux, traite de l\u2019\u00e9chec. Histoire du d\u00e9clin et de la chute de l\u2019empire romain, Moby Dick, Br\u00e9viaire des vaincus, L\u2019\u0152uvre au noir, Les M\u00e9t\u00e9ores. Une premi\u00e8re poign\u00e9e d\u2019ouvrages \u00e9merge de cette recherche, autant de balises pr\u00e9cieuses dans cette cartographie de l\u2019incertain, qui deviendront le socle d\u2019une installation in situ, rigoureuse et minimale.<br \/>Trois niveaux de sol, renvoyant aux trois degr\u00e9s d\u2019un podium de victoire, courent sur toute la largeur du stand de quatre m\u00e8tre par quatre que lui a attribu\u00e9 Art-o-rama. Couverts d\u2019une moquette brune, ils forment une sorte d\u2019assise. Une bibliographie, inscrite au crayon de la main m\u00eame de l\u2019artiste sur une simple feuille de papier A4 bleut\u00e9e, est punais\u00e9e au mur. \u00c0 peu pr\u00e8s \u00e0 l\u2019aplomb, une pile de livres est pos\u00e9e sur la moquette. Dans un coin, la pr\u00e9sence d\u2019un gratte-dos au sens ind\u00e9fini rappelle qu\u2019une forme litt\u00e9raire est peut-\u00eatre possible \u00ab par-del\u00e0 l\u2019encre et le papier \u00bb et invite le visiteur dubitatif \u00e0 prendre place sur ce vaisseau pour m\u00e9diter sur ses propres \u00e9checs, mais \u00e9galement sur ceux, collectifs et bien plus inqui\u00e9tants, qui semblent mener notre monde \u00e0 la catastrophe \u2013 car \u00ab\u00a0avoir la foire, c\u2019est aussi avoir peur \u00bb.<\/p>\n<p><strong>Yasmine d\u2019o., Berlin, August 2025<\/strong><\/p>\n<p><script async src=\"\/\/www.instagram.com\/embed.js\"><\/script><\/p>\n","protected":false},"excerpt":{"rendered":"S\u00e9lectionn\u00e9e pour le Showroom d\u2019Art-o-rama 2025 par Yasmine d\u2019O. et Sa\u00e2dane Afif, commissaires de cette \u00e9dition, Juliette George&hellip;\n","protected":false},"author":2,"featured_media":366335,"comment_status":"","ping_status":"","sticky":false,"template":"","format":"standard","meta":{"footnotes":""},"categories":[2814],"tags":[1111,11,1777,674,1011,27,884,12,882,25],"class_list":{"0":"post-366334","1":"post","2":"type-post","3":"status-publish","4":"format-standard","5":"has-post-thumbnail","7":"category-marseille","8":"tag-actu","9":"tag-actualites","10":"tag-eu","11":"tag-europe","12":"tag-fr","13":"tag-france","14":"tag-marseille","15":"tag-news","16":"tag-provence-alpes-cote-dazur","17":"tag-republique-francaise"},"share_on_mastodon":{"url":"https:\/\/pubeurope.com\/@fr\/115147513713564785","error":""},"_links":{"self":[{"href":"https:\/\/www.europesays.com\/fr\/wp-json\/wp\/v2\/posts\/366334","targetHints":{"allow":["GET"]}}],"collection":[{"href":"https:\/\/www.europesays.com\/fr\/wp-json\/wp\/v2\/posts"}],"about":[{"href":"https:\/\/www.europesays.com\/fr\/wp-json\/wp\/v2\/types\/post"}],"author":[{"embeddable":true,"href":"https:\/\/www.europesays.com\/fr\/wp-json\/wp\/v2\/users\/2"}],"replies":[{"embeddable":true,"href":"https:\/\/www.europesays.com\/fr\/wp-json\/wp\/v2\/comments?post=366334"}],"version-history":[{"count":0,"href":"https:\/\/www.europesays.com\/fr\/wp-json\/wp\/v2\/posts\/366334\/revisions"}],"wp:featuredmedia":[{"embeddable":true,"href":"https:\/\/www.europesays.com\/fr\/wp-json\/wp\/v2\/media\/366335"}],"wp:attachment":[{"href":"https:\/\/www.europesays.com\/fr\/wp-json\/wp\/v2\/media?parent=366334"}],"wp:term":[{"taxonomy":"category","embeddable":true,"href":"https:\/\/www.europesays.com\/fr\/wp-json\/wp\/v2\/categories?post=366334"},{"taxonomy":"post_tag","embeddable":true,"href":"https:\/\/www.europesays.com\/fr\/wp-json\/wp\/v2\/tags?post=366334"}],"curies":[{"name":"wp","href":"https:\/\/api.w.org\/{rel}","templated":true}]}}