{"id":366336,"date":"2025-09-04T18:46:25","date_gmt":"2025-09-04T18:46:25","guid":{"rendered":"https:\/\/www.europesays.com\/fr\/366336\/"},"modified":"2025-09-04T18:46:25","modified_gmt":"2025-09-04T18:46:25","slug":"serie-israelienne-fauda-la-production-renonce-a-tourner-a-marseille-pour-des-raisons-autres-que-sa-securite","status":"publish","type":"post","link":"https:\/\/www.europesays.com\/fr\/366336\/","title":{"rendered":"S\u00e9rie isra\u00e9lienne \u00ab\u00a0Fauda\u00a0\u00bb : la production renonce \u00e0 tourner \u00e0 Marseille pour \u00ab des raisons autres que sa s\u00e9curit\u00e9 \u00bb"},"content":{"rendered":"<p class=\"paragraph text_align_left lp-f-body-02\">La pol\u00e9mique enfle \u00e0 Marseille et vire au r\u00e8glement de comptes politique, autour du tournage de la <a href=\"https:\/\/www.leparisien.fr\/culture-loisirs\/series\/fauda-la-serie-israelienne-qui-va-faire-regner-le-chaos-31-05-2020-8327145.php\" target=\"_self\" rel=\"nofollow noopener\">s\u00e9rie isra\u00e9lienne \u00ab Fauda \u00bb<\/a> , un temps pr\u00e9vu dans la ville et finalement programm\u00e9 \u00e0 Budapest. Tout est parti d\u2019une information de la cha\u00eene de t\u00e9l\u00e9vision isra\u00e9lienne N12 relay\u00e9e par le<a href=\"https:\/\/s informations rapport\u00e9es par le cha\u00eene de t\u00e9l\u00e9vision isra\u00e9lienne N12, relay\u00e9es par le Jerusalem Post.\" target=\"_self\" rel=\"nofollow\"> Jerusalem Post<\/a> lundi, assurant qu\u2019une partie du tournage de la saison 5 pr\u00e9vu \u00e0 Marseille \u00e9tait annul\u00e9e \u00ab pour des raisons de s\u00e9curit\u00e9 \u00bb.<\/p>\n<p class=\"paragraph text_align_left lp-f-body-02\">La s\u00e9rie \u00ab Fauda \u00bb (chaos, en arabe) raconte la vie d\u2019une unit\u00e9 isra\u00e9lienne d\u2019agents infiltr\u00e9s combattant des Palestiniens. La bande-annonce de la derni\u00e8re saison, diffus\u00e9e sur les r\u00e9seaux sociaux, montre plusieurs sc\u00e8nes cens\u00e9es se d\u00e9rouler \u00e0 Marseille, notamment un plan de l\u2019embl\u00e9matique basilique de la ville, la Bonne M\u00e8re, et avec au casting, l\u2019actrice fran\u00e7aise <a href=\"https:\/\/www.leparisien.fr\/culture-loisirs\/cinema\/melanie-laurent-on-est-plus-fortes-ensemble-presque-invincibles-27-10-2023-MOH2KV2XTZALROVNH7IJBSYVPQ.php\" target=\"_self\" rel=\"nofollow noopener\">M\u00e9lanie Laurent.<\/a><\/p>\n<p class=\"paragraph text_align_left lp-f-body-02\">L\u2019information a aussit\u00f4t fait r\u00e9agir des responsables politiques marseillais, au premier rang desquels la pr\u00e9sidente divers droite du d\u00e9partement des Bouches-du-Rh\u00f4ne Martine Vassal, qui a \u00e9crit sur X lundi : \u00ab Comment Marseille peut-elle laisser l\u2019antis\u00e9mitisme s\u2019installer au point de dissuader les artistes ? \u00bb<\/p>\n<p>Des \u00abraisons logistiques\u00bb avanc\u00e9es par la production <\/p>\n<p class=\"paragraph text_align_left lp-f-body-02\">Mais jeudi, la soci\u00e9t\u00e9 isra\u00e9lienne de production de \u00ab Fauda \u00bb,<a href=\"https:\/\/www.yesstudios.tv\/\" target=\"_self\" rel=\"nofollow noopener\"> YES Studios<\/a>, a assur\u00e9 \u00e0 l\u2019AFP que \u00ab les questions de s\u00e9curit\u00e9 ne sont pas \u00e0 l\u2019origine du transfert du tournage de la 5e saison de \u00ab Fauda \u00bb de Marseille \u00e0 Budapest \u00bb.<\/p>\n<p class=\"paragraph text_align_left lp-f-body-02\">Le projet \u00ab n\u2019en \u00e9tait m\u00eame pas encore au stade des autorisations de tournage \u00bb, selon la mairie de Marseille, expliquant aussi \u00e0 l\u2019AFP qu\u2019il a \u00e9t\u00e9 abandonn\u00e9 \u00ab notamment pour des raisons logistiques \u00bb.<\/p>\n<p class=\"paragraph text_align_left lp-f-body-02\">Une source proche du dossier ajoute que \u00ab le contexte g\u00e9opolitique rendait le tournage \u00e9ventuel hypercompliqu\u00e9 et a fait reculer la production isra\u00e9lienne \u00bb, qui craignait \u00ab potentiellement des blocages des tournages \u00bb.<\/p>\n<p class=\"paragraph text_align_left lp-f-body-02\">\u00c0 l\u2019image de qui se passe en Espagne, o\u00f9 la<a href=\"https:\/\/www.leparisien.fr\/sports\/cyclisme\/inacceptables-les-coureurs-deplorent-le-danger-des-manifestations-propalestiniennes-sur-la-vuelta-03-09-2025-GBAZ32XMMJCPLEYH4L7EOA3Y7A.php\" target=\"_self\" rel=\"nofollow noopener\"> course cycliste de la Vuelta<\/a> est tr\u00e8s fortement perturb\u00e9e par des manifestants propalestiniens.<\/p>\n<p>Une tournure tr\u00e8s politique en marge des municipales<\/p>\n<p class=\"paragraph text_align_left lp-f-body-02\">\u00c0 Marseille, \u00e0 quelques mois des municipales et dans un contexte tendu par une agression au couteau en plein centre-ville mardi, l\u2019affaire \u00ab Fauda \u00bb a pris une tournure tr\u00e8s politique, gauche et droite s\u2019invectivant sur les r\u00e9seaux sociaux.<\/p>\n<p class=\"paragraph text_align_left lp-f-body-02\">La deuxi\u00e8me ville de France, fa\u00e7onn\u00e9e par l\u2019immigration, est souvent lou\u00e9e pour son vivre-ensemble et accueille parmi les plus importantes communaut\u00e9s musulmanes et juives d\u2019Europe. Les actes antis\u00e9mites recens\u00e9s par la police y ont augment\u00e9 apr\u00e8s l\u2019attaque du <a href=\"https:\/\/www.leparisien.fr\/international\/israel\/7-octobre-larmee-israelienne-publie-le-bilan-des-victimes-du-massacre-du-festival-nova-03-04-2025-XISMFXPI3RCQLEP4MGUYWCKGLE.php\" target=\"_self\" rel=\"nofollow noopener\">7 octobre 2023<\/a>, comme partout en France.<\/p>\n<p class=\"paragraph text_align_left lp-f-body-02\">Une source polici\u00e8re a indiqu\u00e9 \u00e0 l\u2019AFP avoir observ\u00e9 une \u00ab augmentation des actes antis\u00e9mites \u00bb apr\u00e8s le 7 octobre, particuli\u00e8rement <a href=\"https:\/\/www.leparisien.fr\/faits-divers\/marseille-une-enquete-ouverte-apres-un-tag-antisemite-decouvert-sur-une-synagogue-16-05-2024-T4VLAVG7FFF25PSYQBD7ECMBPM.php\" target=\"_self\" rel=\"nofollow noopener\">des d\u00e9gradations<\/a> (tags et inscriptions) qui en constituent la majorit\u00e9. Le nombre d\u2019agressions physiques \u00e0 caract\u00e8re antis\u00e9mite, en revanche, est rest\u00e9 stable.<\/p>\n<p>\u00ab Une fake news de plus ! \u00bb<\/p>\n<p class=\"paragraph text_align_left lp-f-body-02\"><a href=\"https:\/\/www.leparisien.fr\/bouches-du-rhone-13\/un-plan-durgence-de-12-milliard-deuros-pour-la-renovation-ou-la-reconstruction-des-ecoles-marseillaises-11-10-2021-5W2H7UOZAJH73JKC5GFJH5264U.php\" target=\"_self\" rel=\"nofollow noopener\">Pierre-Marie Ganozzi,<\/a> adjoint aux \u00e9coles de la mairie de gauche, a ainsi interpell\u00e9 sur X <a href=\"https:\/\/www.leparisien.fr\/politique\/martine-vassal-lr-reelue-a-la-tete-de-la-metropole-aix-marseille-provence-09-07-2020-8350131.php\" target=\"_self\" rel=\"nofollow noopener\">Martine Vassal,<\/a> pressentie comme candidate de la droite, l\u2019accusant d\u2019avoir partag\u00e9 une fausse information sur l\u2019annulation du tournage : \u00ab Et hop ! Une fake news de plus ! Mensonges et outrances ! \u00bb.<\/p>\n<blockquote class=\"twitter-tweet\">\n<p lang=\"fr\" dir=\"ltr\">\ud83d\ude21 Et hop ! Une fake news de plus ! Mensonges et outrances !<\/p>\n<p>Il n&rsquo;y a aucune crainte d&rsquo;antis\u00e9mitisme, ni de peur s\u00e9curitaire dans ce d\u00e9part, mais tout simplement un choix de production&#8230;<\/p>\n<p>Votre objectif est-il de d\u00e9passer Trump ? <a href=\"https:\/\/t.co\/J2KpFNWCu4\" rel=\"nofollow\">https:\/\/t.co\/J2KpFNWCu4<\/a><\/p>\n<p>\u2014 Pierre-Marie Ganozzi\u2600\ufe0f (@PMGanozzi) <a href=\"https:\/\/twitter.com\/PMGanozzi\/status\/1963539599575199831?ref_src=twsrc%5Etfw\" rel=\"nofollow noopener\" target=\"_blank\">September 4, 2025<\/a><\/p><\/blockquote>\n<p class=\"paragraph text_align_left lp-f-body-02\">Un autre adjoint au maire, Jean-Pierre Cochet, d\u00e9non\u00e7ant \u00ab l\u2019instrumentalisation d\u2019un antis\u00e9mitisme de Marseille fictionnel \u00bb, s\u2019est aussit\u00f4t fait recadrer par la droite et par la pr\u00e9sidente du Crif (Conseil repr\u00e9sentatif des juifs de France) Marseille Provence, Fabienne Bendayan alors que \u00abdes fid\u00e8les sont insult\u00e9s, des rabbins outrag\u00e9s \u00bb. <\/p>\n<blockquote class=\"twitter-tweet\">\n<p lang=\"fr\" dir=\"ltr\">Monsieur Cochet,<br \/>Parler d\u2019\u00ab antis\u00e9mitisme fictionnel \u00bb quand des fid\u00e8les sont insult\u00e9s, des rabbins outrag\u00e9s, des affiches \u00e0 la m\u00e9moire d\u2019Ilan Halimi arrach\u00e9es, et qu\u2019une agression physique violente s\u2019ajoute \u00e0 ces actes en un seul week-end, c\u2019est sombrer dans une n\u00e9gation du\u2026 <a href=\"https:\/\/t.co\/IXbkcaXPAK\" rel=\"nofollow\">https:\/\/t.co\/IXbkcaXPAK<\/a> <a href=\"https:\/\/t.co\/5jLirB4N5U\" rel=\"nofollow\">pic.twitter.com\/5jLirB4N5U<\/a><\/p>\n<p>\u2014 bendayan fabienne \ud83c\udf97\ufe0f (@BendayanF) <a href=\"https:\/\/twitter.com\/BendayanF\/status\/1963548001030336770?ref_src=twsrc%5Etfw\" rel=\"nofollow noopener\" target=\"_blank\">September 4, 2025<\/a><\/p><\/blockquote>\n<p class=\"paragraph text_align_left lp-f-body-02\">La pr\u00e9sidente du Crif Marseille Provence avait d\u00e9plor\u00e9 lundi sur X \u00ab un choix r\u00e9v\u00e9lateur du climat qui s\u2019installe \u00bb, a expliqu\u00e9 \u00e0 l\u2019AFP jeudi que la d\u00e9cision de la production isra\u00e9lienne \u00ab entache l\u2019image de la ville \u00bb, mais rappelle que Marseille a \u00ab une image sulfureuse \u00bb en termes de s\u00e9curit\u00e9. Et si \u00ab on doit reconna\u00eetre qu\u2019on a \u00e9t\u00e9 assez pr\u00e9serv\u00e9s \u00bb, Marseille n\u2019a \u00ab pas \u00e9t\u00e9 \u00e9pargn\u00e9e par la flamb\u00e9e d\u2019antis\u00e9mitisme \u00bb, r\u00e9sume-t-elle. <\/p>\n<p class=\"paragraph text_align_left lp-f-body-02\">Le Crif avait notamment d\u00e9nonc\u00e9 l\u2019arrachage le week-end dernier d\u2019affiches en hommage \u00e0<a href=\"https:\/\/www.leparisien.fr\/archives\/chronologie-il-y-a-dix-ans-le-gang-des-barbares-torture-ilan-halimi-11-02-2016-5535725.php\" target=\"_self\" rel=\"nofollow noopener\"> Ilan Halimi,<\/a> ce jeune Juif tortur\u00e9 \u00e0 mort en 2006.<\/p>\n<p class=\"paragraph text_align_left lp-f-body-02\">Selon les derniers chiffres du minist\u00e8re de l\u2019Int\u00e9rieur, entre janvier et juin 2025 un total de<a href=\"https:\/\/www.leparisien.fr\/societe\/antisemitisme-646-actes-recenses-en-france-de-janvier-a-juin-25-08-2025-LDJVJ5GR3JA5LERYFDOSFBAYBA.php\" target=\"_self\" rel=\"nofollow noopener\"> 646 actes antis\u00e9mites <\/a>ont \u00e9t\u00e9 recens\u00e9s en France, soit 27,5 % de moins que l\u2019an dernier \u00e0 la m\u00eame p\u00e9riode. Cela reste en hausse de 112,5 % par rapport \u00e0 2023.<\/p>\n<p><script async src=\"https:\/\/platform.twitter.com\/widgets.js\" charset=\"utf-8\"><\/script><\/p>\n","protected":false},"excerpt":{"rendered":"La pol\u00e9mique enfle \u00e0 Marseille et vire au r\u00e8glement de comptes politique, autour du tournage de la s\u00e9rie&hellip;\n","protected":false},"author":2,"featured_media":366337,"comment_status":"","ping_status":"","sticky":false,"template":"","format":"standard","meta":{"footnotes":""},"categories":[2814],"tags":[1111,11,872,459,1777,674,1011,27,884,12,882,25,2205],"class_list":{"0":"post-366336","1":"post","2":"type-post","3":"status-publish","4":"format-standard","5":"has-post-thumbnail","7":"category-marseille","8":"tag-actu","9":"tag-actualites","10":"tag-culture-et-loisirs","11":"tag-departements-horsidfo","12":"tag-eu","13":"tag-europe","14":"tag-fr","15":"tag-france","16":"tag-marseille","17":"tag-news","18":"tag-provence-alpes-cote-dazur","19":"tag-republique-francaise","20":"tag-television-medias"},"share_on_mastodon":{"url":"","error":""},"_links":{"self":[{"href":"https:\/\/www.europesays.com\/fr\/wp-json\/wp\/v2\/posts\/366336","targetHints":{"allow":["GET"]}}],"collection":[{"href":"https:\/\/www.europesays.com\/fr\/wp-json\/wp\/v2\/posts"}],"about":[{"href":"https:\/\/www.europesays.com\/fr\/wp-json\/wp\/v2\/types\/post"}],"author":[{"embeddable":true,"href":"https:\/\/www.europesays.com\/fr\/wp-json\/wp\/v2\/users\/2"}],"replies":[{"embeddable":true,"href":"https:\/\/www.europesays.com\/fr\/wp-json\/wp\/v2\/comments?post=366336"}],"version-history":[{"count":0,"href":"https:\/\/www.europesays.com\/fr\/wp-json\/wp\/v2\/posts\/366336\/revisions"}],"wp:featuredmedia":[{"embeddable":true,"href":"https:\/\/www.europesays.com\/fr\/wp-json\/wp\/v2\/media\/366337"}],"wp:attachment":[{"href":"https:\/\/www.europesays.com\/fr\/wp-json\/wp\/v2\/media?parent=366336"}],"wp:term":[{"taxonomy":"category","embeddable":true,"href":"https:\/\/www.europesays.com\/fr\/wp-json\/wp\/v2\/categories?post=366336"},{"taxonomy":"post_tag","embeddable":true,"href":"https:\/\/www.europesays.com\/fr\/wp-json\/wp\/v2\/tags?post=366336"}],"curies":[{"name":"wp","href":"https:\/\/api.w.org\/{rel}","templated":true}]}}