{"id":366338,"date":"2025-09-04T18:47:10","date_gmt":"2025-09-04T18:47:10","guid":{"rendered":"https:\/\/www.europesays.com\/fr\/366338\/"},"modified":"2025-09-04T18:47:10","modified_gmt":"2025-09-04T18:47:10","slug":"des-policiers-sommes-de-ne-pas-intervenir-le-10-septembre-la-prefecture-dement","status":"publish","type":"post","link":"https:\/\/www.europesays.com\/fr\/366338\/","title":{"rendered":"des policiers somm\u00e9s de ne pas intervenir le 10 septembre ? La pr\u00e9fecture d\u00e9ment"},"content":{"rendered":"<p itemprop=\"description\"><strong><br \/>&#13;<br \/>\nLa pr\u00e9fecture d\u00e9ment tout ordre de non-intervention.<br \/>&#13;<br \/>\n<\/strong><\/p>\n<p>Une pol\u00e9mique enfle autour des consignes donn\u00e9es aux forces de l\u2019ordre \u00e0 Lyon pour la manifestation du 10 septembre.\u00a0<\/p>\n<p>Erik Tegn\u00e9r, directeur du m\u00e9dia d\u2019extr\u00eame droite\u00a0Fronti\u00e8res, a affirm\u00e9 le mercredi 3 septembre sur X et sur CNEWS que \u00ab\u00a0des policiers de Lyon ont r\u00e9v\u00e9l\u00e9 [aupr\u00e8s de\u00a0son m\u00e9dia]\u00a0que les consignes de leur hi\u00e9rarchie pour le 10 septembre \u00e9taient de ne pas intervenir en cas de pillages de commerces.\u00a0\u00bb Selon lui, \u00ab\u00a0encore une fois, on va avoir des individus qui casseront des devantures sans jamais payer les d\u00e9gradations.\u00a0\u00bb<\/p>\n<p>L\u2019intervenant a ajout\u00e9 que ces directives viendraient de la pr\u00e9fecture du Rh\u00f4ne, pr\u00e9cisant que des policiers lyonnais auraient re\u00e7u l\u2019ordre \u00ab\u00a0d\u2019intervenir uniquement s\u2019il y avait des attaques aux personnes\u00a0\u00bb et qu\u2019\u00a0\u00bben cas d\u2019attaque sur les commerces vous n\u2019intervenez pas.\u00a0\u00bb<\/p>\n<p>Face \u00e0 ces accusations, la pr\u00e9fecture du Rh\u00f4ne a r\u00e9pondu\u00a0fermement. \u00ab\u00a0La Pr\u00e9f\u00e8te du Rh\u00f4ne d\u00e9ment formellement cette fausse information\u00a0\u00bb, affirment les services de l&rsquo;\u00c9tat, assurant que \u00ab\u00a0la police nationale sera pleinement mobilis\u00e9e le 10 septembre pour prot\u00e9ger les personnes et les biens\u00a0\u00bb et qu\u2019\u00a0\u00bbelle sera engag\u00e9e avec d\u00e9termination pour faire respecter la loi et pr\u00e9server l\u2019ordre public\u00a0\u00bb.\u00a0<\/p>\n<p>Fabienne Buccio, pr\u00e9f\u00e8te de r\u00e9gion et pr\u00e9f\u00e8te du Rh\u00f4ne, parle de \u00ab\u00a0mensonges \u00e9hont\u00e9s destin\u00e9s \u00e0 faire douter des institutions de la R\u00e9publique\u00a0\u00bb et ajoute : \u00ab\u00a0les relayer c\u2019est y contribuer aussi.\u00a0\u00bb<\/p>\n<blockquote class=\"twitter-tweet\"><p>&#13;<\/p>\n<p dir=\"ltr\" lang=\"fr\">La Pr\u00e9f\u00e8te du Rh\u00f4ne d\u00e9ment formellement cette fausse information.<\/p>\n<p>La police nationale sera pleinement mobilis\u00e9e le 10 septembre pour prot\u00e9ger les personnes et les biens.<\/p>\n<p>Elle sera engag\u00e9e avec d\u00e9termination pour faire respecter la loi et pr\u00e9server l\u2019ordre public.<\/p>\n<p>\u00ab Ce sont des\u2026 <a href=\"https:\/\/t.co\/zWVXDEOF9o\" rel=\"nofollow\">pic.twitter.com\/zWVXDEOF9o<\/a><\/p>\n<p>&#13;<br \/>\n\u2014 Pr\u00e9f\u00e8te de r\u00e9gion Auvergne-Rh\u00f4ne-Alpes et du Rh\u00f4ne (@prefetrhone) <a href=\"https:\/\/twitter.com\/prefetrhone\/status\/1963533540970185108?ref_src=twsrc%5Etfw\" rel=\"nofollow noopener\" target=\"_blank\">September 4, 2025<\/a><\/p><\/blockquote>\n<p>\t\t  <script async src=\"https:\/\/platform.twitter.com\/widgets.js\" charset=\"utf-8\"><\/script><\/p>\n","protected":false},"excerpt":{"rendered":"&#13; La pr\u00e9fecture d\u00e9ment tout ordre de non-intervention.&#13; Une pol\u00e9mique enfle autour des consignes donn\u00e9es aux forces de&hellip;\n","protected":false},"author":2,"featured_media":366339,"comment_status":"","ping_status":"","sticky":false,"template":"","format":"standard","meta":{"footnotes":""},"categories":[1889],"tags":[1111,11,2813,2190,2430,1109,251,1112,2811,1777,674,118,1011,27,1922,1110,1114,2428,2810,12,241,316,25,2812,517,800],"class_list":{"0":"post-366338","1":"post","2":"type-post","3":"status-publish","4":"format-standard","5":"has-post-thumbnail","7":"category-lyon","8":"tag-actu","9":"tag-actualites","10":"tag-article","11":"tag-asvel","12":"tag-auvergne-rhone-alpes","13":"tag-breves","14":"tag-culture","15":"tag-depeches","16":"tag-economique","17":"tag-eu","18":"tag-europe","19":"tag-faits-divers","20":"tag-fr","21":"tag-france","22":"tag-info","23":"tag-informations","24":"tag-infos","25":"tag-lyon","26":"tag-lyonmag","27":"tag-news","28":"tag-ol","29":"tag-politique","30":"tag-republique-francaise","31":"tag-sociale","32":"tag-sport","33":"tag-transports"},"share_on_mastodon":{"url":"https:\/\/pubeurope.com\/@fr\/115147521711784970","error":""},"_links":{"self":[{"href":"https:\/\/www.europesays.com\/fr\/wp-json\/wp\/v2\/posts\/366338","targetHints":{"allow":["GET"]}}],"collection":[{"href":"https:\/\/www.europesays.com\/fr\/wp-json\/wp\/v2\/posts"}],"about":[{"href":"https:\/\/www.europesays.com\/fr\/wp-json\/wp\/v2\/types\/post"}],"author":[{"embeddable":true,"href":"https:\/\/www.europesays.com\/fr\/wp-json\/wp\/v2\/users\/2"}],"replies":[{"embeddable":true,"href":"https:\/\/www.europesays.com\/fr\/wp-json\/wp\/v2\/comments?post=366338"}],"version-history":[{"count":0,"href":"https:\/\/www.europesays.com\/fr\/wp-json\/wp\/v2\/posts\/366338\/revisions"}],"wp:featuredmedia":[{"embeddable":true,"href":"https:\/\/www.europesays.com\/fr\/wp-json\/wp\/v2\/media\/366339"}],"wp:attachment":[{"href":"https:\/\/www.europesays.com\/fr\/wp-json\/wp\/v2\/media?parent=366338"}],"wp:term":[{"taxonomy":"category","embeddable":true,"href":"https:\/\/www.europesays.com\/fr\/wp-json\/wp\/v2\/categories?post=366338"},{"taxonomy":"post_tag","embeddable":true,"href":"https:\/\/www.europesays.com\/fr\/wp-json\/wp\/v2\/tags?post=366338"}],"curies":[{"name":"wp","href":"https:\/\/api.w.org\/{rel}","templated":true}]}}