{"id":366346,"date":"2025-09-04T18:51:11","date_gmt":"2025-09-04T18:51:11","guid":{"rendered":"https:\/\/www.europesays.com\/fr\/366346\/"},"modified":"2025-09-04T18:51:11","modified_gmt":"2025-09-04T18:51:11","slug":"date-de-mise-en-vente-des-billets-et-toutes-les-infos","status":"publish","type":"post","link":"https:\/\/www.europesays.com\/fr\/366346\/","title":{"rendered":"Date de mise en vente des billets et toutes les infos"},"content":{"rendered":"<p>Ce jeudi, The Weeknd a annonc\u00e9 la prolongation de sa tourn\u00e9e intitul\u00e9e After Hours Til Dawn. Le chanteur canadien offrira deux concerts dans l\u2019Hexagone, au Stade de France \u00e0 Paris, le 10\u00a0juillet 2026, et \u00e0 l\u2019Allianz Riviera de Nice, le 21\u00a0juillet 2026.<\/p>\n<p>After Hours Til Dawn, la tourn\u00e9e record de The Weeknd<img decoding=\"async\" alt=\"The Weeknd annonce deux concerts en France en 2026, \u00e0 Paris et \u00e0 Nice.\" class=\"c-img\" loading=\"lazy\" fetchpriority=\"auto\" width=\"718\"  src=\"https:\/\/img.20mn.fr\/3CU3Fdp-S9-lX8piogntWik\/718x0\" \/>The Weeknd annonce deux concerts en France en 2026, \u00e0 Paris et \u00e0 Nice.\u2002-\u00a0LiveNation France<\/p>\n<p>D\u00e9but\u00e9e en\u00a02022, sa tourn\u00e9e a battu le record de dur\u00e9e pour un artiste de R &amp; B. L\u2019interpr\u00e8te de I Can\u2019t Feel My Face est donc de retour en France, trois ans plus tard. La premi\u00e8re partie de ses concerts sera assur\u00e9e par Playboi Carti. La mise en vente g\u00e9n\u00e9rale des billets est pr\u00e9vue pour le vendredi 12\u00a0septembre prochain \u00e0 12h. Une pr\u00e9vente est organis\u00e9e par Live Nation le jeudi 11\u00a0septembre \u00e0 12h.<\/p>\n<p><a href=\"https:\/\/www.livenation.fr\/the-weeknd-tickets-adp474869\" target=\"_blank\" class=\"c-link c-btn c-btn--primary\" rel=\"noopener\">La pr\u00e9vente de Live Nation<\/a>Des hits et des records \u00e0 la pelle<\/p>\n<p>Cette tourn\u00e9e permet aux fans du chanteur de pouvoir l\u2019admirer sur sc\u00e8ne \u00e0 travers des performances spectaculaires et une sc\u00e9nographie sublime. La plus grande tourn\u00e9e R &amp; B de l\u2019histoire a connu un succ\u00e8s hors norme en Am\u00e9rique du Nord, en <a href=\"https:\/\/www.20minutes.fr\/dossier\/europe\" class=\"c-link c-link--is-underlined\" target=\"_blank\" rel=\"noopener\">Europe<\/a>, au <a href=\"https:\/\/www.20minutes.fr\/monde\/royaume-uni\/\" class=\"c-link c-link--is-underlined\" target=\"_blank\" rel=\"noopener\">Royaume-Uni<\/a>, en <a href=\"https:\/\/www.20minutes.fr\/dossier\/amerique_du_sud\" class=\"c-link c-link--is-underlined\" target=\"_blank\" rel=\"noopener\">Am\u00e9rique du Sud<\/a> et en <a href=\"https:\/\/www.20minutes.fr\/dossier\/australie\" class=\"c-link c-link--is-underlined\" target=\"_blank\" rel=\"noopener\">Australie<\/a>.<\/p>\n<p>The Weeknd vient de passer le cap des 5\u00a0milliards d\u2019\u00e9coutes avec son tube Blinding Lights sur <a href=\"https:\/\/www.20minutes.fr\/dossier\/spotify\" class=\"c-link c-link--is-underlined\" target=\"_blank\" rel=\"noopener\">Spotify<\/a>. Du jamais vu sur la plateforme de streaming su\u00e9doise. Ne manquez pas ses concerts en France et soyez au rendez-vous jeudi et vendredi pour obtenir vos places.<\/p>\n","protected":false},"excerpt":{"rendered":"Ce jeudi, The Weeknd a annonc\u00e9 la prolongation de sa tourn\u00e9e intitul\u00e9e After Hours Til Dawn. Le chanteur&hellip;\n","protected":false},"author":2,"featured_media":366347,"comment_status":"","ping_status":"","sticky":false,"template":"","format":"standard","meta":{"footnotes":""},"categories":[1888],"tags":[1111,1928,11,1927,2898,1697,1777,674,1011,27,662,12,1926,2401,883,626,1925,882,25,14478,5896],"class_list":{"0":"post-366346","1":"post","2":"type-post","3":"status-publish","4":"format-standard","5":"has-post-thumbnail","7":"category-paris","8":"tag-actu","9":"tag-actu-paris","10":"tag-actualites","11":"tag-actualites-paris","12":"tag-alpes-maritimes","13":"tag-concert","14":"tag-eu","15":"tag-europe","16":"tag-fr","17":"tag-france","18":"tag-ile-de-france","19":"tag-news","20":"tag-news-paris","21":"tag-nice","22":"tag-paca","23":"tag-paris","24":"tag-paris-news","25":"tag-provence-alpes-cote-dazur","26":"tag-republique-francaise","27":"tag-stade-de-france","28":"tag-tempo"},"share_on_mastodon":{"url":"https:\/\/pubeurope.com\/@fr\/115147537422274711","error":""},"_links":{"self":[{"href":"https:\/\/www.europesays.com\/fr\/wp-json\/wp\/v2\/posts\/366346","targetHints":{"allow":["GET"]}}],"collection":[{"href":"https:\/\/www.europesays.com\/fr\/wp-json\/wp\/v2\/posts"}],"about":[{"href":"https:\/\/www.europesays.com\/fr\/wp-json\/wp\/v2\/types\/post"}],"author":[{"embeddable":true,"href":"https:\/\/www.europesays.com\/fr\/wp-json\/wp\/v2\/users\/2"}],"replies":[{"embeddable":true,"href":"https:\/\/www.europesays.com\/fr\/wp-json\/wp\/v2\/comments?post=366346"}],"version-history":[{"count":0,"href":"https:\/\/www.europesays.com\/fr\/wp-json\/wp\/v2\/posts\/366346\/revisions"}],"wp:featuredmedia":[{"embeddable":true,"href":"https:\/\/www.europesays.com\/fr\/wp-json\/wp\/v2\/media\/366347"}],"wp:attachment":[{"href":"https:\/\/www.europesays.com\/fr\/wp-json\/wp\/v2\/media?parent=366346"}],"wp:term":[{"taxonomy":"category","embeddable":true,"href":"https:\/\/www.europesays.com\/fr\/wp-json\/wp\/v2\/categories?post=366346"},{"taxonomy":"post_tag","embeddable":true,"href":"https:\/\/www.europesays.com\/fr\/wp-json\/wp\/v2\/tags?post=366346"}],"curies":[{"name":"wp","href":"https:\/\/api.w.org\/{rel}","templated":true}]}}