{"id":366354,"date":"2025-09-04T18:55:09","date_gmt":"2025-09-04T18:55:09","guid":{"rendered":"https:\/\/www.europesays.com\/fr\/366354\/"},"modified":"2025-09-04T18:55:09","modified_gmt":"2025-09-04T18:55:09","slug":"serguei-lebedev-creuse-le-passe-russe-et-compte-ses-morts-dans-un-roman-envoutant-et-fantasmagorique","status":"publish","type":"post","link":"https:\/\/www.europesays.com\/fr\/366354\/","title":{"rendered":"Sergue\u00ef Lebedev creuse le pass\u00e9 russe et compte ses morts, dans un roman envo\u00fbtant et fantasmagorique"},"content":{"rendered":"<p>Juillet 2014 en Ukraine, dans une petite ville du Donbass hant\u00e9e par les \u00abgueules noires\u00bb de ses anciens mineurs. La Russie annexe peu \u00e0 peu la r\u00e9gion, \u00e0 la fois insidieusement et brutalement. Une femme sans histoire, simple blanchisseuse, lave le linge. Marianna, par des gestes pr\u00e9cis, de l\u2019eau et du savon, efface les blessures et r\u00e9dime les p\u00e9ch\u00e9s. A la nettet\u00e9 \u00e9clatante des draps qui passent entre ses mains, \u00e0 leur odeur surnaturelle de propret\u00e9, le romancier oppose la noirceur. La mine est \u00e0 l\u2019arr\u00eat depuis deux ans, mais son terril continue de diffuser sa poussi\u00e8re toxique. Cette derni\u00e8re se d\u00e9pose sur la neige fra\u00eeche.<\/p>\n<p>Effacer les mensonges<\/p>\n","protected":false},"excerpt":{"rendered":"Juillet 2014 en Ukraine, dans une petite ville du Donbass hant\u00e9e par les \u00abgueules noires\u00bb de ses anciens&hellip;\n","protected":false},"author":2,"featured_media":366355,"comment_status":"","ping_status":"","sticky":false,"template":"","format":"standard","meta":{"footnotes":""},"categories":[1591],"tags":[11,3297,1887,12,301,1885,1886,132,220],"class_list":{"0":"post-366354","1":"post","2":"type-post","3":"status-publish","4":"format-standard","5":"has-post-thumbnail","7":"category-russie","8":"tag-actualites","9":"tag-entre-temps","10":"tag-federation-de-russie","11":"tag-news","12":"tag-premium","13":"tag-russia","14":"tag-russian-federation","15":"tag-russie","16":"tag-ukraine"},"share_on_mastodon":{"url":"https:\/\/pubeurope.com\/@fr\/115147553085935711","error":""},"_links":{"self":[{"href":"https:\/\/www.europesays.com\/fr\/wp-json\/wp\/v2\/posts\/366354","targetHints":{"allow":["GET"]}}],"collection":[{"href":"https:\/\/www.europesays.com\/fr\/wp-json\/wp\/v2\/posts"}],"about":[{"href":"https:\/\/www.europesays.com\/fr\/wp-json\/wp\/v2\/types\/post"}],"author":[{"embeddable":true,"href":"https:\/\/www.europesays.com\/fr\/wp-json\/wp\/v2\/users\/2"}],"replies":[{"embeddable":true,"href":"https:\/\/www.europesays.com\/fr\/wp-json\/wp\/v2\/comments?post=366354"}],"version-history":[{"count":0,"href":"https:\/\/www.europesays.com\/fr\/wp-json\/wp\/v2\/posts\/366354\/revisions"}],"wp:featuredmedia":[{"embeddable":true,"href":"https:\/\/www.europesays.com\/fr\/wp-json\/wp\/v2\/media\/366355"}],"wp:attachment":[{"href":"https:\/\/www.europesays.com\/fr\/wp-json\/wp\/v2\/media?parent=366354"}],"wp:term":[{"taxonomy":"category","embeddable":true,"href":"https:\/\/www.europesays.com\/fr\/wp-json\/wp\/v2\/categories?post=366354"},{"taxonomy":"post_tag","embeddable":true,"href":"https:\/\/www.europesays.com\/fr\/wp-json\/wp\/v2\/tags?post=366354"}],"curies":[{"name":"wp","href":"https:\/\/api.w.org\/{rel}","templated":true}]}}