{"id":366356,"date":"2025-09-04T18:56:16","date_gmt":"2025-09-04T18:56:16","guid":{"rendered":"https:\/\/www.europesays.com\/fr\/366356\/"},"modified":"2025-09-04T18:56:16","modified_gmt":"2025-09-04T18:56:16","slug":"ce-sont-des-avancees-salue-le-vice-president-du-congres-mondial-des-ukrainiens","status":"publish","type":"post","link":"https:\/\/www.europesays.com\/fr\/366356\/","title":{"rendered":"\u00ab\u00a0Ce sont des avanc\u00e9es\u00a0\u00bb, salue le vice-pr\u00e9sident du congr\u00e8s mondial des Ukrainiens"},"content":{"rendered":"\n<p class=\"c-chapo \">\n  L&rsquo;association internationale de coordination de la diaspora ukrainienne reconna\u00eet un \u00ab\u00a0soutien \u00e9norme\u00a0\u00bb des Europ\u00e9ens et des Etats-Unis mais il attend des annonces concr\u00e8tes qui encadreraient un \u00e9ventuel processus de paix.\n<\/p>\n<p>            lire plus tard<\/p>\n<p id=\"dialog__title\" class=\"dialog__title\">Pour sauvegarder cet article, connectez-vous ou cr\u00e9ez un compte franceinfo<\/p>\n<p class=\"dialog__description\">Sans paiement. Sans abonnement.<\/p>\n<p>        Fermer la fen\u00eatre d\u2019activation des notifications France Info<\/p>\n<p>            cr\u00e9er votre compte<\/p>\n<p>            se connecter<\/p>\n<p>        Fermer la fen\u00eatre de pr\u00e9sentation<\/p>\n<p>    <img loading=\"lazy\" decoding=\"async\" class=\"signature__image lazyload\" width=\"100\" height=\"100\" data- alt=\"\" src=\"https:\/\/www.europesays.com\/fr\/wp-content\/uploads\/2025\/05\/64a7df4c5fe71_placeholder-36b69ec8.png\"\/><\/p>\n<p>    Publi\u00e9 le 04\/09\/2025 20:45<\/p>\n<p>        Temps de lecture : 2min<\/p>\n<p>    <img decoding=\"async\"  alt=\"Un drapeau ukrainien flotte pr\u00e8s du monument \u00e0 l'Ind\u00e9pendance, le 23 ao\u00fbt 2025 \u00e0 Kiev (Ukraine). (SERGEY DOLZHENKO \/ EPA)\" width=\"432\" height=\"243\" src=\"https:\/\/www.europesays.com\/fr\/wp-content\/uploads\/2025\/08\/epaliveeight464260-68aae4871932d064759152.jpg\" fetchpriority=\"high\"\/><\/p>\n<p>      Un drapeau ukrainien flotte pr\u00e8s du monument \u00e0 l&rsquo;Ind\u00e9pendance, le 23 ao\u00fbt 2025 \u00e0 Kiev (Ukraine). (SERGEY DOLZHENKO \/ EPA)<\/p>\n<p>\u00ab\u00a0Ce sont des avanc\u00e9es\u00a0\u00bb, r\u00e9agit jeudi 4 septembre sur franceinfo Volodymyr Kogutyak, vice-pr\u00e9sident du congr\u00e8s mondial des Ukrainiens, apr\u00e8s <a href=\"https:\/\/www.franceinfo.fr\/replay-radio\/d-un-monde-a-l-autre\/guerre-en-ukraine-la-coalition-des-volontaires-se-reunit-a-paris-pour-afficher-une-image-d-unite-dans-la-duree_7446313.html\" rel=\"nofollow noopener\" target=\"_blank\">une r\u00e9union entre dirigeants europ\u00e9ens et le pr\u00e9sident ukrainien<\/a>, et un \u00e9change t\u00e9l\u00e9phonique avec Donald Trump. Emmanuel Macron a notamment d\u00e9clar\u00e9 que 26 pays, surtout europ\u00e9ens, s&rsquo;\u00e9taient engag\u00e9s \u00e0 \u00eatre pr\u00e9sents militairement en Ukraine \u00ab\u00a0sur le sol, en mer ou dans les airs\u00a0\u00bb, une fois un cessez-le-feu sign\u00e9 avec la Russie. Le congr\u00e8s mondial des Ukrainiens est l&rsquo;association internationale de coordination pour les communaut\u00e9s ukrainiennes de la diaspora.<\/p>\n<p>Il y a une \u00ab\u00a0forte demande de faire venir des troupes militaires de paix sur le sol ukrainien pour garantir \u00e0 l&rsquo;Ukraine que la Russie, une fois certains accords de paix sign\u00e9s, ne r\u00e9attaquera pas l&rsquo;Ukraine\u00a0\u00bb, explique Volodymyr Kogutyak. En ce sens, il se dit \u00ab\u00a0tr\u00e8s heureux que cette coalition avance\u00a0\u00bb.<\/p>\n<p>En mars 2025, un sondage CSA indiquait que 65% des Fran\u00e7ais se disaient contre l&rsquo;envoi de soldats fran\u00e7ais en Ukraine pour garantir la paix, mais Volodymyr Kogutyak estime que \u00ab\u00a0les Fran\u00e7ais sont contre le fait d&rsquo;envoyer des troupes en temps de guerre\u00a0: si demain des accords de paix sont sign\u00e9s, la majorit\u00e9 des Fran\u00e7ais sera d&rsquo;accord pour qu&rsquo;un certain nombre de soldats fran\u00e7ais et europ\u00e9ens se d\u00e9placent en Ukraine\u00a0\u00bb.<\/p>\n<p>Le vice-pr\u00e9sident du congr\u00e8s mondial des Ukrainiens avance que \u00ab\u00a0les Ukrainiens ont besoin de ressentir qu&rsquo;ils ne sont pas seuls\u00a0\u00bb, m\u00eame s&rsquo;il reconna\u00eet le \u00ab\u00a0soutien \u00e9norme au niveau financier, des armes, au niveau politique\u00a0\u00bb apport\u00e9 par les Europ\u00e9ens et les Etats-Unis. Alors qu&rsquo;Emmanuel Macron a affirm\u00e9 jeudi que les Am\u00e9ricains ont \u00e9t\u00e9 \u00ab\u00a0tr\u00e8s clairs\u00a0\u00bb sur leur participation aux garanties de s\u00e9curit\u00e9, Volodymyr Kogutyak attend des Etats-Unis \u00ab\u00a0qu&rsquo;ils fassent des pas tr\u00e8s concrets au niveau des sanctions pour forcer la Russie \u00e0 signer des accords de paix et que ces troupes de paix puissent se rendre sur le territoire ukrainien\u00a0\u00bb.<\/p>\n<p>Que Moscou accepte, dans un processus de paix, la pr\u00e9sence de forces militaires d\u00e9fensives sur le territoire ukrainien pose question. Or, Volodymyr Kogutyak rappelle que \u00ab\u00a0quand les Russes ont attaqu\u00e9 l&rsquo;ensemble du territoire ukrainien, les Europ\u00e9ens ont envoy\u00e9 des casques et des gilets pare-balles et en Russie, on a dit &lsquo;c&rsquo;est une ligne rouge&rsquo; et menac\u00e9 d&rsquo;une troisi\u00e8me guerre mondiale\u00a0\u00bb. \u00ab\u00a0Puis les Europ\u00e9ens ont envoy\u00e9 des armes, des chars, des avions\u00a0\u00bb, poursuit Volodymyr Kogutyak, et les soldats ukrainiens ont \u00ab\u00a0frapp\u00e9 avec des armes europ\u00e9ennes sur le sol russe\u00a0\u00bb, alors que pour Moscou, c&rsquo;\u00e9tait aussi \u00ab\u00a0une ligne rouge\u00a0\u00bb, rappelle-t-il. \u00ab\u00a0On l&rsquo;a fait, et la guerre n&rsquo;est toujours pas sur le sol europ\u00e9en\u00a0\u00bb [hors Ukraine], souligne Volodymyr Kogutyak.<\/p>\n","protected":false},"excerpt":{"rendered":"L&rsquo;association internationale de coordination de la diaspora ukrainienne reconna\u00eet un \u00ab\u00a0soutien \u00e9norme\u00a0\u00bb des Europ\u00e9ens et des Etats-Unis mais&hellip;\n","protected":false},"author":2,"featured_media":340419,"comment_status":"","ping_status":"","sticky":false,"template":"","format":"standard","meta":{"footnotes":""},"categories":[1590],"tags":[11,1777,674,12,220],"class_list":{"0":"post-366356","1":"post","2":"type-post","3":"status-publish","4":"format-standard","5":"has-post-thumbnail","7":"category-ukraine","8":"tag-actualites","9":"tag-eu","10":"tag-europe","11":"tag-news","12":"tag-ukraine"},"share_on_mastodon":{"url":"https:\/\/pubeurope.com\/@fr\/115147557283922528","error":""},"_links":{"self":[{"href":"https:\/\/www.europesays.com\/fr\/wp-json\/wp\/v2\/posts\/366356","targetHints":{"allow":["GET"]}}],"collection":[{"href":"https:\/\/www.europesays.com\/fr\/wp-json\/wp\/v2\/posts"}],"about":[{"href":"https:\/\/www.europesays.com\/fr\/wp-json\/wp\/v2\/types\/post"}],"author":[{"embeddable":true,"href":"https:\/\/www.europesays.com\/fr\/wp-json\/wp\/v2\/users\/2"}],"replies":[{"embeddable":true,"href":"https:\/\/www.europesays.com\/fr\/wp-json\/wp\/v2\/comments?post=366356"}],"version-history":[{"count":0,"href":"https:\/\/www.europesays.com\/fr\/wp-json\/wp\/v2\/posts\/366356\/revisions"}],"wp:featuredmedia":[{"embeddable":true,"href":"https:\/\/www.europesays.com\/fr\/wp-json\/wp\/v2\/media\/340419"}],"wp:attachment":[{"href":"https:\/\/www.europesays.com\/fr\/wp-json\/wp\/v2\/media?parent=366356"}],"wp:term":[{"taxonomy":"category","embeddable":true,"href":"https:\/\/www.europesays.com\/fr\/wp-json\/wp\/v2\/categories?post=366356"},{"taxonomy":"post_tag","embeddable":true,"href":"https:\/\/www.europesays.com\/fr\/wp-json\/wp\/v2\/tags?post=366356"}],"curies":[{"name":"wp","href":"https:\/\/api.w.org\/{rel}","templated":true}]}}