{"id":366357,"date":"2025-09-04T18:57:09","date_gmt":"2025-09-04T18:57:09","guid":{"rendered":"https:\/\/www.europesays.com\/fr\/366357\/"},"modified":"2025-09-04T18:57:09","modified_gmt":"2025-09-04T18:57:09","slug":"un-conseiller-de-trump-sur-le-point-de-devenir-patron-de-la-banque-centrale","status":"publish","type":"post","link":"https:\/\/www.europesays.com\/fr\/366357\/","title":{"rendered":"Un conseiller de Trump sur le point de devenir patron de la banque centrale"},"content":{"rendered":"<p>Le choix de <a href=\"https:\/\/www.20minutes.fr\/dossier\/donald_trump\" target=\"_blank\" class=\"c-link c-link--is-underlined\" rel=\"nofollow noopener\">Donald Trump<\/a> pour si\u00e9ger \u00e0 la <a href=\"https:\/\/www.20minutes.fr\/economie\/fed\/\" class=\"c-link c-link--is-underlined\" rel=\"nofollow noopener\" target=\"_blank\">R\u00e9serve f\u00e9d\u00e9rale<\/a> a fait vivement r\u00e9agir jeudi au S\u00e9nat. Stephen Miran, pressenti pour int\u00e9grer le conseil des gouverneurs de la Fed, a d\u00fb d\u00e9fendre son ind\u00e9pendance face \u00e0 une opposition <a href=\"https:\/\/www.20minutes.fr\/dossier\/parti_democrate\" target=\"_blank\" class=\"c-link c-link--is-underlined\" rel=\"nofollow noopener\">d\u00e9mocrate<\/a> qui le soup\u00e7onne de vouloir plier la banque centrale aux int\u00e9r\u00eats du pr\u00e9sident.<\/p>\n<p>Soutien affich\u00e9 de la politique \u00e9conomique de Donald Trump, Stephen Miran dirige actuellement le comit\u00e9 des conseillers \u00e9conomiques (CEA) de la <a href=\"https:\/\/www.20minutes.fr\/dossier\/maison_blanche\" target=\"_blank\" class=\"c-link c-link--is-underlined\" rel=\"nofollow noopener\">Maison-Blanche<\/a>. Il a \u00e9t\u00e9 d\u00e9sign\u00e9 pour remplacer Adriana Kugler, nomm\u00e9e par Joe Biden, qui a quitt\u00e9 son poste d\u00e9but ao\u00fbt. Une confirmation rapide lui permettrait de voter sur les taux d\u2019int\u00e9r\u00eat d\u00e8s la r\u00e9union des 16 et 17\u00a0septembre.<\/p>\n<p>\u00ab\u00a0Je suis tr\u00e8s ind\u00e9pendant d\u2019esprit\u00a0\u00bb<\/p>\n<p>Face aux s\u00e9nateurs, Stephen Miran s\u2019est montr\u00e9 cat\u00e9gorique\u00a0: \u00ab\u00a0Si je suis confirm\u00e9 \u00e0 la R\u00e9serve f\u00e9d\u00e9rale, j\u2019agirai de mani\u00e8re ind\u00e9pendante en fonction de ma propre analyse de l\u2019\u00e9conomie, des donn\u00e9es \u00e9conomiques\u00a0\u00bb, a-t-il d\u00e9clar\u00e9, assurant que \u00ab\u00a0l\u2019ind\u00e9pendance de l\u2019institution est essentielle\u00a0\u00bb. Mais cette d\u00e9claration n\u2019a pas suffi \u00e0 convaincre les \u00e9lus d\u00e9mocrates.<\/p>\n<\/p>\n<p>La s\u00e9natrice Elizabeth Warren lui a reproch\u00e9 d\u2019avoir \u00ab\u00a0soutenu toutes les initiatives inconsid\u00e9r\u00e9es\u00a0\u00bb de l\u2019ex\u00e9cutif. Quant au s\u00e9nateur Ruben Gallego, il s\u2019est inqui\u00e9t\u00e9 que Stephen Miran ne pr\u00e9voie pas de d\u00e9missionner du CEA, mais seulement de prendre un cong\u00e9 sans solde\u00a0: \u00ab\u00a0Je pense que c\u2019est extr\u00eamement dangereux\u00a0\u00bb, a-t-il averti. Interrog\u00e9 par le s\u00e9nateur r\u00e9publicain John Kennedy\u00a0: \u00ab\u00a0Etes-vous une marionnette de Donald Trump\u00a0?\u00a0\u00bb, Stephen Miran a r\u00e9pondu\u00a0: \u00ab\u00a0Pas du tout, je suis tr\u00e8s ind\u00e9pendant d\u2019esprit.\u00a0\u00bb Il s\u2019est \u00e9galement engag\u00e9 \u00e0 \u00ab\u00a0ignorer la rh\u00e9torique de tous les politiciens\u00a0\u00bb.<\/p>\n<p>Une strat\u00e9gie r\u00e9publicaine pour remodeler la Fed\u00a0?<\/p>\n<p>Depuis plusieurs semaines, les d\u00e9mocrates accusent Donald Trump de vouloir installer des gouverneurs \u00ab\u00a0aux ordres\u00a0\u00bb, qui favoriseraient des baisses de taux malgr\u00e9 une <a href=\"https:\/\/www.20minutes.fr\/economie\/inflation\/\" target=\"_blank\" class=\"c-link c-link--is-underlined\" rel=\"nofollow noopener\">inflation<\/a> toujours \u00e9lev\u00e9e. Le contr\u00f4le de la Fed est un enjeu strat\u00e9gique pour le pr\u00e9sident, qui critique r\u00e9guli\u00e8rement la politique mon\u00e9taire actuelle.<\/p>\n<p><a href=\"https:\/\/www.20minutes.fr\/economie\/fed\/\" target=\"_blank\" class=\"c-link c-btn c-btn--primary\" rel=\"nofollow noopener\">Tous nos articles sur la Fed<\/a><\/p>\n<p>Un autre front s\u2019est aussi ouvert autour de la gouverneure Lisa Cook, que Donald Trump veut r\u00e9voquer pour avoir, selon lui, menti afin d\u2019obtenir des pr\u00eats immobiliers \u00e0 taux pr\u00e9f\u00e9rentiels. Elle conteste vigoureusement ces accusations et a saisi la justice pour conserver son poste. D\u2019apr\u00e8s le Wall Street Journal, une enqu\u00eate a \u00e9t\u00e9 ouverte par le minist\u00e8re de la Justice sur ces pr\u00eats. Donald Trump estime que \u00ab\u00a0la simple suspicion d\u2019une mauvaise conduite\u00a0\u00bb suffit \u00e0 justifier son d\u00e9part.<\/p>\n","protected":false},"excerpt":{"rendered":"Le choix de Donald Trump pour si\u00e9ger \u00e0 la R\u00e9serve f\u00e9d\u00e9rale a fait vivement r\u00e9agir jeudi au S\u00e9nat.&hellip;\n","protected":false},"author":2,"featured_media":366358,"comment_status":"","ping_status":"","sticky":false,"template":"","format":"standard","meta":{"footnotes":""},"categories":[1589],"tags":[47,11,75,33,73,1866,7512,78,74,12,1004,1864,1865,1863,308],"class_list":{"0":"post-366357","1":"post","2":"type-post","3":"status-publish","4":"format-standard","5":"has-post-thumbnail","7":"category-etats-unis","8":"tag-actualite","9":"tag-actualites","10":"tag-donald-trump","11":"tag-economie","12":"tag-etats-unis","13":"tag-etats-unis-damerique","14":"tag-fed","15":"tag-maison-blanche","16":"tag-monde","17":"tag-news","18":"tag-senat","19":"tag-united-states","20":"tag-united-states-of-america","21":"tag-us","22":"tag-usa"},"share_on_mastodon":{"url":"https:\/\/pubeurope.com\/@fr\/115147560958702817","error":""},"_links":{"self":[{"href":"https:\/\/www.europesays.com\/fr\/wp-json\/wp\/v2\/posts\/366357","targetHints":{"allow":["GET"]}}],"collection":[{"href":"https:\/\/www.europesays.com\/fr\/wp-json\/wp\/v2\/posts"}],"about":[{"href":"https:\/\/www.europesays.com\/fr\/wp-json\/wp\/v2\/types\/post"}],"author":[{"embeddable":true,"href":"https:\/\/www.europesays.com\/fr\/wp-json\/wp\/v2\/users\/2"}],"replies":[{"embeddable":true,"href":"https:\/\/www.europesays.com\/fr\/wp-json\/wp\/v2\/comments?post=366357"}],"version-history":[{"count":0,"href":"https:\/\/www.europesays.com\/fr\/wp-json\/wp\/v2\/posts\/366357\/revisions"}],"wp:featuredmedia":[{"embeddable":true,"href":"https:\/\/www.europesays.com\/fr\/wp-json\/wp\/v2\/media\/366358"}],"wp:attachment":[{"href":"https:\/\/www.europesays.com\/fr\/wp-json\/wp\/v2\/media?parent=366357"}],"wp:term":[{"taxonomy":"category","embeddable":true,"href":"https:\/\/www.europesays.com\/fr\/wp-json\/wp\/v2\/categories?post=366357"},{"taxonomy":"post_tag","embeddable":true,"href":"https:\/\/www.europesays.com\/fr\/wp-json\/wp\/v2\/tags?post=366357"}],"curies":[{"name":"wp","href":"https:\/\/api.w.org\/{rel}","templated":true}]}}