{"id":366359,"date":"2025-09-04T18:58:13","date_gmt":"2025-09-04T18:58:13","guid":{"rendered":"https:\/\/www.europesays.com\/fr\/366359\/"},"modified":"2025-09-04T18:58:13","modified_gmt":"2025-09-04T18:58:13","slug":"radiohead-de-retour-sur-scene-en-europe-et-au-royaume-uni-apres-une-pause-de-7-ans","status":"publish","type":"post","link":"https:\/\/www.europesays.com\/fr\/366359\/","title":{"rendered":"Radiohead de retour sur sc\u00e8ne en Europe et au Royaume-Uni, apr\u00e8s une pause de 7 ans"},"content":{"rendered":"<p>\n         Publi\u00e9 le<br \/>\n            04\/09\/2025 &#8211; 19:20 UTC+2\n            <\/p>\n<p>          <img decoding=\"async\" class=\"c-ad__placeholder__logo\" src=\"https:\/\/static.euronews.com\/website\/images\/logos\/logo-euronews-stacked-outlined-72x72-grey-9.svg\" width=\"72\" height=\"72\" alt=\"\" loading=\"lazy\"\/><br \/>\n          PUBLICIT\u00c9<\/p>\n<p>C&rsquo;est officiel\u00a0: ils sont de retour.<\/p>\n<p>Le groupe britannique acclam\u00e9 Radiohead a annonc\u00e9 une s\u00e9rie de concerts au Royaume-Uni et en Europe pour 2025, marquant ainsi ses premi\u00e8res dates depuis plus de sept ans.<\/p>\n<p>Le groupe devrait faire son retour tant attendu sur sc\u00e8ne en novembre prochain pour une s\u00e9rie de 20 concerts dans cinq villes.<\/p>\n<p>La tourn\u00e9e d\u00e9butera \u00e0 Madrid (4, 5, 7 et 8\u00a0novembre), avant de se poursuivre \u00e0 Bologne (14, 15, 17 et 18\u00a0novembre), Londres (21, 22, 24 et 25\u00a0novembre), Copenhague (1er, 2, 4 et 5\u00a0d\u00e9cembre) et se terminera \u00e0 Berlin (8, 9, 11 et 12\u00a0d\u00e9cembre).<\/p>\n<p>Les billets pour les concerts seront accessibles uniquement sur<a href=\"https:\/\/radiohead.com\/\" target=\"_blank\" rel=\"noreferrer noopener\"> inscription sur le site officiel de Radiohead<\/a>. Les inscriptions ouvriront ce vendredi le 5 septembre \u00e0 10h BST\/11h CET et se termineront \u00e0 22h BST\/23h CET le dimanche 7 septembre.<\/p>\n<p>Radiohead a commenc\u00e9 \u00e0 annoncer son retour cette semaine en distribuant une s\u00e9rie de flyers dans les villes mentionn\u00e9es ci-dessus.<\/p>\n<p>Le dernier concert du groupe a eu lieu le 1er ao\u00fbt 2018 au Wells Fargo Center de Philadelphie. Il marquait la fin de leur tourn\u00e9e \u00ab\u00a0A Moon Shaped Pool\u00a0\u00bb en promotion de leur album \u00e9ponyme sorti en 2016.<\/p>\n<p>Sur les r\u00e9seaux sociaux, les fans ont sp\u00e9cul\u00e9 que cette tourn\u00e9e pourrait laisser pr\u00e9sager la sortie prochaine d&rsquo;un nouvel album. Cependant, aucun titre original n&rsquo;a \u00e9t\u00e9 confirm\u00e9 pour une nouvelle sortie.<\/p>\n<p>\u00ab\u00a0L&rsquo;ann\u00e9e derni\u00e8re, on s&rsquo;est retrouv\u00e9s pour r\u00e9p\u00e9ter, juste pour le plaisir\u00a0\u00bb, a d\u00e9clar\u00e9 le batteur du groupe, Phil Selway, dans un communiqu\u00e9. \u00ab\u00a0Apr\u00e8s sept ans d&rsquo;absence, \u00e7a faisait vraiment du bien de rejouer les chansons et de renouer avec une identit\u00e9 musicale profond\u00e9ment ancr\u00e9e en nous cinq.\u00a0\u00bb<\/p>\n<p>Il a ajout\u00e9\u00a0: \u00ab\u00a0Cela nous a aussi donn\u00e9 envie de faire quelques concerts ensemble, alors on esp\u00e8re que vous pourrez assister \u00e0 l&rsquo;une des prochaines dates. Pour l&rsquo;instant, on se contentera de ces concerts, mais qui sait o\u00f9 tout cela nous m\u00e8nera.\u00a0\u00bb<\/p>\n<p>Depuis leur dernier concert, les membres de Radiohead ont \u00e9t\u00e9 tr\u00e8s occup\u00e9s. Le projet d\u00e9riv\u00e9 du chanteur Thom Yorke et du guitariste\/clavi\u00e9riste Jonny Greenwood, The Smile, a sorti trois albums\u00a0; le bassiste Colin Greenwood a rejoint le groupe live de Nick Cave\u00a0; le guitariste Ed O\u2019Brien a sorti son premier album solo, \u00ab\u00a0Earth\u00a0\u00bb en 2020\u00a0; et en 2023, Selway a sorti son troisi\u00e8me album solo, \u00ab\u00a0Strange Dance\u00a0\u00bb.<\/p>\n<p>Radiohead a r\u00e9cemment sorti une version num\u00e9rique d\u2019un nouvel album live, intitul\u00e9 \u00ab\u00a0Hail to the Thief Live Recordings 2003 \u2013 2009\u00a0\u00bb. Un pressage vinyle devrait \u00eatre disponible en magasin le 31\u00a0octobre.<\/p>\n<p>Cet \u00e9v\u00e9nement fait suite \u00e0 l\u2019annonce selon laquelle Yorke adaptait l\u2019album de 2003 du groupe pour une nouvelle production de la pi\u00e8ce de Shakespeare \u00ab\u00a0Hamlet\u00a0\u00bb, dont la premi\u00e8re mondiale aura lieu l\u2019ann\u00e9e prochaine aux studios Aviva de Manchester.<\/p>\n<p>La production s&rsquo;intitule \u00ab Hamlet Hail To The Thief \u00bb et verra Yorke faire \u00e9quipe avec les r\u00e9alisateurs Steven Hoggett et Christine Jones, laur\u00e9ats des Tony et Olivier Awards, pour cr\u00e9er une adaptation contemporaine de la pi\u00e8ce de Shakespeare, d\u00e9crite comme une \u00ab nouvelle exp\u00e9rience live fi\u00e9vreuse, fusionnant th\u00e9\u00e2tre, musique et mouvement \u00bb.<\/p>\n<p>Sources additionnelles<strong> \u2022 adaptation : Serge Duch\u00eane<\/strong><\/p>\n","protected":false},"excerpt":{"rendered":"Publi\u00e9 le 04\/09\/2025 &#8211; 19:20 UTC+2 PUBLICIT\u00c9 C&rsquo;est officiel\u00a0: ils sont de retour. Le groupe britannique acclam\u00e9 Radiohead&hellip;\n","protected":false},"author":2,"featured_media":366360,"comment_status":"","ping_status":"","sticky":false,"template":"","format":"standard","meta":{"footnotes":""},"categories":[1588],"tags":[11,1697,1777,674,50078,873,44001,12,473,1853,1851,1850,1852],"class_list":{"0":"post-366359","1":"post","2":"type-post","3":"status-publish","4":"format-standard","5":"has-post-thumbnail","7":"category-royaume-uni","8":"tag-actualites","9":"tag-concert","10":"tag-eu","11":"tag-europe","12":"tag-hard-rock","13":"tag-musique","14":"tag-musique-pop","15":"tag-news","16":"tag-royaume-uni","17":"tag-royaume-uni-de-grande-bretagne-et-dirlande-du-nord","18":"tag-uk","19":"tag-united-kingdom","20":"tag-united-kingdom-of-great-britain-and-northern-ireland"},"share_on_mastodon":{"url":"https:\/\/pubeurope.com\/@fr\/115147564978580461","error":""},"_links":{"self":[{"href":"https:\/\/www.europesays.com\/fr\/wp-json\/wp\/v2\/posts\/366359","targetHints":{"allow":["GET"]}}],"collection":[{"href":"https:\/\/www.europesays.com\/fr\/wp-json\/wp\/v2\/posts"}],"about":[{"href":"https:\/\/www.europesays.com\/fr\/wp-json\/wp\/v2\/types\/post"}],"author":[{"embeddable":true,"href":"https:\/\/www.europesays.com\/fr\/wp-json\/wp\/v2\/users\/2"}],"replies":[{"embeddable":true,"href":"https:\/\/www.europesays.com\/fr\/wp-json\/wp\/v2\/comments?post=366359"}],"version-history":[{"count":0,"href":"https:\/\/www.europesays.com\/fr\/wp-json\/wp\/v2\/posts\/366359\/revisions"}],"wp:featuredmedia":[{"embeddable":true,"href":"https:\/\/www.europesays.com\/fr\/wp-json\/wp\/v2\/media\/366360"}],"wp:attachment":[{"href":"https:\/\/www.europesays.com\/fr\/wp-json\/wp\/v2\/media?parent=366359"}],"wp:term":[{"taxonomy":"category","embeddable":true,"href":"https:\/\/www.europesays.com\/fr\/wp-json\/wp\/v2\/categories?post=366359"},{"taxonomy":"post_tag","embeddable":true,"href":"https:\/\/www.europesays.com\/fr\/wp-json\/wp\/v2\/tags?post=366359"}],"curies":[{"name":"wp","href":"https:\/\/api.w.org\/{rel}","templated":true}]}}