{"id":366361,"date":"2025-09-04T18:59:19","date_gmt":"2025-09-04T18:59:19","guid":{"rendered":"https:\/\/www.europesays.com\/fr\/366361\/"},"modified":"2025-09-04T18:59:19","modified_gmt":"2025-09-04T18:59:19","slug":"le-gouvernement-allemand-divise-sur-deventuelles-reformes-de-letat-providence","status":"publish","type":"post","link":"https:\/\/www.europesays.com\/fr\/366361\/","title":{"rendered":"le gouvernement allemand divis\u00e9 sur d\u2019\u00e9ventuelles r\u00e9formes de l\u2019\u00c9tat-providence"},"content":{"rendered":"\n<p>Un mot anglais r\u00e9sume les d\u00e9bats qui \u00e9maillent la rentr\u00e9e politique allemande\u00a0: bullshit. Ce terme, que l\u2019on peut traduire par \u201cfoutaise\u201d ou \u201csacr\u00e9e connerie\u201d, a \u00e9t\u00e9 employ\u00e9 par la ministre du Travail et des Affaires sociales, B\u00e4rbel Bas, d\u00e9but septembre, pour qualifier les discours selon lesquels l\u2019\u00c9tat-providence allemand serait au bord de la faillite, <a class=\"ithalc\" data-ithal=\"lien_externe\" data-ithalc=\"[nav_article]\" target=\"_blank\" href=\"https:\/\/www.dw.com\/de\/alles-bullshit-wie-die-regierung-%C3%BCber-rente-und-b%C3%BCrgergeld-streitet\/a-73835876\" rel=\"noopener\">rapporte la<strong> Deutsche Welle<\/strong><\/a><strong>.<\/strong><\/p>\n<p>La sociale-d\u00e9mocrate, qui s\u2019exprimait devant la section des jeunes de son parti, a par la suite ajout\u00e9 que des r\u00e9formes seraient n\u00e9cessaires pour que le mod\u00e8le allemand perdure. Mais de nombreux m\u00e9dias y ont vu une pique destin\u00e9e au chancelier conservateur Friedrich Merz. \u201cNous ne pouvons plus nous permettre de financer notre mod\u00e8le social avec les recettes de l\u2019\u00c9tat allemand\u201d, avait d\u00e9clar\u00e9 ce dernier un peu plus t\u00f4t, dans le cadre d\u2019un discours annon\u00e7ant un \u201cautomne de r\u00e9formes\u201d.<\/p>\n<p> \u201cLe traumatisme Hartz-IV\u201d <\/p>\n<p>\u201cTous les citoyens ont compris que le mod\u00e8le social hypertrophi\u00e9 qui existe actuellement en Allemagne ne pourra pas durer \u00e9ternellement\u201d, <a class=\"ithalc\" data-ithal=\"lien_externe\" data-ithalc=\"[nav_article]\" target=\"_blank\" href=\"https:\/\/www.cicero.de\/innenpolitik\/friedrich-merz-spd-barbel-bas-bullshit\" rel=\"noopener\">lit-on dans <strong>Cicero<\/strong><\/a><strong>. <\/strong>Tout d\u2019abord parce que la population du pays est vieillissante, mais aussi parce que le syst\u00e8me actuel est parfois d\u00e9tourn\u00e9. Pour<strong> <\/strong>le magazine lib\u00e9ral conservateur, les sociaux-d\u00e9mocrates viennent tout juste de se remettre de leur \u201ctraumatisme <\/p>\n","protected":false},"excerpt":{"rendered":"Un mot anglais r\u00e9sume les d\u00e9bats qui \u00e9maillent la rentr\u00e9e politique allemande\u00a0: bullshit. Ce terme, que l\u2019on peut&hellip;\n","protected":false},"author":2,"featured_media":366362,"comment_status":"","ping_status":"","sticky":false,"template":"","format":"standard","meta":{"footnotes":""},"categories":[1587],"tags":[11,672,1804,1805,1803,1777,674,4710,1801,12,316,1802,1857,2542],"class_list":{"0":"post-366361","1":"post","2":"type-post","3":"status-publish","4":"format-standard","5":"has-post-thumbnail","7":"category-allemagne","8":"tag-actualites","9":"tag-allemagne","10":"tag-bundesrepublik-deutschland","11":"tag-de","12":"tag-deutschland","13":"tag-eu","14":"tag-europe","15":"tag-friedrich-merz","16":"tag-germany","17":"tag-news","18":"tag-politique","19":"tag-republique-federale-dallemagne","20":"tag-sociu00e9tu00e9","21":"tag-u00e9conomie"},"share_on_mastodon":{"url":"https:\/\/pubeurope.com\/@fr\/115147568813365706","error":""},"_links":{"self":[{"href":"https:\/\/www.europesays.com\/fr\/wp-json\/wp\/v2\/posts\/366361","targetHints":{"allow":["GET"]}}],"collection":[{"href":"https:\/\/www.europesays.com\/fr\/wp-json\/wp\/v2\/posts"}],"about":[{"href":"https:\/\/www.europesays.com\/fr\/wp-json\/wp\/v2\/types\/post"}],"author":[{"embeddable":true,"href":"https:\/\/www.europesays.com\/fr\/wp-json\/wp\/v2\/users\/2"}],"replies":[{"embeddable":true,"href":"https:\/\/www.europesays.com\/fr\/wp-json\/wp\/v2\/comments?post=366361"}],"version-history":[{"count":0,"href":"https:\/\/www.europesays.com\/fr\/wp-json\/wp\/v2\/posts\/366361\/revisions"}],"wp:featuredmedia":[{"embeddable":true,"href":"https:\/\/www.europesays.com\/fr\/wp-json\/wp\/v2\/media\/366362"}],"wp:attachment":[{"href":"https:\/\/www.europesays.com\/fr\/wp-json\/wp\/v2\/media?parent=366361"}],"wp:term":[{"taxonomy":"category","embeddable":true,"href":"https:\/\/www.europesays.com\/fr\/wp-json\/wp\/v2\/categories?post=366361"},{"taxonomy":"post_tag","embeddable":true,"href":"https:\/\/www.europesays.com\/fr\/wp-json\/wp\/v2\/tags?post=366361"}],"curies":[{"name":"wp","href":"https:\/\/api.w.org\/{rel}","templated":true}]}}