{"id":366363,"date":"2025-09-04T19:00:13","date_gmt":"2025-09-04T19:00:13","guid":{"rendered":"https:\/\/www.europesays.com\/fr\/366363\/"},"modified":"2025-09-04T19:00:13","modified_gmt":"2025-09-04T19:00:13","slug":"pays-bas-allemagne-belgique-espagne-les-compos-du-soir-en-zone-europe","status":"publish","type":"post","link":"https:\/\/www.europesays.com\/fr\/366363\/","title":{"rendered":"Pays-Bas, Allemagne, Belgique, Espagne &#8230; Les compos du soir en zone Europe"},"content":{"rendered":"<p>Outre l&rsquo;Alg\u00e9rie qui d\u00e9fie le Botswana ce soir en \u00e9liminatoires de la Coupe du monde 2026, les grandes nations europ\u00e9ennes sont aussi sur le pr\u00e9. Les Pays-Bas, l&rsquo;Allemagne, la Belgique et l&rsquo;Espagne sont en lice ce soir. Les N\u00e9erlandais re\u00e7oivent la Pologne tandis que les Allemands se d\u00e9placent en Slovaquie. Les hommes de Rudi Garcia, quant \u00e0 eux, d\u00e9fient le Liechtenstein tandis que la Roja se rend en Bulgarie. D\u00e9couvrez les compositions officielles de ces quatre rencontres !<\/p>\n<p>Les compos<\/p>\n<p>Pays-Bas : Verbruggen &#8211; Dumfries, van Dijk, van Hecke, van de Ven &#8211; de Jong, Gravenberch, Reijnders &#8211; Xavi Simons, Depay, Gakpo<\/p>\n<p>Pologne : Skorupski &#8211; Cash, Wisnieski, Bednarek, Kiwior &#8211; Slisz, Zielinski &#8211; Szymanski, Kaminski, Zalewski &#8211; Lewandowski<\/p>\n<p>Slovaquie : Dubravka &#8211; Satka, Skriniar, Gy\u00f6mber, Hancko &#8211; Duda, Lobotka, Bero &#8211; Strelec, Sauer, Duris<\/p>\n<p>Allemagne : Baumann &#8211; Kimmich, Tah, R\u00fcdiger, Collins &#8211; Goretzka, Stiller &#8211; Mittelst\u00e4dt, Wirtz, Gnabry &#8211; Woltemade<\/p>\n<p>Liechtenstein : B\u00fcchel &#8211; Wolfinger, Traber, Malin, Hofer, G\u00f6ppel &#8211; Luchinger, Hasler, Sele &#8211; Saglam, Luque Notaro<\/p>\n<p>Belgique : Courtois &#8211; Meunier, Debast, Theate, De Cuyper &#8211; Tielemans, Vanaken &#8211; Fofana, De Bruyne, Doku &#8211; Openda<\/p>\n<p>Bulgarie : Vutsov &#8211; Dimitrov, Tsenov, Nedyalkov, Nurnberger &#8211; Panayotov, Chochev, Gruev &#8211; Minkov, Kirilov &#8211; Kolev<\/p>\n<p>Espagne : U. Sim\u00f3n &#8211; Porro, Le Normand, Huijsen, Cucurella &#8211; Pedri, Zubimendi, Merino &#8211; Lamine Yamal, Oyarzabal, N. Williams<\/p>\n<p>   Partagez cette info avec vos amis et vos proches en cliquant ici<br \/> Pour r\u00e9sumer<\/p>\n<p>Ce soir, en plus de l\u2019Alg\u00e9rie qui affronte le Botswana en \u00e9liminatoires de la Coupe du monde 2026, plusieurs grandes nations europ\u00e9ennes sont \u00e9galement en action. Les Pays-Bas accueillent la Pologne, l\u2019Allemagne se rend en Slovaquie, la Belgique d\u00e9fie le Liechtenstein, et l\u2019Espagne joue contre la Bulgarie. Les compositions officielles de ces matchs sont \u00e0 d\u00e9couvrir !<\/p>\n<p>R\u00e9dacteur<\/p>\n<p><img decoding=\"async\" width=\"76\" height=\"76\" loading=\"lazy\" src=\"https:\/\/www.europesays.com\/fr\/wp-content\/uploads\/2025\/04\/avatar-onze.webp.webp\" alt=\"Nathan Bricout\"\/><\/p>\n","protected":false},"excerpt":{"rendered":"Outre l&rsquo;Alg\u00e9rie qui d\u00e9fie le Botswana ce soir en \u00e9liminatoires de la Coupe du monde 2026, les grandes&hellip;\n","protected":false},"author":2,"featured_media":366364,"comment_status":"","ping_status":"","sticky":false,"template":"","format":"standard","meta":{"footnotes":""},"categories":[1586],"tags":[11,1777,674,1011,27,12,25],"class_list":{"0":"post-366363","1":"post","2":"type-post","3":"status-publish","4":"format-standard","5":"has-post-thumbnail","7":"category-europe","8":"tag-actualites","9":"tag-eu","10":"tag-europe","11":"tag-fr","12":"tag-france","13":"tag-news","14":"tag-republique-francaise"},"share_on_mastodon":{"url":"https:\/\/pubeurope.com\/@fr\/115147572801400532","error":""},"_links":{"self":[{"href":"https:\/\/www.europesays.com\/fr\/wp-json\/wp\/v2\/posts\/366363","targetHints":{"allow":["GET"]}}],"collection":[{"href":"https:\/\/www.europesays.com\/fr\/wp-json\/wp\/v2\/posts"}],"about":[{"href":"https:\/\/www.europesays.com\/fr\/wp-json\/wp\/v2\/types\/post"}],"author":[{"embeddable":true,"href":"https:\/\/www.europesays.com\/fr\/wp-json\/wp\/v2\/users\/2"}],"replies":[{"embeddable":true,"href":"https:\/\/www.europesays.com\/fr\/wp-json\/wp\/v2\/comments?post=366363"}],"version-history":[{"count":0,"href":"https:\/\/www.europesays.com\/fr\/wp-json\/wp\/v2\/posts\/366363\/revisions"}],"wp:featuredmedia":[{"embeddable":true,"href":"https:\/\/www.europesays.com\/fr\/wp-json\/wp\/v2\/media\/366364"}],"wp:attachment":[{"href":"https:\/\/www.europesays.com\/fr\/wp-json\/wp\/v2\/media?parent=366363"}],"wp:term":[{"taxonomy":"category","embeddable":true,"href":"https:\/\/www.europesays.com\/fr\/wp-json\/wp\/v2\/categories?post=366363"},{"taxonomy":"post_tag","embeddable":true,"href":"https:\/\/www.europesays.com\/fr\/wp-json\/wp\/v2\/tags?post=366363"}],"curies":[{"name":"wp","href":"https:\/\/api.w.org\/{rel}","templated":true}]}}