{"id":366365,"date":"2025-09-04T19:01:10","date_gmt":"2025-09-04T19:01:10","guid":{"rendered":"https:\/\/www.europesays.com\/fr\/366365\/"},"modified":"2025-09-04T19:01:10","modified_gmt":"2025-09-04T19:01:10","slug":"lunion-europeenne-veut-doubler-son-soutien-aux-pays-et-territoires-doutre-mer-dont-la-polynesie-francaise","status":"publish","type":"post","link":"https:\/\/www.europesays.com\/fr\/366365\/","title":{"rendered":"L&rsquo;Union Europ\u00e9enne veut doubler son soutien aux pays et territoires d&rsquo;Outre-mer, dont la Polyn\u00e9sie fran\u00e7aise"},"content":{"rendered":"<p>L\u2019Union europ\u00e9enne a annonc\u00e9 vouloir doubler ses financements \u00e0 destination des 13 pays et territoires d\u2019Outre-mer, dont la Polyn\u00e9sie fran\u00e7aise.\u00a0Une enveloppe de 119 milliards de Fcfp est pr\u00e9vue pour la p\u00e9riode 2028-2034, contre pr\u00e8s de 60 milliards actuellement.<\/p>\n<p class=\"x_MsoNormal\">L&rsquo;Union europ\u00e9enne a annonc\u00e9 mercredi vouloir doubler ses financements \u00e0 destination de 13 pays et territoires d&rsquo;Outre-mer, dont le Groenland, au c\u0153ur de tensions g\u00e9opolitiques avec les \u00c9tats-Unis, dans son projet de budget pour la p\u00e9riode 2028-2034.<\/p>\n<p class=\"x_MsoNormal\">La plus grosse partie du projet de budget pluriannuel de l&rsquo;UE, qui s&rsquo;\u00e9l\u00e8ve au total \u00e0 2 000 milliards d&rsquo;euros sur la p\u00e9riode, avait \u00e9t\u00e9 pr\u00e9sent\u00e9e mi-juillet, dont les dispositifs majeurs que sont la Politique agricole commune (PAC), le renforcement militaire de l&rsquo;Europe ou l&rsquo;aide \u00e0 l&rsquo;Ukraine, mais aussi la cr\u00e9ation d&rsquo;un nouveau fonds d\u00e9di\u00e9 \u00e0 la comp\u00e9titivit\u00e9.<\/p>\n<p class=\"x_MsoNormal\">En compl\u00e9ment des montants d\u00e9j\u00e0 d\u00e9taill\u00e9s cet \u00e9t\u00e9, la Commission europ\u00e9enne a approuv\u00e9 mercredi une s\u00e9rie de programmes de d\u00e9penses sectoriels qui n&rsquo;avaient pas encore \u00e9t\u00e9 chiffr\u00e9s, dans des domaines qui vont du march\u00e9 commun \u00e0 la lutte contre la contrefa\u00e7on des pi\u00e8ces et billets en euro. <\/p>\n<p class=\"x_MsoNormal\">Cela inclut aussi une enveloppe d&rsquo;un milliard d&rsquo;euros (119 milliards de Fcfp ) destin\u00e9e aux 13 pays et territoires d&rsquo;Outre-mer (PTOM), soit le double du montant pr\u00e9vu par le budget actuel (2021-2027), \u00ab\u00a0reconnaissant leur r\u00f4le d&rsquo;avant-postes de l&rsquo;UE dans leurs r\u00e9gions respectives\u00a0\u00bb, a pr\u00e9cis\u00e9 le commissaire europ\u00e9en Michael McGrath lors d&rsquo;une conf\u00e9rence de presse.<\/p>\n<p class=\"x_MsoNormal\">Sur ce total, \u00ab\u00a0les financements pour le Groenland seul passeraient de 225 millions \u00e0 530 millions d&rsquo;euros\u00a0\u00bb, a-t-il pr\u00e9cis\u00e9. Le Groenland est au c\u0153ur de tensions entre les \u00c9tats-Unis et l&rsquo;Europe depuis le retour au pouvoir de Donald Trump. Apr\u00e8s son \u00e9lection, le pr\u00e9sident am\u00e9ricain avait expliqu\u00e9 avoir \u00ab\u00a0besoin\u00a0\u00bb de ce territoire, notamment pour la s\u00e9curit\u00e9 des \u00c9tats-Unis, r\u00e9p\u00e9tant \u00e0 plusieurs reprises son souhait de s&rsquo;en emparer. Le Groenland, soutenu par sa puissance de tutelle, le Danemark, a r\u00e9torqu\u00e9 ne pas \u00eatre \u00e0 vendre et d\u00e9cider seul de son avenir. <\/p>\n<p class=\"x_MsoNormal\">Territoires aux statuts vari\u00e9s, les PTOM sont tous li\u00e9s constitutionnellement \u00e0 des \u00c9tats membres, mais sans faire partie int\u00e9grante de l&rsquo;UE : Aruba, Bonaire, Cura\u00e7ao, Saba, Saint-Eustache et Sint-Maarten pour les Pays-Bas ; la Polyn\u00e9sie fran\u00e7aise, les Terres australes et antarctiques fran\u00e7aises, la Nouvelle-Cal\u00e9donie, Saint-Barth\u00e9lemy, Saint-Pierre-et-Miquelon et Wallis-et-Futuna pour la France ; le Groenland pour le Danemark<\/p>\n<p class=\"x_MsoNormal\">Ils b\u00e9n\u00e9ficient d&rsquo;un r\u00e9gime d&rsquo;association \u00e0 l&rsquo;UE. Ils repr\u00e9sentent une population d&rsquo;un million d&rsquo;habitants et une zone \u00e9conomique exclusive (ZEE) de 12 millions de km2. Les autres territoires et collectivit\u00e9s ultramarins fran\u00e7ais (Guadeloupe, Guyane, Martinique, la R\u00e9union, Mayotte et Saint-Martin) b\u00e9n\u00e9ficient eux du statut de \u00ab\u00a0r\u00e9gions ultrap\u00e9riph\u00e9riques\u00a0\u00bb de l&rsquo;UE.<\/p>\n","protected":false},"excerpt":{"rendered":"L\u2019Union europ\u00e9enne a annonc\u00e9 vouloir doubler ses financements \u00e0 destination des 13 pays et territoires d\u2019Outre-mer, dont la&hellip;\n","protected":false},"author":2,"featured_media":366366,"comment_status":"","ping_status":"","sticky":false,"template":"","format":"standard","meta":{"footnotes":""},"categories":[1586],"tags":[11,1777,674,1779,1011,27,12,25,1778,364],"class_list":{"0":"post-366365","1":"post","2":"type-post","3":"status-publish","4":"format-standard","5":"has-post-thumbnail","7":"category-europe","8":"tag-actualites","9":"tag-eu","10":"tag-europe","11":"tag-european-union","12":"tag-fr","13":"tag-france","14":"tag-news","15":"tag-republique-francaise","16":"tag-ue","17":"tag-union-europeenne"},"share_on_mastodon":{"url":"https:\/\/pubeurope.com\/@fr\/115147576743149181","error":""},"_links":{"self":[{"href":"https:\/\/www.europesays.com\/fr\/wp-json\/wp\/v2\/posts\/366365","targetHints":{"allow":["GET"]}}],"collection":[{"href":"https:\/\/www.europesays.com\/fr\/wp-json\/wp\/v2\/posts"}],"about":[{"href":"https:\/\/www.europesays.com\/fr\/wp-json\/wp\/v2\/types\/post"}],"author":[{"embeddable":true,"href":"https:\/\/www.europesays.com\/fr\/wp-json\/wp\/v2\/users\/2"}],"replies":[{"embeddable":true,"href":"https:\/\/www.europesays.com\/fr\/wp-json\/wp\/v2\/comments?post=366365"}],"version-history":[{"count":0,"href":"https:\/\/www.europesays.com\/fr\/wp-json\/wp\/v2\/posts\/366365\/revisions"}],"wp:featuredmedia":[{"embeddable":true,"href":"https:\/\/www.europesays.com\/fr\/wp-json\/wp\/v2\/media\/366366"}],"wp:attachment":[{"href":"https:\/\/www.europesays.com\/fr\/wp-json\/wp\/v2\/media?parent=366365"}],"wp:term":[{"taxonomy":"category","embeddable":true,"href":"https:\/\/www.europesays.com\/fr\/wp-json\/wp\/v2\/categories?post=366365"},{"taxonomy":"post_tag","embeddable":true,"href":"https:\/\/www.europesays.com\/fr\/wp-json\/wp\/v2\/tags?post=366365"}],"curies":[{"name":"wp","href":"https:\/\/api.w.org\/{rel}","templated":true}]}}