{"id":366369,"date":"2025-09-04T19:03:12","date_gmt":"2025-09-04T19:03:12","guid":{"rendered":"https:\/\/www.europesays.com\/fr\/366369\/"},"modified":"2025-09-04T19:03:12","modified_gmt":"2025-09-04T19:03:12","slug":"larmee-israelienne-dit-avoir-pris-le-controle-de-40-de-la-ville-de-gaza","status":"publish","type":"post","link":"https:\/\/www.europesays.com\/fr\/366369\/","title":{"rendered":"l\u2019arm\u00e9e isra\u00e9lienne dit avoir pris le contr\u00f4le de 40% de la ville de Gaza"},"content":{"rendered":"<p>   Trois s\u00e9nateurs d\u00e9mocrates demandent au d\u00e9partement d\u2019Etat am\u00e9ricain de cesser de financer la Gaza Humanitarian Foundation              <\/p>\n<p class=\"post__live-container--answer-text post__space-node\">Les s\u00e9nateurs am\u00e9ricains Elizabeth Warren, Chris Van\u00a0Hollen et Peter Welch, tous trois membres du Parti d\u00e9mocrate, ont \u00e9crit au d\u00e9partement d\u2019Etat et \u00e0 l\u2019Agence pour le d\u00e9veloppement international (USAID) pour demander des \u00e9claircissements sur l\u2019attribution de 30\u00a0millions de dollars \u00e0 la Gaza Humanitarian Foundation (GHF).<\/p>\n<p class=\"post__live-container--answer-text post__space-node\">L\u2019organisation priv\u00e9e soutenue par Isra\u00ebl et les Etats-Unis distribue depuis la fin du mois de mai de la nourriture dans la bande de Gaza dans des conditions chaotiques. Entre le 27\u00a0mai et le 13\u00a0ao\u00fbt, 1\u00a0760\u00a0personnes ont \u00e9t\u00e9 tu\u00e9es en allant chercher de l\u2019aide, dont 994 \u00e0 proximit\u00e9 des sites de distribution de la GHF, <a href=\"https:\/\/www.lemonde.fr\/international\/live\/2025\/08\/15\/en-direct-gaza-au-moins-1-760-palestiniens-tues-depuis-la-fin-mai-en-cherchant-de-l-aide-annonce-l-onu_6628849_3210.html#id-2523751\" rel=\"nofollow noopener\" target=\"_blank\">selon l\u2019ONU<\/a>.<\/p>\n<p class=\"post__live-container--answer-text post__space-node\">\u00ab\u00a0Les civils affam\u00e9s ne devraient pas \u00eatre pris pour cible alors qu\u2019ils tentent d\u00e9sesp\u00e9r\u00e9ment d\u2019acc\u00e9der \u00e0 des vivres\u00a0\u00bb, <a href=\"https:\/\/www.warren.senate.gov\/newsroom\/press-releases\/warren-van-hollen-welch-demand-state-department-end-30-million-contract-with-shady-gaza-humanitarian-foundation-investigate-organizations-role-in-gaza-famine\" target=\"_blank\" rel=\"noopener nofollow\" title=\"Nouvelle fen\u00eatre\">\u00e9crivent les s\u00e9nateurs<\/a>. \u00ab\u00a0Le d\u00e9partement d\u2019Etat devrait imm\u00e9diatement cesser de financer la GHF et transf\u00e9rer ou r\u00e9tablir le financement \u00e0 des organisations humanitaires exp\u00e9riment\u00e9es, compte tenu des preuves solides et de plus en plus nombreuses que la GHF ne parvient pas \u00e0 accomplir sa mission humanitaire.\u00a0\u00bb<\/p>\n<p class=\"post__live-container--answer-text post__space-node\">Selon l\u2019agence de presse Reuters, poursuivent-ils, \u00ab\u00a0le d\u00e9partement d\u2019Etat a ignor\u00e9 plus de 50\u00a0objections soulev\u00e9es par le personnel de l\u2019USAID et a lev\u00e9 neuf exigences en mati\u00e8re de lutte contre le terrorisme et la fraude afin d\u2019approuver rapidement l\u2019octroi de 30\u00a0millions de dollars \u00e0 la GHF\u00a0\u00bb.<\/p>\n<p class=\"post__live-container--answer-text post__space-node\">\u00ab\u00a0Les objections portaient notamment sur le manque d\u2019informations concernant l\u2019emplacement des sites propos\u00e9s, les incoh\u00e9rences dans les postes budg\u00e9taires, l\u2019absence de r\u00e9ponse \u00e0 la question de savoir comment l\u2019organisation allait \u201cne pas nuire\u201d et l\u2019incapacit\u00e9 \u00e0 \u201cfournir des informations suffisantes pour garantir que l\u2019aide parviendrait aux destinataires pr\u00e9vus\u201d\u00a0\u00bb, soulignent les signataires, doutant que le d\u00e9partement d\u2019Etat ait proc\u00e9d\u00e9 \u00e0 une v\u00e9rification ou \u00e0 un contr\u00f4le par un tiers de la GHF avant d\u2019accorder la subvention.<\/p>\n","protected":false},"excerpt":{"rendered":"Trois s\u00e9nateurs d\u00e9mocrates demandent au d\u00e9partement d\u2019Etat am\u00e9ricain de cesser de financer la Gaza Humanitarian Foundation Les s\u00e9nateurs&hellip;\n","protected":false},"author":2,"featured_media":366370,"comment_status":"","ping_status":"","sticky":false,"template":"","format":"standard","meta":{"footnotes":""},"categories":[2],"tags":[11,1011,27,12,25],"class_list":{"0":"post-366369","1":"post","2":"type-post","3":"status-publish","4":"format-standard","5":"has-post-thumbnail","7":"category-actualites","8":"tag-actualites","9":"tag-fr","10":"tag-france","11":"tag-news","12":"tag-republique-francaise"},"share_on_mastodon":{"url":"https:\/\/pubeurope.com\/@fr\/115147584596862937","error":""},"_links":{"self":[{"href":"https:\/\/www.europesays.com\/fr\/wp-json\/wp\/v2\/posts\/366369","targetHints":{"allow":["GET"]}}],"collection":[{"href":"https:\/\/www.europesays.com\/fr\/wp-json\/wp\/v2\/posts"}],"about":[{"href":"https:\/\/www.europesays.com\/fr\/wp-json\/wp\/v2\/types\/post"}],"author":[{"embeddable":true,"href":"https:\/\/www.europesays.com\/fr\/wp-json\/wp\/v2\/users\/2"}],"replies":[{"embeddable":true,"href":"https:\/\/www.europesays.com\/fr\/wp-json\/wp\/v2\/comments?post=366369"}],"version-history":[{"count":0,"href":"https:\/\/www.europesays.com\/fr\/wp-json\/wp\/v2\/posts\/366369\/revisions"}],"wp:featuredmedia":[{"embeddable":true,"href":"https:\/\/www.europesays.com\/fr\/wp-json\/wp\/v2\/media\/366370"}],"wp:attachment":[{"href":"https:\/\/www.europesays.com\/fr\/wp-json\/wp\/v2\/media?parent=366369"}],"wp:term":[{"taxonomy":"category","embeddable":true,"href":"https:\/\/www.europesays.com\/fr\/wp-json\/wp\/v2\/categories?post=366369"},{"taxonomy":"post_tag","embeddable":true,"href":"https:\/\/www.europesays.com\/fr\/wp-json\/wp\/v2\/tags?post=366369"}],"curies":[{"name":"wp","href":"https:\/\/api.w.org\/{rel}","templated":true}]}}