{"id":366371,"date":"2025-09-04T19:04:11","date_gmt":"2025-09-04T19:04:11","guid":{"rendered":"https:\/\/www.europesays.com\/fr\/366371\/"},"modified":"2025-09-04T19:04:11","modified_gmt":"2025-09-04T19:04:11","slug":"france-antisemitisme-en-hausse-combien-de-temps-nous-reste-t-il-president-du-crif-midi-pyrenees","status":"publish","type":"post","link":"https:\/\/www.europesays.com\/fr\/366371\/","title":{"rendered":"France\/Antis\u00e9mitisme En Hausse : \u00ab\u00a0Combien De Temps Nous Reste-t-il ?\u00a0\u00bb (pr\u00e9sident Du CRIF Midi-Pyr\u00e9n\u00e9es)"},"content":{"rendered":"<p class=\"\" data-is=\"component-paragraph\">Lors de son intervention dans Le Prime sur i24NEWS, Franck Touboul, pr\u00e9sident du CRIF Midi-Pyr\u00e9n\u00e9es, a d\u00e9nonc\u00e9 une explosion de l\u2019antis\u00e9mitisme en France, \u00e9voquant une situation devenue \u00ab insupportable \u00bb.<\/p>\n<p class=\"\" data-is=\"component-paragraph\">Il a r\u00e9agi au scandale suscit\u00e9 par la photo d\u2019un homme portant un maillot floqu\u00e9 de l\u2019inscription \u00ab Arracheur 2 Kippa \u00bb dans un caf\u00e9 de Toulouse. \u00ab Voir un individu afficher fi\u00e8rement ce maillot pendant plusieurs heures est insupportable \u00bb, a-t-il d\u00e9clar\u00e9, pr\u00e9cisant que la justice avait \u00e9t\u00e9 imm\u00e9diatement saisie.<\/p>\n<p><img alt=\"Video poster\" class=\"video-poster\" data-is=\"lazy-image\" data-observed-item-id=\"https:\/\/api.i24news.tv\/fr\/brightcove\/6378425952112\/poster\"\/>Toulouse : un maillot floqu\u00e9 : \u00ab\u00a0arracheur 2 kippa\u00a0\u00bb<\/p>\n<p class=\"\" data-is=\"component-paragraph\">Touboul a \u00e9galement appel\u00e9 \u00e0 des mesures fortes contre la haine en ligne, plaidant pour la fin de l\u2019anonymat sur les r\u00e9seaux sociaux. Selon lui, \u00ab l\u2019antisionisme est aujourd\u2019hui le nouveau vecteur de la haine du juif \u00bb et n\u00e9cessite une action urgente de l\u2019\u00c9tat.<\/p>\n<p class=\"\" data-is=\"component-paragraph\">Le pr\u00e9sident du CRIF Midi-Pyr\u00e9n\u00e9es s\u2019est dit profond\u00e9ment inquiet pour l\u2019avenir de la communaut\u00e9 juive : \u00ab O\u00f9 va-t-on aller ? Quand est-ce que nous devons partir ? Combien de temps nous reste-t-il ? \u00bb\u00a0Il estime que cette inqui\u00e9tude d\u00e9passe la seule communaut\u00e9 juive et touche d\u00e9sormais une grande partie de la soci\u00e9t\u00e9 fran\u00e7aise.<\/p>\n<p class=\"\" data-is=\"component-paragraph\">Enfin, Franck Touboul a point\u00e9 la responsabilit\u00e9 des pouvoirs publics, et notamment d\u2019Emmanuel Macron : \u00ab Le pr\u00e9sident de la R\u00e9publique porte une tr\u00e8s lourde responsabilit\u00e9 dans cette inqui\u00e9tude pour les juifs de France aujourd\u2019hui. \u00bb<\/p>\n","protected":false},"excerpt":{"rendered":"Lors de son intervention dans Le Prime sur i24NEWS, Franck Touboul, pr\u00e9sident du CRIF Midi-Pyr\u00e9n\u00e9es, a d\u00e9nonc\u00e9 une&hellip;\n","protected":false},"author":2,"featured_media":366372,"comment_status":"","ping_status":"","sticky":false,"template":"","format":"standard","meta":{"footnotes":""},"categories":[4],"tags":[11,1011,27,12,25],"class_list":{"0":"post-366371","1":"post","2":"type-post","3":"status-publish","4":"format-standard","5":"has-post-thumbnail","7":"category-france","8":"tag-actualites","9":"tag-fr","10":"tag-france","11":"tag-news","12":"tag-republique-francaise"},"share_on_mastodon":{"url":"https:\/\/pubeurope.com\/@fr\/115147588697958984","error":""},"_links":{"self":[{"href":"https:\/\/www.europesays.com\/fr\/wp-json\/wp\/v2\/posts\/366371","targetHints":{"allow":["GET"]}}],"collection":[{"href":"https:\/\/www.europesays.com\/fr\/wp-json\/wp\/v2\/posts"}],"about":[{"href":"https:\/\/www.europesays.com\/fr\/wp-json\/wp\/v2\/types\/post"}],"author":[{"embeddable":true,"href":"https:\/\/www.europesays.com\/fr\/wp-json\/wp\/v2\/users\/2"}],"replies":[{"embeddable":true,"href":"https:\/\/www.europesays.com\/fr\/wp-json\/wp\/v2\/comments?post=366371"}],"version-history":[{"count":0,"href":"https:\/\/www.europesays.com\/fr\/wp-json\/wp\/v2\/posts\/366371\/revisions"}],"wp:featuredmedia":[{"embeddable":true,"href":"https:\/\/www.europesays.com\/fr\/wp-json\/wp\/v2\/media\/366372"}],"wp:attachment":[{"href":"https:\/\/www.europesays.com\/fr\/wp-json\/wp\/v2\/media?parent=366371"}],"wp:term":[{"taxonomy":"category","embeddable":true,"href":"https:\/\/www.europesays.com\/fr\/wp-json\/wp\/v2\/categories?post=366371"},{"taxonomy":"post_tag","embeddable":true,"href":"https:\/\/www.europesays.com\/fr\/wp-json\/wp\/v2\/tags?post=366371"}],"curies":[{"name":"wp","href":"https:\/\/api.w.org\/{rel}","templated":true}]}}