{"id":366375,"date":"2025-09-04T19:07:19","date_gmt":"2025-09-04T19:07:19","guid":{"rendered":"https:\/\/www.europesays.com\/fr\/366375\/"},"modified":"2025-09-04T19:07:19","modified_gmt":"2025-09-04T19:07:19","slug":"compositions-chaine-tv-et-heure-6","status":"publish","type":"post","link":"https:\/\/www.europesays.com\/fr\/366375\/","title":{"rendered":"Compositions, Cha\u00eene TV et Heure"},"content":{"rendered":"<p style=\"text-align: justify;\"><strong>\u00c0 quelle heure et sur quelle cha\u00eene TV suivre le match de Top 14 entre l\u2019Union Bordeaux-B\u00e8gles et le Stade Rochelais ? Retrouvez \u00e9galement les compositions des deux \u00e9quipes.<\/strong><\/p>\n<p style=\"text-align: justify;\">Le match de la premi\u00e8re journ\u00e9e de la phase r\u00e9guli\u00e8re du Top 14 entre l\u2019<strong><a href=\"https:\/\/dicodusport.fr\/blog\/transferts-ubb-2025-arrivees-departs-et-prolongations\/\" target=\"_blank\" rel=\"noopener\">Union Bordeaux-B\u00e8gles<\/a><\/strong> et le<a href=\"https:\/\/dicodusport.fr\/blog\/transferts-stade-rochelais-2025-arrivees-departs-et-prolongations\/\" target=\"_blank\" rel=\"noopener\"><strong> Stade Rochelais<\/strong><\/a> aura lieu ce samedi 6 septembre \u00e0 21h00, au stade Chaban-Delmas de Bordeaux. Un v\u00e9ritable choc pour le premier match en prime time de la saison.<\/p>\n<p>Contexte et enjeux du match UBB \u2013 La Rochelle<\/p>\n<p style=\"text-align: justify;\">L\u2019<strong>Union Bordeaux-B\u00e8gles<\/strong> a r\u00e9ussi, pour la deuxi\u00e8me saison d\u2019affil\u00e9e, \u00e0 se qualifier en finale du Top 14 apr\u00e8s une phase r\u00e9guli\u00e8re de haute vol\u00e9e. Mais pour la deuxi\u00e8me saison d\u2019affil\u00e9e, elle a \u00e9chou\u00e9 face au Stade Toulousain. Certes, la finale a \u00e9t\u00e9 bien plus serr\u00e9e qu\u2019en 2024, mais le r\u00e9sultat est le m\u00eame, et l\u2019UBB doit repartir au combat pour aller chercher enfin ce premier titre national, apr\u00e8s avoir triomph\u00e9 pour la premi\u00e8re fois en Champions Cup la saison derni\u00e8re. N\u00e9anmoins, ce d\u00e9but de saison s\u2019annonce compliqu\u00e9, puisque et <strong>Maxime Lucu<\/strong>, et <strong>Yoram Moefana<\/strong> sont bless\u00e9s et seront absents plusieurs semaines.<\/p>\n<p style=\"text-align: justify;\">En face, le <strong>Stade Rochelais<\/strong> doit imp\u00e9rativement se relancer, apr\u00e8s avoir mis fin la saison derni\u00e8re \u00e0 une s\u00e9rie de cinq qualifications d\u2019affil\u00e9e en phase finale. Septi\u00e8mes la saison pass\u00e9e, les Maritimes ont clairement perdu de leur superbe, dans un exercice compliqu\u00e9 sur et en dehors du terrain. N\u00e9anmoins, la fin de saison a \u00e9t\u00e9 bien meilleure, avec cinq victoires sur les six derniers matchs, et l\u2019effectif a \u00e9t\u00e9 renforc\u00e9, avec notamment l\u2019arriv\u00e9e de <strong>Nolann Le Garrec<\/strong>. Autant de raison de croire que La Rochelle sera de nouveau en lutte pour le Top 6, voire les deux premi\u00e8res places.<\/p>\n<p><a href=\"https:\/\/dicodusport.fr\/blog\/top-14-le-classement-des-budgets-devoile-toulouse-loin-devant-montauban\/\" class=\"vlp-link\" title=\"Top 14 : le classement des budgets d\u00e9voil\u00e9, Toulouse loin devant Montauban\" target=\"_blank\" rel=\"noopener\"><img loading=\"lazy\" decoding=\"async\" style=\"max-width: 792px;\" width=\"792\" height=\"445\" class=\"attachment-800x445 size-800x445 perfmatters-lazy\" alt=\"Top 14 le classement des budgets d\u00e9voil\u00e9, Toulouse loin devant Montauban\" src=\"https:\/\/www.europesays.com\/fr\/wp-content\/uploads\/2025\/09\/Top-14-le-classement-des-budgets-devoile-Toulouse-loin-devant-Montauban.png\"  data-\/><\/p>\n<p>Top 14 : le classement des budgets d\u00e9voil\u00e9, Toulouse loin devant Montauban<\/p>\n<p>Ce mardi, nos confr\u00e8res de Rugbyrama ont d\u00e9voil\u00e9 le classement des budgets des clubs de Top 14 pour la saison 2025-2026 du championnat de premi\u00e8re division.<\/p>\n<p>Lire l&rsquo;article<\/p>\n<p>dicodusport.fr<\/p>\n<p style=\"text-align: justify;\">De plus, les Rochelais ont remport\u00e9 les deux confrontations directes la saison derni\u00e8re, s\u2019imposant <a href=\"https:\/\/dicodusport.fr\/blog\/top-14-j7-le-stade-rochelais-fait-chuter-bordeaux-begles\/\" target=\"_blank\" rel=\"noopener\"><strong>32-22<\/strong><\/a> \u00e0 la maison avant de venir cr\u00e9er la surprise avec une victoire <a href=\"https:\/\/dicodusport.fr\/blog\/top-14-j22-stade-rochelais-s-offre-ubb-en-gironde\/\" target=\"_blank\" rel=\"noopener\"><strong>10-21<\/strong><\/a> en terre girondine au retour. Une bonne habitude, puisque La Rochelle est repartie gagnante lors de cinq de ses six derni\u00e8res visites chez l\u2019UBB, Top 14 et Champions Cup confondus. Mais chez les bookmakers, c\u2019est l\u2019Union qui a les faveurs pour ce choc.<\/p>\n<p>UBB \u2013 La Rochelle\u00a0 : \u00c0 quelle heure et sur quelle cha\u00eene TV suivre le match ?<\/p>\n<p style=\"text-align: justify;\">Le match <b>UBB \u2013 La Rochelle <\/b>est \u00e0 suivre ce <strong>samedi 6 septembre 2025 \u00e0 21h05<\/strong>, sur <b>Canal+.<\/b><\/p>\n<p>Les compositions probables de UBB \u2013 La Rochelle<br \/>\nLa composition de l\u2019UBB<\/p>\n<p style=\"text-align: justify;\"><strong>XV de d\u00e9part :\u00a0<\/strong>15. Mousques ; 14. Penaud, 13. Depoortere (cap), 12. Janse van Rensburg ou Drault, 11. Bielle-Biarrey ; 10. Jalibert, 9. Page-Relo ; 7. Matiu ou Woki, 8. Gazzotti, 6. Bochaton ; 5. Cazeaux, 4. Gray ; 3. Sadie ou Falatea, 2. Lamothe, 1. Poirot.<\/p>\n<p>\n<a href=\"https:\/\/dicodusport.fr\/blog\/offres\/abonnements-sans-pub\/\" target=\"_blank\" rel=\"noopener\"><img loading=\"lazy\" decoding=\"async\" class=\"alignnone size-full wp-image-501284 perfmatters-lazy\" alt=\"\" width=\"1200\" height=\"200\" src=\"https:\/\/www.europesays.com\/fr\/wp-content\/uploads\/2025\/04\/Abonnements-sans-pubs-Dicodusport.png\"\/><\/a><\/p>\n<p style=\"text-align: justify;\"><strong>Les rempla\u00e7ants : <\/strong>16. Barlot, 17. Perchaud, 18. Palu, 19. Woki ou Matiu, 20. Hutteau, 21. Carbery, 22. Vergnes-Taillefer ou Rayasi, 23. Falatea ou Sadie.<\/p>\n<p>La composition de La Rochelle<\/p>\n<p style=\"text-align: justify;\"><strong>XV de d\u00e9part : <\/strong>15. Pacome ; 14. Vunivalu ou Nowell, 13. Favre, 12. Danty, 11. Leyds ; 10. Hastoy, 9. Le Garrec ; 7. Jegou, 8. Alldritt (cap), 6. Botia ou Pa. Boudehent ; 5. Pa. Boudehent ou Cancoriet, 4. Douglas ; 3. Kuntelia, 2. Bourgarit, 1. Penverne.<\/p>\n<p>\n<a href=\"https:\/\/dicodusport.fr\/blog\/offres\/abonnements-sans-pub\/\" target=\"_blank\" rel=\"noopener\"><img loading=\"lazy\" decoding=\"async\" class=\"alignnone size-full wp-image-501296 perfmatters-lazy\" alt=\"\" width=\"400\" height=\"400\" src=\"https:\/\/www.europesays.com\/fr\/wp-content\/uploads\/2025\/04\/Abonnements-sans-pubs-Dicodusport-mobile.png\"\/><\/a><\/p>\n<p style=\"text-align: justify;\"><strong>Les rempla\u00e7ants : <\/strong>16. Latu, 17. Kaddouri, 18. Lavault ou Cancoriet, 19. Cancoriet ou Botia, 20. Haddad, 21. Berjon, 22. West, 23. Galvan ou Sorin.<\/p>\n<p>Les cotes de\u00a0UBB \u2013 La Rochelle<\/p>\n<tr style=\"height: 16px;\">\n<td style=\"background-color: #404040; text-align: left; border-color: #ededed; width: 500px;\" colspan=\"3\">Samedi 6 septembre 2025, 21h05<\/td>\n<\/tr>\n<tr style=\"height: 24px;\">\n<td style=\"background-color: #ffffff; border-color: #ededed; vertical-align: middle; text-align: center; width: 266px;\"><b>UBB<br \/><\/b><a href=\"https:\/\/www.winamax.fr\/paris-sportifs\/match\/62109092?banid=33423\" class=\"su-button su-button-style-flat su-button-wide\" style=\"color:#fff;background-color:#000;border-color:#000000;border-radius:5px\" target=\"_blank\" rel=\"noopener noreferrer\"> 1.35<\/a><\/td>\n<td style=\"background-color: #ffffff; border-color: #ededed; vertical-align: middle; text-align: center; width: 266px;\"><strong>Match nul<\/strong><br \/><a href=\"https:\/\/www.winamax.fr\/paris-sportifs\/match\/62109092?banid=33423\" class=\"su-button su-button-style-flat su-button-wide\" style=\"color:#fff;background-color:#000;border-color:#000000;border-radius:5px\" target=\"_blank\" rel=\"noopener noreferrer\"> 20<\/a><\/td>\n<td style=\"background-color: #ffffff; border-color: #ededed; vertical-align: middle; text-align: center; width: 266px;\"><b>La Rochelle<\/b><br \/><a href=\"https:\/\/www.winamax.fr\/paris-sportifs\/match\/62109092?banid=33423\" class=\"su-button su-button-style-flat su-button-wide\" style=\"color:#fff;background-color:#000;border-color:#000000;border-radius:5px\" target=\"_blank\" rel=\"noopener noreferrer\"> 3.20<\/a><\/td>\n<\/tr>\n<p style=\"text-align: justify;\">Tentez votre chance en profitant de votre <a href=\"https:\/\/www.winamax.fr\/registration\/landing\/affiliation_Bonus100?banid=33423\" target=\"_blank\" rel=\"noopener\">1er d\u00e9p\u00f4t doubl\u00e9 jusqu\u2019\u00e0 100 \u20ac<\/a> direct en paris gratuits sur Winamax !<\/p>\n","protected":false},"excerpt":{"rendered":"\u00c0 quelle heure et sur quelle cha\u00eene TV suivre le match de Top 14 entre l\u2019Union Bordeaux-B\u00e8gles et&hellip;\n","protected":false},"author":2,"featured_media":366376,"comment_status":"","ping_status":"","sticky":false,"template":"","format":"standard","meta":{"footnotes":""},"categories":[1416],"tags":[2113,1011,27,479,1468,60,6365,478,7974],"class_list":{"0":"post-366375","1":"post","2":"type-post","3":"status-publish","4":"format-standard","5":"has-post-thumbnail","7":"category-rugby","8":"tag-breve","9":"tag-fr","10":"tag-france","11":"tag-rugby","12":"tag-rugby-football","13":"tag-sports","14":"tag-stade-rochelais","15":"tag-top-14","16":"tag-union-bordeaux-begles"},"share_on_mastodon":{"url":"https:\/\/pubeurope.com\/@fr\/115147600508536507","error":""},"_links":{"self":[{"href":"https:\/\/www.europesays.com\/fr\/wp-json\/wp\/v2\/posts\/366375","targetHints":{"allow":["GET"]}}],"collection":[{"href":"https:\/\/www.europesays.com\/fr\/wp-json\/wp\/v2\/posts"}],"about":[{"href":"https:\/\/www.europesays.com\/fr\/wp-json\/wp\/v2\/types\/post"}],"author":[{"embeddable":true,"href":"https:\/\/www.europesays.com\/fr\/wp-json\/wp\/v2\/users\/2"}],"replies":[{"embeddable":true,"href":"https:\/\/www.europesays.com\/fr\/wp-json\/wp\/v2\/comments?post=366375"}],"version-history":[{"count":0,"href":"https:\/\/www.europesays.com\/fr\/wp-json\/wp\/v2\/posts\/366375\/revisions"}],"wp:featuredmedia":[{"embeddable":true,"href":"https:\/\/www.europesays.com\/fr\/wp-json\/wp\/v2\/media\/366376"}],"wp:attachment":[{"href":"https:\/\/www.europesays.com\/fr\/wp-json\/wp\/v2\/media?parent=366375"}],"wp:term":[{"taxonomy":"category","embeddable":true,"href":"https:\/\/www.europesays.com\/fr\/wp-json\/wp\/v2\/categories?post=366375"},{"taxonomy":"post_tag","embeddable":true,"href":"https:\/\/www.europesays.com\/fr\/wp-json\/wp\/v2\/tags?post=366375"}],"curies":[{"name":"wp","href":"https:\/\/api.w.org\/{rel}","templated":true}]}}