{"id":366377,"date":"2025-09-04T19:08:10","date_gmt":"2025-09-04T19:08:10","guid":{"rendered":"https:\/\/www.europesays.com\/fr\/366377\/"},"modified":"2025-09-04T19:08:10","modified_gmt":"2025-09-04T19:08:10","slug":"atp-la-laver-cup-cest-de-la-merde-un-gadget-de-roger-federer-approuve-par-latp-elle-ne-sert-qua-rendre-certains-joueurs-millionnaires-encore-plus-millionnaires-ca-napporte-rien-au-developpe","status":"publish","type":"post","link":"https:\/\/www.europesays.com\/fr\/366377\/","title":{"rendered":"ATP > \u00ab\u00a0La Laver Cup, c&rsquo;est de la merde. Un gadget de Roger Federer approuv\u00e9 par l&rsquo;ATP. Elle ne sert qu&rsquo;\u00e0 rendre certains joueurs millionnaires encore plus millionnaires. \u00c7a n&rsquo;apporte rien au d\u00e9veloppement du tennis\u00a0\u00bb, lance le journaliste, Danny Miche"},"content":{"rendered":"<p>Alors que le casting complet de la huiti\u00e8me \u00e9dition de la Laver Cup a \u00e9t\u00e9 d\u00e9voil\u00e9 ce jeudi avec quelques chan\u00adge\u00adments de derni\u00e8res minutes suite aux forfaits de Ben Shelton et Tommy Paul, remplac\u00e9s par Alex Michelsen et Reilly Opelka, une d\u00e9cla\u00adra\u00adtion n\u2019est pas pass\u00e9e inaper\u00e7ue sur la\u00a0toile.<\/p>\n<p>Elle est l\u2019oeuvre de notre confr\u00e8re argentin, Danny Miche, vieux routard du circuit et notam\u00adment auteur de trois livres sur le monde de la petite balle\u00a0jaune.\u00a0<\/p>\n<p>Particuli\u00e8rement critique envers la comp\u00e9\u00adti\u00adtion par \u00e9quipe cr\u00e9\u00e9e par Roger Federer et calqu\u00e9e sur la mythique Ryder Cup au golf, le jour\u00adna\u00adliste ne prend pas de\u00a0gants.\u00a0<\/p>\n<blockquote class=\"twitter-tweet\">\n<p lang=\"es\" dir=\"ltr\">Qu\u00e9 porquer\u00eda es la Laver Cup. Un curro de Roger avalado por ATP.<br \/>Solo sirve para que algunos tenistas millo\u00adna\u00adrios sigan siendo m\u00e1s millo\u00adna\u00adrios. No tiene ning\u00fan aporte al desar\u00adrollo del tenis. <a href=\"https:\/\/t.co\/MKDZfSbKK8\" data-wpel-link=\"external\" target=\"_blank\" rel=\"nofollow external noopener\">https:\/\/t.co\/MKDZfSbKK8<\/a><\/p>\n<p>\u2014 Danny Miche\ud83c\udfbe (@dannymiche) <a href=\"https:\/\/twitter.com\/dannymiche\/status\/1963639420117999675?ref_src=twsrc%5Etfw\" data-wpel-link=\"external\" target=\"_blank\" rel=\"nofollow external noopener\">September 4,\u00a02025<\/a><\/p><\/blockquote>\n<p><strong>\u00ab\u202fLa Laver Cup, c\u2019est de la merde. Un gadget de Roger approuv\u00e9 par l\u2019ATP. \u00c7a ne sert qu\u2019\u00e0 rendre certains joueurs million\u00adnaires encore plus million\u00adnaires. \u00c7a n\u2019ap\u00adporte rien au d\u00e9ve\u00adlop\u00adpe\u00adment du tennis.\u202f\u00bb<\/strong> Roger appr\u00e9ciera\u2026\u00a0<\/p>\n<p class=\"post-published-date\" style=\"color: silver; font-size: 75%; text-align: left;\">Publi\u00e9 le jeudi 4 septembre 2025 \u00e0 19:09<\/p>\n<p><script async src=\"https:\/\/platform.twitter.com\/widgets.js\" charset=\"utf-8\"><\/script><\/p>\n","protected":false},"excerpt":{"rendered":"Alors que le casting complet de la huiti\u00e8me \u00e9dition de la Laver Cup a \u00e9t\u00e9 d\u00e9voil\u00e9 ce jeudi&hellip;\n","protected":false},"author":2,"featured_media":366378,"comment_status":"","ping_status":"","sticky":false,"template":"","format":"standard","meta":{"footnotes":""},"categories":[1415],"tags":[2199,1011,27,60,1467],"class_list":{"0":"post-366377","1":"post","2":"type-post","3":"status-publish","4":"format-standard","5":"has-post-thumbnail","7":"category-tennis","8":"tag-federer","9":"tag-fr","10":"tag-france","11":"tag-sports","12":"tag-tennis"},"share_on_mastodon":{"url":"https:\/\/pubeurope.com\/@fr\/115147604159070571","error":""},"_links":{"self":[{"href":"https:\/\/www.europesays.com\/fr\/wp-json\/wp\/v2\/posts\/366377","targetHints":{"allow":["GET"]}}],"collection":[{"href":"https:\/\/www.europesays.com\/fr\/wp-json\/wp\/v2\/posts"}],"about":[{"href":"https:\/\/www.europesays.com\/fr\/wp-json\/wp\/v2\/types\/post"}],"author":[{"embeddable":true,"href":"https:\/\/www.europesays.com\/fr\/wp-json\/wp\/v2\/users\/2"}],"replies":[{"embeddable":true,"href":"https:\/\/www.europesays.com\/fr\/wp-json\/wp\/v2\/comments?post=366377"}],"version-history":[{"count":0,"href":"https:\/\/www.europesays.com\/fr\/wp-json\/wp\/v2\/posts\/366377\/revisions"}],"wp:featuredmedia":[{"embeddable":true,"href":"https:\/\/www.europesays.com\/fr\/wp-json\/wp\/v2\/media\/366378"}],"wp:attachment":[{"href":"https:\/\/www.europesays.com\/fr\/wp-json\/wp\/v2\/media?parent=366377"}],"wp:term":[{"taxonomy":"category","embeddable":true,"href":"https:\/\/www.europesays.com\/fr\/wp-json\/wp\/v2\/categories?post=366377"},{"taxonomy":"post_tag","embeddable":true,"href":"https:\/\/www.europesays.com\/fr\/wp-json\/wp\/v2\/tags?post=366377"}],"curies":[{"name":"wp","href":"https:\/\/api.w.org\/{rel}","templated":true}]}}