{"id":366379,"date":"2025-09-04T19:10:11","date_gmt":"2025-09-04T19:10:11","guid":{"rendered":"https:\/\/www.europesays.com\/fr\/366379\/"},"modified":"2025-09-04T19:10:11","modified_gmt":"2025-09-04T19:10:11","slug":"motogp-fabio-quartararo-devoile-un-casque-special-pour-le-gp-de-catalogne","status":"publish","type":"post","link":"https:\/\/www.europesays.com\/fr\/366379\/","title":{"rendered":"MotoGP &#8211; Fabio Quartararo d\u00e9voile un casque sp\u00e9cial pour le GP de Catalogne"},"content":{"rendered":"<p>Bien qu\u2019il se trouve au c\u0153ur d\u2019une saison d\u00e9licate sur le plan des r\u00e9sultats, <a href=\"https:\/\/www.autohebdo.fr\/actualites\/tag\/fabio-quartararo\" data-internallinksmanager029f6b8e52c=\"15\" title=\"Fabio Quartararo\" target=\"_blank\" rel=\"noopener\">Fabio Quartararo<\/a> n\u2019en reste pas moins l\u2019un des rares pilotes \u00e0 se montrer capable de coups d\u2019\u00e9clat. Auteur de quatre pole positions malgr\u00e9 une moto Yamaha bien en retrait, le pilote fran\u00e7ais a eu le m\u00e9rite de monter sur le podium, et ce malgr\u00e9 une domination presque sans partage de Ducati avant d\u2019aborder le GP de Catalogne.<\/p>\n<p><strong>\u00c0 LIRE AUSSI &gt; <a href=\"https:\/\/www.autohebdo.fr\/actualites\/motogp\/johann-zarco-rassure-pour-lavenir-jaurai-les-memes-pieces-et-en-meme-temps.html\" target=\"_blank\" rel=\"noopener\">Johann Zarco rassur\u00e9 pour l\u2019avenir : \u00ab J\u2019aurai les m\u00eames pi\u00e8ces et en m\u00eame temps \u00bb<\/a><\/strong><\/p>\n<p>\u00c0 Barcelone, le champion du monde 2021 s\u2019est une fois de plus voulu exigeant envers Yamaha. Exprimant sa motivation \u00e0 l\u2019\u00e9gard du travail r\u00e9alis\u00e9 cette saison, celui arborant le num\u00e9ro 20 sur la grille a en tout cas voulu marquer le coup avant le d\u00e9but des hostilit\u00e9s en terre ib\u00e8re. D\u00e9voilant sur ses r\u00e9seaux sociaux le design de son nouveau casque sp\u00e9cial, le Tricolore a fait le choix d\u2019un visage diff\u00e9rent du diable habituellement appos\u00e9 au sommet de la coque.<\/p>\n<p>Optant pour un motif fluorescent, l\u2019int\u00e9ress\u00e9 esp\u00e8re sans doute un sc\u00e9nario diff\u00e9rent de celui des derniers week-ends en Catalogne. Victorieux \u00e0 deux reprises sur ce trac\u00e9, en 2020 et 2022, Fabio Quartararo peut-il r\u00e9it\u00e9rer une telle performance dans le contexte actuel ? \u00c9l\u00e9ments de r\u00e9ponse d\u00e8s ce vendredi, \u00e0 l\u2019occasion des essais.<\/p>\n<blockquote class=\"instagram-media\" style=\"background: #FFF; border: 0; border-radius: 3px; box-shadow: 0 0 1px 0 rgba(0,0,0,0.5),0 1px 10px 0 rgba(0,0,0,0.15); margin: 1px; max-width: 540px; min-width: 326px; padding: 0; width: calc(100% - 2px);\" data-instgrm-captioned=\"\" data-instgrm-permalink=\"https:\/\/www.instagram.com\/p\/DOLbLBJDCab\/?utm_source=ig_embed&amp;utm_campaign=loading\" data-instgrm-version=\"14\">\n<\/blockquote>\n<p>    <script async src=\"\/\/www.instagram.com\/embed.js\"><\/script><\/p>\n","protected":false},"excerpt":{"rendered":"Bien qu\u2019il se trouve au c\u0153ur d\u2019une saison d\u00e9licate sur le plan des r\u00e9sultats, Fabio Quartararo n\u2019en reste&hellip;\n","protected":false},"author":2,"featured_media":366380,"comment_status":"","ping_status":"","sticky":false,"template":"","format":"standard","meta":{"footnotes":""},"categories":[1413],"tags":[1011,27,1457,1456,60],"class_list":{"0":"post-366379","1":"post","2":"type-post","3":"status-publish","4":"format-standard","5":"has-post-thumbnail","7":"category-moto","8":"tag-fr","9":"tag-france","10":"tag-moto","11":"tag-motocycle","12":"tag-sports"},"share_on_mastodon":{"url":"https:\/\/pubeurope.com\/@fr\/115147612115091764","error":""},"_links":{"self":[{"href":"https:\/\/www.europesays.com\/fr\/wp-json\/wp\/v2\/posts\/366379","targetHints":{"allow":["GET"]}}],"collection":[{"href":"https:\/\/www.europesays.com\/fr\/wp-json\/wp\/v2\/posts"}],"about":[{"href":"https:\/\/www.europesays.com\/fr\/wp-json\/wp\/v2\/types\/post"}],"author":[{"embeddable":true,"href":"https:\/\/www.europesays.com\/fr\/wp-json\/wp\/v2\/users\/2"}],"replies":[{"embeddable":true,"href":"https:\/\/www.europesays.com\/fr\/wp-json\/wp\/v2\/comments?post=366379"}],"version-history":[{"count":0,"href":"https:\/\/www.europesays.com\/fr\/wp-json\/wp\/v2\/posts\/366379\/revisions"}],"wp:featuredmedia":[{"embeddable":true,"href":"https:\/\/www.europesays.com\/fr\/wp-json\/wp\/v2\/media\/366380"}],"wp:attachment":[{"href":"https:\/\/www.europesays.com\/fr\/wp-json\/wp\/v2\/media?parent=366379"}],"wp:term":[{"taxonomy":"category","embeddable":true,"href":"https:\/\/www.europesays.com\/fr\/wp-json\/wp\/v2\/categories?post=366379"},{"taxonomy":"post_tag","embeddable":true,"href":"https:\/\/www.europesays.com\/fr\/wp-json\/wp\/v2\/tags?post=366379"}],"curies":[{"name":"wp","href":"https:\/\/api.w.org\/{rel}","templated":true}]}}