{"id":366383,"date":"2025-09-04T19:12:14","date_gmt":"2025-09-04T19:12:14","guid":{"rendered":"https:\/\/www.europesays.com\/fr\/366383\/"},"modified":"2025-09-04T19:12:14","modified_gmt":"2025-09-04T19:12:14","slug":"cyclisme-pauline-ferrand-prevot-ne-sera-pas-sur-le-tour-de-lardeche","status":"publish","type":"post","link":"https:\/\/www.europesays.com\/fr\/366383\/","title":{"rendered":"Cyclisme. Pauline Ferrand-Pr\u00e9vot ne sera pas sur le Tour de l&rsquo;Ard\u00e8che"},"content":{"rendered":"<p>Le 11 ao\u00fbt dernier, <a href=\"https:\/\/www.ledauphine.com\/tour-de-france\/2025\/08\/02\/ferrand-prevot-le-maillot-jaune-c-est-le-reve-d-une-petite-fille\" target=\"_blank\" rel=\"noopener\">apr\u00e8s sa victoire sur le Tour de France<\/a>, <a href=\"https:\/\/www.ledauphine.com\/p\/pauline-ferrand-prevot\" target=\"_blank\" rel=\"noopener\">Pauline Ferrand-Pr\u00e9vot<\/a> avait annonc\u00e9 vouloir se concentrer sur les championnats d\u2019Europe qui se disputeront d\u00e9but octobre en Dr\u00f4me-Ard\u00e8che et, auparavant, sur le Tour de l\u2019Ard\u00e8che (TCFIA) du 9 au 14 septembre.<\/p>\n<p>PFP \u00ab\u00a0se concentre sur les championnats du monde\u00a0\u00bb<\/p>\n<p>Finalement, la R\u00e9moise ne sera pas sur <a href=\"https:\/\/www.ledauphine.com\/sport\/2025\/08\/11\/ferrand-prevot-mise-tout-sur-les-championnats-d-europe-en-drome-ardeche\" target=\"_blank\" rel=\"noopener\">les routes du TCFIA<\/a>\u00a0la semaine prochaine. En effet, la liste des coureuses transmise ce jeudi matin aux organisateurs par la formation Visma-Lease a bike ne comporte pas le nom de la championne olympique de cross-country en 2024 \u00e0 Paris.<\/p>\n<p>Si elle les avait \u00e9cart\u00e9s de son programme, Pauline Ferrand-Pr\u00e9vot \u00ab se concentre sur les championnats du monde\u00a0\u00bb \u00e0 Kigali (27 septembre) selon sa formation.<\/p>\n","protected":false},"excerpt":{"rendered":"Le 11 ao\u00fbt dernier, apr\u00e8s sa victoire sur le Tour de France, Pauline Ferrand-Pr\u00e9vot avait annonc\u00e9 vouloir se&hellip;\n","protected":false},"author":2,"featured_media":366384,"comment_status":"","ping_status":"","sticky":false,"template":"","format":"standard","meta":{"footnotes":""},"categories":[1411],"tags":[4646,1154,207,2730,2735,50079,1701,1011,27,25141,50080,517,1947,60],"class_list":{"0":"post-366383","1":"post","2":"type-post","3":"status-publish","4":"format-standard","5":"has-post-thumbnail","7":"category-cyclisme","8":"tag-ardeche","9":"tag-cycling","10":"tag-cyclisme","11":"tag-drome","12":"tag-edition-valence-rhone-crussol-vallee-de-la-drome","13":"tag-etoile-sur-rhone","14":"tag-fil-info-sport","15":"tag-fr","16":"tag-france","17":"tag-guilherand-granges","18":"tag-loriol-sur-drome","19":"tag-sport","20":"tag-sport-national","21":"tag-sports"},"share_on_mastodon":{"url":"https:\/\/pubeurope.com\/@fr\/115147619971251410","error":""},"_links":{"self":[{"href":"https:\/\/www.europesays.com\/fr\/wp-json\/wp\/v2\/posts\/366383","targetHints":{"allow":["GET"]}}],"collection":[{"href":"https:\/\/www.europesays.com\/fr\/wp-json\/wp\/v2\/posts"}],"about":[{"href":"https:\/\/www.europesays.com\/fr\/wp-json\/wp\/v2\/types\/post"}],"author":[{"embeddable":true,"href":"https:\/\/www.europesays.com\/fr\/wp-json\/wp\/v2\/users\/2"}],"replies":[{"embeddable":true,"href":"https:\/\/www.europesays.com\/fr\/wp-json\/wp\/v2\/comments?post=366383"}],"version-history":[{"count":0,"href":"https:\/\/www.europesays.com\/fr\/wp-json\/wp\/v2\/posts\/366383\/revisions"}],"wp:featuredmedia":[{"embeddable":true,"href":"https:\/\/www.europesays.com\/fr\/wp-json\/wp\/v2\/media\/366384"}],"wp:attachment":[{"href":"https:\/\/www.europesays.com\/fr\/wp-json\/wp\/v2\/media?parent=366383"}],"wp:term":[{"taxonomy":"category","embeddable":true,"href":"https:\/\/www.europesays.com\/fr\/wp-json\/wp\/v2\/categories?post=366383"},{"taxonomy":"post_tag","embeddable":true,"href":"https:\/\/www.europesays.com\/fr\/wp-json\/wp\/v2\/tags?post=366383"}],"curies":[{"name":"wp","href":"https:\/\/api.w.org\/{rel}","templated":true}]}}