{"id":366385,"date":"2025-09-04T19:13:09","date_gmt":"2025-09-04T19:13:09","guid":{"rendered":"https:\/\/www.europesays.com\/fr\/366385\/"},"modified":"2025-09-04T19:13:09","modified_gmt":"2025-09-04T19:13:09","slug":"neymar-psg-lannonce-totalement-inattendue","status":"publish","type":"post","link":"https:\/\/www.europesays.com\/fr\/366385\/","title":{"rendered":"Neymar &#8211; PSG : L\u2019annonce totalement inattendue !"},"content":{"rendered":"<p>                    Bernard Colas<br \/>\n                        &#8211;<\/p>\n<p>Journaliste<\/p>\n<p>Passionn\u00e9 de sport, de cin\u00e9ma et de t\u00e9l\u00e9vision (\u00e0 l\u2019\u00e9cran comme derri\u00e8re) depuis son enfance, Bernard est journaliste pour le 10 Sport depuis 2018. Plus habile clavier en main que ballon au pied, il d\u00e9cide de couvrir principalement un sport adul\u00e9, critiqu\u00e9 et d\u00e9test\u00e9 \u00e0 la fois (le football) et un sport qui n\u2019en est pas un (le catch).<\/p>\n<p class=\"heading\">En 2023, Neymar quittait le PSG par la petite porte, pouss\u00e9 vers la sortie six ans apr\u00e8s son arriv\u00e9e dans la capitale, rejoignant l\u2019Arabie saoudite. Alors que le club parisien a depuis remport\u00e9 la Ligue des champions, Alexandre Mattos, dirigeant de Santos, estime que son joueur a eu son r\u00f4le dans ce sacre. <\/p>\n<p>A l\u2019\u00e9t\u00e9 2017, le <a href=\"https:\/\/le10sport.com\/football\/mercato\/vire-par-le-psg-il-crie-a-linjustice-756773\" rel=\"nofollow noopener\" target=\"_blank\">Paris Saint-Germain<\/a> bouclait le plus gros transfert de l\u2019histoire du football en s\u2019attachant les services de <strong>Neymar<\/strong>, d\u00e9barquant en provenance du <strong>FC Barcelone<\/strong> pour 222M\u20ac. Un record qui n\u2019a pas \u00e9t\u00e9 battu depuis. Avec cette op\u00e9ration, le <strong>PSG <\/strong>esp\u00e9rait remporter la Ligue des champions, un objectif rempli quelques ann\u00e9es plus tard sans la star br\u00e9silienne, ni <strong>Kylian Mbapp\u00e9<\/strong>, <strong>Luis Enrique<\/strong> d\u00e9veloppant un projet sans individualit\u00e9. <\/p>\n<p>                                            \u00abSi le PSG gagne aujourd&rsquo;hui, c&rsquo;est parce que Neymar y est all\u00e9\u00a0\u00bb<\/p>\n<p>Mais pour <strong>Alexandre Mattos<\/strong>, directeur g\u00e9n\u00e9ral de <strong>Santos<\/strong>, le succ\u00e8s actuel du <strong>PSG <\/strong>s\u2019explique notamment par le passage de <strong>Neymar <\/strong>dans la capitale. \u00ab\u00a0Je suis absolument certain qu&rsquo;il (Neymar) va continuer \u00e0 progresser comme il l&rsquo;a fait jusqu&rsquo;\u00e0 pr\u00e9sent et qu&rsquo;il va aider Santos, va aider notre \u00e9quipe nationale l&rsquo;ann\u00e9e prochaine lors de la Coupe du monde et il sera le protagoniste qu&rsquo;il a toujours \u00e9t\u00e9 dans toutes les \u00e9quipes o\u00f9 il est all\u00e9. Et je le r\u00e9p\u00e8te, si le PSG est ce qu&rsquo;il est aujourd&rsquo;hui, c&rsquo;est gr\u00e2ce \u00e0 Neymar\u00a0\u00bb, a-t-il confi\u00e9, rapport\u00e9 par L\u2019Equipe.<\/p>\n<p>                                            \u00ab Le Paris-Saint-Germain n&rsquo;est devenu viral que lorsque Neymar y est arriv\u00e9\u00a0\u00bb<\/p>\n<p>Et de poursuivre\u00a0: \u00ab\u00a0Paris a tout essay\u00e9 avec de grands athl\u00e8tes : Ibrahimovic, Ronaldinho, plus jeune, Cavani et tant d&rsquo;autres&#8230; Beckham. Le Paris-Saint-Germain n&rsquo;est devenu viral que lorsque Neymar y est arriv\u00e9. Et s&rsquo;il gagne aujourd&rsquo;hui, c&rsquo;est parce que Neymar y est all\u00e9 et y a construit son h\u00e9ritage, gr\u00e2ce \u00e0 l&rsquo;envergure de cet athl\u00e8te. Et il arrive \u00e0 faire cela parce qu&rsquo;il est un grand homme. Alors nous ferons tout pour le garder toujours. Et le temps nous dira.\u00a0\u00bb <\/p>\n","protected":false},"excerpt":{"rendered":"Bernard Colas &#8211; Journaliste Passionn\u00e9 de sport, de cin\u00e9ma et de t\u00e9l\u00e9vision (\u00e0 l\u2019\u00e9cran comme derri\u00e8re) depuis son&hellip;\n","protected":false},"author":2,"featured_media":366386,"comment_status":"","ping_status":"","sticky":false,"template":"","format":"standard","meta":{"footnotes":""},"categories":[1410],"tags":[63,1011,27,60],"class_list":{"0":"post-366385","1":"post","2":"type-post","3":"status-publish","4":"format-standard","5":"has-post-thumbnail","7":"category-football","8":"tag-football","9":"tag-fr","10":"tag-france","11":"tag-sports"},"share_on_mastodon":{"url":"https:\/\/pubeurope.com\/@fr\/115147624058369423","error":""},"_links":{"self":[{"href":"https:\/\/www.europesays.com\/fr\/wp-json\/wp\/v2\/posts\/366385","targetHints":{"allow":["GET"]}}],"collection":[{"href":"https:\/\/www.europesays.com\/fr\/wp-json\/wp\/v2\/posts"}],"about":[{"href":"https:\/\/www.europesays.com\/fr\/wp-json\/wp\/v2\/types\/post"}],"author":[{"embeddable":true,"href":"https:\/\/www.europesays.com\/fr\/wp-json\/wp\/v2\/users\/2"}],"replies":[{"embeddable":true,"href":"https:\/\/www.europesays.com\/fr\/wp-json\/wp\/v2\/comments?post=366385"}],"version-history":[{"count":0,"href":"https:\/\/www.europesays.com\/fr\/wp-json\/wp\/v2\/posts\/366385\/revisions"}],"wp:featuredmedia":[{"embeddable":true,"href":"https:\/\/www.europesays.com\/fr\/wp-json\/wp\/v2\/media\/366386"}],"wp:attachment":[{"href":"https:\/\/www.europesays.com\/fr\/wp-json\/wp\/v2\/media?parent=366385"}],"wp:term":[{"taxonomy":"category","embeddable":true,"href":"https:\/\/www.europesays.com\/fr\/wp-json\/wp\/v2\/categories?post=366385"},{"taxonomy":"post_tag","embeddable":true,"href":"https:\/\/www.europesays.com\/fr\/wp-json\/wp\/v2\/tags?post=366385"}],"curies":[{"name":"wp","href":"https:\/\/api.w.org\/{rel}","templated":true}]}}