{"id":366387,"date":"2025-09-04T19:14:27","date_gmt":"2025-09-04T19:14:27","guid":{"rendered":"https:\/\/www.europesays.com\/fr\/366387\/"},"modified":"2025-09-04T19:14:27","modified_gmt":"2025-09-04T19:14:27","slug":"moundir-koh-lanta-paye-1000e-par-emission-un-francais-de-souche-scandalise-par-le-montant-de-ses-revenus-lui-tombe-dessus","status":"publish","type":"post","link":"https:\/\/www.europesays.com\/fr\/366387\/","title":{"rendered":"Moundir (Koh-Lanta) pay\u00e9 1000\u20ac par \u00e9mission, un \u00ab\u00a0Fran\u00e7ais de souche\u00a0\u00bb scandalis\u00e9 par le montant de ses revenus lui tombe dessus"},"content":{"rendered":"<p>Par <a class=\"author_recette\" id=\"author_name\" href=\"https:\/\/www.nextplz.fr\/auteur\/jason-mathurin\" target=\"_blank\" rel=\"noopener\">Jason<br \/>\nMathurin<\/a> &#8211;<br \/>\nPubli\u00e9 le 04 Sep 2025 \u00e0<br \/>\n16:15 &#8211; Modifi\u00e9 le 04 Sep 2025 \u00e0 16:15<\/p>\n<p class=\"article-intro excerpt\">Candidat phare de l\u2019\u00e9mission<br \/>\nKoh-Lanta, Moundir ne fait pas l\u2019unanimit\u00e9. Les salaires qu\u2019il<br \/>\ntouche font grincer certains \u00ab\u00a0Fran\u00e7ais de souche\u00a0\u00bb.<\/p>\n<p>Pr\u00e9sentement, Moundir fait parler de lui sur les r\u00e9seaux<br \/>\nsociaux. Et pour cause, le candidat phare de Koh-Lanta a \u00e9t\u00e9<br \/>\nhospitalis\u00e9. Sur un clich\u00e9 publi\u00e9 en story, on aper\u00e7oit son bras<br \/>\nsous perfusion. De quoi se poser des questions quant \u00e0 son \u00e9tat de<br \/>\nsant\u00e9. Nous apprenons alors qu&rsquo;il souffre de tr\u00e8s grosses douleurs<br \/>\naux reins. Des maux \u00ab\u00a0insupportables\u00a0\u00bb qui l&rsquo;ont dirig\u00e9 aux<br \/>\nurgences. Et pour cause, il serait victime d&rsquo;un mal qui touche un<br \/>\nFran\u00e7ais sur 10. En 2021 d\u00e9j\u00e0, Moundir avait \u00e9t\u00e9 r\u00e9anim\u00e9 <a href=\"https:\/\/www.nextplz.fr\/people\/435068-moundir-face-a-la-maladie-grave-de-sa-fille-benjamin-castaldi-se-mobilise-pour-aider\" target=\"_blank\" rel=\"noopener\"><br \/>\napr\u00e8s avoir contract\u00e9 une forme s\u00e9v\u00e8re<\/a> de Covid.<\/p>\n<p>Des<br \/>\nnouvelles de Moundir apr\u00e8s son hospitalisation<\/p>\n<p>\u00ab\u00a0Ne vous inqui\u00e9tez pas, on n&rsquo;est pas dans le bis repetita<br \/>\nd&rsquo;une certaine \u00e9poque\u00a0\u00bb, a dit Moundir sur les r\u00e9seaux sociaux.<br \/>\nNon, non, le naufrag\u00e9 est victime d&rsquo;une colique n\u00e9phr\u00e9tique.<br \/>\n\u00ab\u00a0Jamais entendu \u00e7a de ma vie, je croyais que c&rsquo;\u00e9tait un paquet<br \/>\nde g\u00e2teaux, bref\u00a0\u00bb, a-t-il dit avec humour. \u00c0 rappeler que la<br \/>\ncolique n\u00e9phr\u00e9tique provoque de vives douleurs caus\u00e9es par<br \/>\nl&rsquo;obstruction des canaux urinaires. Les calculs r\u00e9naux en sont<br \/>\nprincipalement la cause et sont \u00e0 l&rsquo;origine de ces douleurs, qui<br \/>\ncausent une augmentation de la pression dans les reins. La douleur<br \/>\nse propage alors jusqu&rsquo;\u00e0 l&rsquo;aine, le flanc et le bas-ventre,<br \/>\nnotamment.<\/p>\n<p>D&rsquo;origine alg\u00e9rienne, le candidat de Koh-Lanta victime de<br \/>\nracisme<\/p>\n<p>Si Moundir a eu le soutien de sa communaut\u00e9, il n&rsquo;en est pas<br \/>\ntoujours ainsi. La t\u00eate d&rsquo;affiche de Koh-Lanta et des Apprentis<br \/>\naventuriers a \u00e9t\u00e9 victime de nombre de d\u00e9tracteurs ces derni\u00e8res<br \/>\nann\u00e9es. <a href=\"https:\/\/www.nextplz.fr\/people\/373888-cyril-hanouna-ne-voulait-pas-que-moundir-devoile-son-salaire-dans-tpmp\" target=\"_blank\" rel=\"noopener\"><br \/>\nCertains se sont attaqu\u00e9s aux salaires qu&rsquo;il touche<\/a> gr\u00e2ce \u00e0 ses<br \/>\n\u00e9missions, notamment. Et le montant cons\u00e9quent du cachet par<br \/>\n\u00e9mission, qui a fait monter au cr\u00e9neau un Fran\u00e7ais \u00ab\u00a0pur\u00a0\u00bb et de<br \/>\n\u00ab\u00a0souche\u00a0\u00bb. Celui-ci a donc \u00e0 demi-mots point\u00e9 du doigt les origines<br \/>\nalg\u00e9riennes paternelles du candidat de t\u00e9l\u00e9-r\u00e9alit\u00e9, pourtant n\u00e9 et<br \/>\n\u00e9lev\u00e9 en France par sa m\u00e8re, elle, d&rsquo;origine espagnole.<\/p>\n<p>Moundir<br \/>\nr\u00e9pond \u00e0 son d\u00e9tracteur : \u00ab\u00a0\u00e0 l&rsquo;image d&rsquo;un d\u00e9chet\u00a0\u00bb<\/p>\n<p>\u00ab\u00a0Je travaille dans un centre de tri de d\u00e9chets. Je suis un<br \/>\npur Fran\u00e7ais de souche. Je per\u00e7ois 1500 euros net par mois et je<br \/>\nn\u2019arrive pas \u00e0 joindre les deux bouts, monsieur. Pourquoi et<br \/>\ncomment des \u00e9trangers immigr\u00e9s comme vous per\u00e7oivent-ils 1000 euros<br \/>\nen une \u00e9mission ? Vous n\u2019\u00eates pas Fran\u00e7ais, monsieur, \u00e7a me rend<br \/>\nmalade\u00a0\u00bb, s&rsquo;est insurg\u00e9 un d\u00e9tracteur de Moundir, plus t\u00f4t en<br \/>\n2023. Un commentaire qui avait bless\u00e9 le principal int\u00e9ress\u00e9, qui a<br \/>\n\u00e9crit en l\u00e9gende de ce post repartag\u00e9 : \u00ab\u00a0A l&rsquo;image d&rsquo;un<br \/>\nd\u00e9chet\u00a0\u00bb. D&rsquo;autant que le message en question comportait \u00e0<br \/>\nl&rsquo;origine de nombreuses fautes de fran\u00e7ais. Pris pour cible \u00e0 son<br \/>\ntour, les partisans de Moundir n&rsquo;ont pas h\u00e9sit\u00e9 \u00e0 rappeler \u00e0<br \/>\nl&rsquo;importun qu&rsquo;il ferait mieux d&rsquo;apprendre \u00e0 \u00ab\u00a0\u00e9crire sa propre<br \/>\nlangue\u00a0\u00bb pour \u00ab\u00a0am\u00e9liorer sa qualit\u00e9 de vie\u00a0\u00bb, plut\u00f4t<br \/>\nqu&rsquo;\u00e0 d\u00e9nigrer ceux qui r\u00e9ussissent.<\/p>\n","protected":false},"excerpt":{"rendered":"Par Jason Mathurin &#8211; Publi\u00e9 le 04 Sep 2025 \u00e0 16:15 &#8211; Modifi\u00e9 le 04 Sep 2025 \u00e0&hellip;\n","protected":false},"author":2,"featured_media":366388,"comment_status":"","ping_status":"","sticky":false,"template":"","format":"standard","meta":{"footnotes":""},"categories":[1359],"tags":[21303,58,59,1011,27,29017,973],"class_list":{"0":"post-366387","1":"post","2":"type-post","3":"status-publish","4":"format-standard","5":"has-post-thumbnail","7":"category-people","8":"tag-buzz_nonli","9":"tag-divertissement","10":"tag-entertainment","11":"tag-fr","12":"tag-france","13":"tag-nonli_nextplz","14":"tag-people"},"share_on_mastodon":{"url":"https:\/\/pubeurope.com\/@fr\/115147627842397054","error":""},"_links":{"self":[{"href":"https:\/\/www.europesays.com\/fr\/wp-json\/wp\/v2\/posts\/366387","targetHints":{"allow":["GET"]}}],"collection":[{"href":"https:\/\/www.europesays.com\/fr\/wp-json\/wp\/v2\/posts"}],"about":[{"href":"https:\/\/www.europesays.com\/fr\/wp-json\/wp\/v2\/types\/post"}],"author":[{"embeddable":true,"href":"https:\/\/www.europesays.com\/fr\/wp-json\/wp\/v2\/users\/2"}],"replies":[{"embeddable":true,"href":"https:\/\/www.europesays.com\/fr\/wp-json\/wp\/v2\/comments?post=366387"}],"version-history":[{"count":0,"href":"https:\/\/www.europesays.com\/fr\/wp-json\/wp\/v2\/posts\/366387\/revisions"}],"wp:featuredmedia":[{"embeddable":true,"href":"https:\/\/www.europesays.com\/fr\/wp-json\/wp\/v2\/media\/366388"}],"wp:attachment":[{"href":"https:\/\/www.europesays.com\/fr\/wp-json\/wp\/v2\/media?parent=366387"}],"wp:term":[{"taxonomy":"category","embeddable":true,"href":"https:\/\/www.europesays.com\/fr\/wp-json\/wp\/v2\/categories?post=366387"},{"taxonomy":"post_tag","embeddable":true,"href":"https:\/\/www.europesays.com\/fr\/wp-json\/wp\/v2\/tags?post=366387"}],"curies":[{"name":"wp","href":"https:\/\/api.w.org\/{rel}","templated":true}]}}