{"id":366389,"date":"2025-09-04T19:15:17","date_gmt":"2025-09-04T19:15:17","guid":{"rendered":"https:\/\/www.europesays.com\/fr\/366389\/"},"modified":"2025-09-04T19:15:17","modified_gmt":"2025-09-04T19:15:17","slug":"gaillac-lamericaine-carrie-mancuso-ouvre-art-studio","status":"publish","type":"post","link":"https:\/\/www.europesays.com\/fr\/366389\/","title":{"rendered":"Gaillac\u00a0: l\u2019Am\u00e9ricaine Carrie Mancuso ouvre Art Studio"},"content":{"rendered":"<p>\n                                                                    l&rsquo;essentiel<br \/>\n                                                                Un atelier de cours atypiques dans l\u2019esprit comme dans le contenu. Une histoire am\u00e9ricaine et une d\u00e9claration d\u2019amour \u00e0 la ville et son art de vivre.\n                            <\/p>\n<p>Son installation \u00e0 Gaillac ne tient ni du hasard ni du coup de t\u00eate. Carrie Mancuso native de l\u2019Ohio a fait ses \u00e9tudes \u00e0 Lyon il y a trente ans o\u00f9 elle a rencontr\u00e9 une amie de toujours\u00a0Ad\u00e8le. \u00ab\u00a0Je savais que je vivrais un jour en France. En 2017, quand nous sommes venus avec Matthieu, mon mari, au mariage d\u2019Ad\u00e8le et de Cyrille, on a connu Gaillac. La ville, les alentours, les gens nous ont plu. En 2019, on a achet\u00e9 une maison dans la Portanelle et \u00e0 la No\u00ebl 2024, on s\u2019est install\u00e9\u00a0\u00bb.<\/p>\n<p>Matthieu suit des cours pour valider son dipl\u00f4me de chiropracteur, Carrie, apr\u00e8s dix ans comme ing\u00e9nieur du son pour la pub, le cin\u00e9ma et les jeux vid\u00e9o, a d\u00e9cid\u00e9 d\u2019ouvrir rue Jean-Jaur\u00e8s \u00ab\u00a0Art Studio\u00a0\u00bb o\u00f9 elle propose aux plus de seize ans des s\u00e9ries de cours de deux heures sur dix semaines. \u00ab\u00a0Ce ne sont pas de cours de dessin traditionnels, mais des s\u00e9ances cr\u00e9atives o\u00f9 nous exp\u00e9rimentons ensemble. Mon r\u00f4le est d\u2019animer, de guider. Chacun apporte ses fournitures mais pas de produits chimiques, car nous n\u2019avons pas de ventilation suffisante dans cet espace\u00a0\u00bb. Tous les supports (toile, papier,\u00a0etc) sont autoris\u00e9s. L\u2019esprit, selon les mots de Carrie, est d\u2019 \u00ab\u00a0observer d\u2019un \u0153il frais\u00a0\u00bb.<\/p>\n<p>Elle encha\u00eenera les s\u00e9ances dans la diversit\u00e9 des th\u00e8mes pour toucher \u00e0 tout sans lasser\u00a0: portrait et autoportrait, \u00e9tudes de natures mortes rapides, marathon de dessin gestuel, espaces n\u00e9gatifs, o\u00f9 l\u2019on dessine les espaces autour des objets, \u00e9tudes de ma\u00eetre \u00e0 l\u2019envers (\u00ab\u00a0pour am\u00e9liorer les comp\u00e9tences d\u2019observation\u00a0\u00bb), portraits aveugles en 10 minutes, hybride collage-dessin, \u00e9tudes en tr\u00e8s gros plans, exploration avec la main non dominante (\u00ab\u00a0cela brise les habitudes et peut mener \u00e0 des approches plus expressives\u00a0\u00bb), exp\u00e9rimentation de source lumineuse. Elle a dispos\u00e9 dans la pi\u00e8ce une estrade o\u00f9 les mod\u00e8les poseront. Carrie Mancuso a pr\u00e9vu de travailler aussi sur la sculpture, d\u2019inviter des gens \u00e0 exposer, de cr\u00e9er une animation artistique autour d\u2019Halloween.<\/p>\n<p>Fille d\u2019un grand musicien de blue grass, Carrie se souvient qu\u2019enfant, elle accompagnait les musiciens en jouant du bongo sur des bo\u00eetes de caf\u00e9 et s\u2019endormait \u00e0 c\u00f4t\u00e9 de l\u2019orchestre. Aujourd\u2019hui, Carrie et Matthieu go\u00fbtent le mode de vie local, le jardin, le march\u00e9 trois fois par semaine, le rythme \u00ab\u00a0cool\u00a0\u00bb compar\u00e9 aux villes de l\u2019Ohio ou de Floride (l\u2019\u00c9tat de Matthieu). Un art de vivre au go\u00fbt de sud. Le message d\u2019Art Sudio est affich\u00e9 sur la porte\u00a0: \u00ab\u00a0Laissez la peur derri\u00e8re, Apportez tout votre \u00eatre. Cr\u00e9ez\u00a0\u00bb<\/p>\n","protected":false},"excerpt":{"rendered":"l&rsquo;essentiel Un atelier de cours atypiques dans l\u2019esprit comme dans le contenu. Une histoire am\u00e9ricaine et une d\u00e9claration&hellip;\n","protected":false},"author":2,"featured_media":366390,"comment_status":"","ping_status":"","sticky":false,"template":"","format":"standard","meta":{"footnotes":""},"categories":[1358],"tags":[1348,1384,1385,1386,58,59,1011,27],"class_list":{"0":"post-366389","1":"post","2":"type-post","3":"status-publish","4":"format-standard","5":"has-post-thumbnail","7":"category-arts-et-design","8":"tag-arts","9":"tag-arts-and-design","10":"tag-arts-et-design","11":"tag-design","12":"tag-divertissement","13":"tag-entertainment","14":"tag-fr","15":"tag-france"},"share_on_mastodon":{"url":"https:\/\/pubeurope.com\/@fr\/115147631781844694","error":""},"_links":{"self":[{"href":"https:\/\/www.europesays.com\/fr\/wp-json\/wp\/v2\/posts\/366389","targetHints":{"allow":["GET"]}}],"collection":[{"href":"https:\/\/www.europesays.com\/fr\/wp-json\/wp\/v2\/posts"}],"about":[{"href":"https:\/\/www.europesays.com\/fr\/wp-json\/wp\/v2\/types\/post"}],"author":[{"embeddable":true,"href":"https:\/\/www.europesays.com\/fr\/wp-json\/wp\/v2\/users\/2"}],"replies":[{"embeddable":true,"href":"https:\/\/www.europesays.com\/fr\/wp-json\/wp\/v2\/comments?post=366389"}],"version-history":[{"count":0,"href":"https:\/\/www.europesays.com\/fr\/wp-json\/wp\/v2\/posts\/366389\/revisions"}],"wp:featuredmedia":[{"embeddable":true,"href":"https:\/\/www.europesays.com\/fr\/wp-json\/wp\/v2\/media\/366390"}],"wp:attachment":[{"href":"https:\/\/www.europesays.com\/fr\/wp-json\/wp\/v2\/media?parent=366389"}],"wp:term":[{"taxonomy":"category","embeddable":true,"href":"https:\/\/www.europesays.com\/fr\/wp-json\/wp\/v2\/categories?post=366389"},{"taxonomy":"post_tag","embeddable":true,"href":"https:\/\/www.europesays.com\/fr\/wp-json\/wp\/v2\/tags?post=366389"}],"curies":[{"name":"wp","href":"https:\/\/api.w.org\/{rel}","templated":true}]}}