{"id":366391,"date":"2025-09-04T19:16:16","date_gmt":"2025-09-04T19:16:16","guid":{"rendered":"https:\/\/www.europesays.com\/fr\/366391\/"},"modified":"2025-09-04T19:16:16","modified_gmt":"2025-09-04T19:16:16","slug":"rencontre-avec-milena-charbit-autour-de-louvrage-architectures-lesbiennes","status":"publish","type":"post","link":"https:\/\/www.europesays.com\/fr\/366391\/","title":{"rendered":"Rencontre avec Milena Charbit autour de l\u2019ouvrage : \u00ab Architectures lesbiennes \u00bb"},"content":{"rendered":"<p>Pr\u00e9sentation de l\u2019ouvrage par la maison d\u2019\u00e9dition\u00a0:<\/p>\n<p>Placards, cabanes, biblioth\u00e8ques, \u00eeles, grottes, maisons\u00a0: au fil des si\u00e8cles, une infinit\u00e9 de lieux ont \u00e9t\u00e9 fa\u00e7onn\u00e9s pour que les d\u00e9sirs et les vies lesbiennes se d\u00e9ploient. \u00c0 l\u2019abri des regards ou dans une affirmation politique, ces espaces racontent une autre histoire de l\u2019architecture. \u00c0 travers une enqu\u00eate minutieuse, Milena Charbit explore plus de cent-cinquante lieux, tangibles ou r\u00eav\u00e9s, d\u00e9tourn\u00e9s ou transform\u00e9s par des lesbiennes. De l\u2019Arcadie florentine aux dykelands, ce livre \u00e9claire les tactiques spatiales invent\u00e9es pour contourner les normes et exp\u00e9rimenter d\u2019autres mod\u00e8les sociaux. En s\u2019appuyant sur des archives in\u00e9dites et des t\u00e9moignages, Milena Charbit fait \u00e9merger un pan de l\u2019histoire de l\u2019architecture aussi m\u00e9connu que passionnant.<\/p>\n<p>\t<a href=\"https:\/\/paris-luttes.info\/IMG\/jpg\/rencontre_1_.jpg\" type=\"image\/jpeg\" data-w=\"435\" rel=\"nofollow noopener\" target=\"_blank\"><br \/>\n\t\t\t<img decoding=\"async\" alt=\"\" src=\"local\/cache-vignettes\/L435xH614\/rencontre_1_-e008e.jpg\" data-l=\"435\" data-h=\"614\" data-tailles=\"[\\&quot;320\\&quot;,\\&quot;560\\&quot;,\\&quot;1200\\&quot;,\\&quot;1920\\&quot;]\" data-autorisees=\"{&quot;320&quot;:{&quot;1&quot;:&quot;local\\\/cache-vignettes\\\/L435xH614\\\/rencontre_1_-e008e-resp320.jpg?1756828284&quot;,&quot;2&quot;:&quot;local\\\/cache-vignettes\\\/L435xH614\\\/rencontre_1_-e008e-resp435.jpg?1756828284&quot;},&quot;435&quot;:{&quot;1&quot;:&quot;local\\\/cache-vignettes\\\/L435xH614\\\/rencontre_1_-e008e-resp435.jpg?1756828284&quot;,&quot;2&quot;:&quot;local\\\/cache-vignettes\\\/L435xH614\\\/rencontre_1_-e008e-resp435.jpg?1756828284&quot;}}\" class=\"image_responsive\"\/><br \/>\n\t<\/a><\/p>\n","protected":false},"excerpt":{"rendered":"Pr\u00e9sentation de l\u2019ouvrage par la maison d\u2019\u00e9dition\u00a0: Placards, cabanes, biblioth\u00e8ques, \u00eeles, grottes, maisons\u00a0: au fil des si\u00e8cles, une&hellip;\n","protected":false},"author":2,"featured_media":366392,"comment_status":"","ping_status":"","sticky":false,"template":"","format":"standard","meta":{"footnotes":""},"categories":[1357],"tags":[1379,58,59,1011,27,1380],"class_list":{"0":"post-366391","1":"post","2":"type-post","3":"status-publish","4":"format-standard","5":"has-post-thumbnail","7":"category-livres","8":"tag-books","9":"tag-divertissement","10":"tag-entertainment","11":"tag-fr","12":"tag-france","13":"tag-livres"},"share_on_mastodon":{"url":"https:\/\/pubeurope.com\/@fr\/115147636276154548","error":""},"_links":{"self":[{"href":"https:\/\/www.europesays.com\/fr\/wp-json\/wp\/v2\/posts\/366391","targetHints":{"allow":["GET"]}}],"collection":[{"href":"https:\/\/www.europesays.com\/fr\/wp-json\/wp\/v2\/posts"}],"about":[{"href":"https:\/\/www.europesays.com\/fr\/wp-json\/wp\/v2\/types\/post"}],"author":[{"embeddable":true,"href":"https:\/\/www.europesays.com\/fr\/wp-json\/wp\/v2\/users\/2"}],"replies":[{"embeddable":true,"href":"https:\/\/www.europesays.com\/fr\/wp-json\/wp\/v2\/comments?post=366391"}],"version-history":[{"count":0,"href":"https:\/\/www.europesays.com\/fr\/wp-json\/wp\/v2\/posts\/366391\/revisions"}],"wp:featuredmedia":[{"embeddable":true,"href":"https:\/\/www.europesays.com\/fr\/wp-json\/wp\/v2\/media\/366392"}],"wp:attachment":[{"href":"https:\/\/www.europesays.com\/fr\/wp-json\/wp\/v2\/media?parent=366391"}],"wp:term":[{"taxonomy":"category","embeddable":true,"href":"https:\/\/www.europesays.com\/fr\/wp-json\/wp\/v2\/categories?post=366391"},{"taxonomy":"post_tag","embeddable":true,"href":"https:\/\/www.europesays.com\/fr\/wp-json\/wp\/v2\/tags?post=366391"}],"curies":[{"name":"wp","href":"https:\/\/api.w.org\/{rel}","templated":true}]}}