{"id":366395,"date":"2025-09-04T19:18:10","date_gmt":"2025-09-04T19:18:10","guid":{"rendered":"https:\/\/www.europesays.com\/fr\/366395\/"},"modified":"2025-09-04T19:18:10","modified_gmt":"2025-09-04T19:18:10","slug":"interroge-sur-les-substances-joeystarr-57-ans-hausse-le-ton-je-temmerde","status":"publish","type":"post","link":"https:\/\/www.europesays.com\/fr\/366395\/","title":{"rendered":"Interrog\u00e9 sur les \u201csubstances\u201d, JoeyStarr (57 ans) hausse le ton : \u201cJe t\u2019emmerde !\u201d"},"content":{"rendered":"<p><strong>JoeyStarr fait office de v\u00e9t\u00e9ran dans le rap<br \/>\nfran\u00e7ais.<\/strong> \u00c0 presque 60 ans, celui-ci qui s\u2019autoproclame<br \/>\n<strong>Jaguar Gorgone<\/strong> n\u2019a rien perdu de sa verve. N\u00e9<br \/>\n<strong>Didier Morville<\/strong>, celui-ci a pos\u00e9 les fondations<br \/>\nd\u2019un rap fran\u00e7ais encore balbutiant vers la fin des ann\u00e9es 80.<br \/>\nDepuis, il a fait une carri\u00e8re exceptionnelle avec son comparse<br \/>\n<strong>Kool Shen<\/strong> au sein d\u2019<strong>NTM<\/strong>. Puis<br \/>\nsorti quelques albums avec son crew <strong>B.O.S.S.<\/strong> puis<br \/>\nen solo. <strong>En parall\u00e8le, celui-ci s\u2019est lanc\u00e9 dans le cin\u00e9ma,<br \/>\npassant du cam\u00e9o de luxe au sommet de l\u2019affiche<\/strong>.<br \/>\nAujourd\u2019hui, le rappeur n\u2019a plus rien \u00e0 prouver. Mais il reste un<br \/>\n<strong>Jaguarr<\/strong> indomptable, f\u00e9lin solitaire au<br \/>\ntemp\u00e9rament de feu et aux canines rutilantes.<\/p>\n<p>JoeyStarr, une moiti\u00e9 du duo NTM<\/p>\n<p>Nous sommes en 1991. JoeyStarr, accompagn\u00e9 de son camarade de<br \/>\nrimes, Kool Shen, sort Authentik. <strong>Soit le premier<br \/>\nalbum sous le blaze d\u2019NTM.<\/strong> Groupe de fran\u00e7ais hardcore et<br \/>\nincendiaire, \u00e0 l\u2019image d\u2019une soci\u00e9t\u00e9 mouvante et \u00e0 deux vitesses.<br \/>\n<strong>Un tandem, surtout, n\u00e9 d\u2019un constat d\u2019urgence comme aime \u00e0<br \/>\nle rappeler le rappeur aux dents en or -\u00e0 l\u2019\u00e9poque.<\/strong><br \/>\nAuthentik pose une carte de visite, voire carr\u00e9ment un<br \/>\nleitmotiv ou une r\u00e8gle de vie.<\/p>\n<p>En moins de 10 ans, les deux artistes vont sortir seulement<br \/>\nsortir quatre albums. <strong>Quatre pi\u00e8ces ma\u00eetresses d\u2019un rap<br \/>\nfran\u00e7ais qui sort \u00e0 peine de l\u00a0\u00bb\u0153uf, pour citer les rivaux<br \/>\nd\u2019IAM.<\/strong> On notera donc 1993\u2026 J\u2019appuie sur la<br \/>\ng\u00e2chette, sorti dans la pol\u00e9mique, Paris sous les<br \/>\nbombes, jouant sur l&rsquo;ambigu\u00eft\u00e9 de l\u2019Histoire et du graff&rsquo; que<br \/>\npratiquent les deux rappeurs. <strong>Et, enfin, Supr\u00eame<br \/>\nNTM, qui consacre d\u00e9finitivement le duo.<\/strong> Avant la<br \/>\n(premi\u00e8re) implosion\u2026<\/p>\n<p>Il poursuit sa carri\u00e8re d\u2019acteur sur TF1<\/p>\n<p>Car, malgr\u00e9 une <strong>s\u00e9paration douloureuse<\/strong>,<br \/>\nponctu\u00e9e m\u00eame d\u2019un morceau \u00e0 charge venant de JoeyStarr visant Kool<br \/>\nShen, Bad Boy, le tandem s\u2019est reform\u00e9. Plusieurs<br \/>\nfois, m\u00eame, sans toutefois se retrouver en studio pour pondre une<br \/>\nnouvelle galette. <strong>Il faut dire que, \u00e0 c\u00f4t\u00e9 de la musique,<br \/>\nJoeyStarr, acteur \u00e0 temps plein, ne ch\u00f4me pas.<\/strong> Il d\u00e9bute<br \/>\nen guest dans des com\u00e9dies bouffonnesques telles que La Tour<br \/>\nMontparnasse infernale ou RRRrrr!!!.<\/p>\n<p>Puis, peu \u00e0 peu, le rappeur se prend au jeu. <strong>Il passe de<br \/>\nplus en plus au premier plan, <a href=\"https:\/\/www.melty.fr\/people\/maiwenn-profondement-blessee-apres-son-mariage-ratee-avec-luc-besson-quand-elle-etait-mineure-2240885.html\" rel=\"nofollow noopener\" target=\"_blank\"><br \/>\nchez Ma\u00efwenn, d\u2019abord<\/a>, dans Le Bal des actrices,<br \/>\njouant son propre r\u00f4le mais d\u00e9voilant un autre visage.<\/strong><br \/>\nPuis dans Polisse, de la m\u00eame r\u00e9alisatrice, se glissant<br \/>\ndans la peau d\u2019un flic de la brigade des mineurs. <strong>R\u00f4le de<br \/>\ncomposition qui lui vaut le respect de l\u2019industrie<br \/>\ncin\u00e9matographique.<\/strong> Depuis, il joue le r\u00f4le principal d\u2019un<br \/>\nfeuilleton sur <strong>TF1<\/strong>, Le Rempla\u00e7ant.<\/p>\n<p>JoeyStarr : le rappeur monte au<br \/>\ncr\u00e9neau<\/p>\n<p><strong>Flashback : nous sommes en janvier 2002 dans On ne peut<br \/>\npas plaire \u00e0 tout le monde.<\/strong> JoeyStarr passe une t\u00eate dans<br \/>\ncette \u00e9mission pr\u00e9sent\u00e9e par <strong>Marc-Olivier Fogiel<\/strong><br \/>\nm\u00ealant promotion et vie priv\u00e9e sur fond de d\u00e9bats d\u2019actualit\u00e9. Le<br \/>\nrappeur et l\u2019animateur se connaissent d\u00e9j\u00e0, Marc-O ayant interview\u00e9<br \/>\nNTM lors de la sortie de leur ultime album. Toutefois, celui-ci ne<br \/>\nm\u00e9nage pas l\u2019artiste lors de leur nouvel entretien. Il n\u2019\u00e9vite pas<br \/>\nles questions qui f\u00e2chent, fond de commerce de Marc-O <a href=\"https:\/\/www.melty.fr\/people\/thierry-ardisson-me-faire-assassiner-sur-place-cette-rencontre-brutale-avec-joeystarr-2250434.html\" rel=\"nofollow noopener\" target=\"_blank\"><br \/>\nmarchant alors sur les pas de <strong>Thierry<br \/>\nArdisson<\/strong><\/a>.<\/p>\n<p>Dans ONPP, JoeyStarr revient notamment sur son parcours de vie,<br \/>\nl\u2019aventure NTM, le split avec le fr\u00e8re ennemi d\u2019alors, Kool Shen,<br \/>\nou encore son nouveau crew, B.O.S.S., ou encore une notori\u00e9t\u00e9<br \/>\nd\u00e9vorante. Puis, arrivent les questions un peu plus intimes, un peu<br \/>\nplus touchy, un peu plus pol\u00e9miques. <strong>Marc-Olivier<br \/>\nFogiel met les pieds dans le plat en questionnant l\u2019artiste sur son<br \/>\nrapport -et sa consommation- de drogues :<\/strong> \u201c[&#8230;] et<br \/>\nles substances que vous avez pu prendre aussi ?\u201d <a href=\"https:\/\/www.melty.fr\/people\/le-domicile-de-joeystarr-cambriole-en-presence-de-sa-femme-le-prejudice-est-estime-a-plus-de-100-000-euros-2260215.html\" rel=\"nofollow noopener\" target=\"_blank\"><br \/>\nJoeyStarr, de nature impulsive<\/a>, mais pourtant habitu\u00e9 \u00e0 ce<br \/>\ngenre de questions, s\u2019agace. Il hausse ensuite le ton :<br \/>\n\u201c<strong>Mais je t\u2019emmerde !<\/strong> \u00c7a n&rsquo;a rien \u00e0 voir\u2026 Vous<br \/>\nn\u2019allez pas rajouter \u00e7a en plus ? \u00c7a n&rsquo;a rien \u00e0 voir. Je suis comme<br \/>\ntout le monde [&#8230;] On s\u2019en fout, le probl\u00e8me il est pas<br \/>\nl\u00e0.\u201d Chassez le Jaguarr, il revient au galop.<\/p>\n","protected":false},"excerpt":{"rendered":"JoeyStarr fait office de v\u00e9t\u00e9ran dans le rap fran\u00e7ais. \u00c0 presque 60 ans, celui-ci qui s\u2019autoproclame Jaguar Gorgone&hellip;\n","protected":false},"author":2,"featured_media":366396,"comment_status":"","ping_status":"","sticky":false,"template":"","format":"standard","meta":{"footnotes":""},"categories":[1355],"tags":[905,58,59,1011,27,30290,1361,873],"class_list":{"0":"post-366395","1":"post","2":"type-post","3":"status-publish","4":"format-standard","5":"has-post-thumbnail","7":"category-musique","8":"tag-a-la-une-melty","9":"tag-divertissement","10":"tag-entertainment","11":"tag-fr","12":"tag-france","13":"tag-joeystarr","14":"tag-music","15":"tag-musique"},"share_on_mastodon":{"url":"https:\/\/pubeurope.com\/@fr\/115147643690963801","error":""},"_links":{"self":[{"href":"https:\/\/www.europesays.com\/fr\/wp-json\/wp\/v2\/posts\/366395","targetHints":{"allow":["GET"]}}],"collection":[{"href":"https:\/\/www.europesays.com\/fr\/wp-json\/wp\/v2\/posts"}],"about":[{"href":"https:\/\/www.europesays.com\/fr\/wp-json\/wp\/v2\/types\/post"}],"author":[{"embeddable":true,"href":"https:\/\/www.europesays.com\/fr\/wp-json\/wp\/v2\/users\/2"}],"replies":[{"embeddable":true,"href":"https:\/\/www.europesays.com\/fr\/wp-json\/wp\/v2\/comments?post=366395"}],"version-history":[{"count":0,"href":"https:\/\/www.europesays.com\/fr\/wp-json\/wp\/v2\/posts\/366395\/revisions"}],"wp:featuredmedia":[{"embeddable":true,"href":"https:\/\/www.europesays.com\/fr\/wp-json\/wp\/v2\/media\/366396"}],"wp:attachment":[{"href":"https:\/\/www.europesays.com\/fr\/wp-json\/wp\/v2\/media?parent=366395"}],"wp:term":[{"taxonomy":"category","embeddable":true,"href":"https:\/\/www.europesays.com\/fr\/wp-json\/wp\/v2\/categories?post=366395"},{"taxonomy":"post_tag","embeddable":true,"href":"https:\/\/www.europesays.com\/fr\/wp-json\/wp\/v2\/tags?post=366395"}],"curies":[{"name":"wp","href":"https:\/\/api.w.org\/{rel}","templated":true}]}}