{"id":366407,"date":"2025-09-04T19:24:10","date_gmt":"2025-09-04T19:24:10","guid":{"rendered":"https:\/\/www.europesays.com\/fr\/366407\/"},"modified":"2025-09-04T19:24:10","modified_gmt":"2025-09-04T19:24:10","slug":"pourquoi-les-francais-fuient-la-haute-saison-et-changent-tout","status":"publish","type":"post","link":"https:\/\/www.europesays.com\/fr\/366407\/","title":{"rendered":"pourquoi les Fran\u00e7ais fuient la haute saison (et changent tout)"},"content":{"rendered":"<p>Tu l\u2019as s\u00fbrement remarqu\u00e9 : quelque chose a chang\u00e9 cet \u00e9t\u00e9. Les plages sont moins bond\u00e9es, les restos vides en plein mois d\u2019ao\u00fbt, et m\u00eame les villages corses ont un petit air de hors-saison. Alors, que se passe-t-il vraiment ? Et pourquoi les Fran\u00e7ais boudent-ils la fameuse haute saison estivale ? Spoiler : ce n\u2019est pas qu\u2019une question de budget\u2026<\/p>\n<p>Un \u00e9t\u00e9 2025 moins rempli\u2026 mais pas forc\u00e9ment rat\u00e9<\/p>\n<p>Les premiers ressentis des professionnels de la restauration ne sont pas tr\u00e8s joyeux. D\u2019apr\u00e8s <strong>Frank Delvau<\/strong>, pr\u00e9sident \u00cele-de-France de l\u2019Umih (le principal syndicat de restauration), l\u2019activit\u00e9 a baiss\u00e9 de <strong>15 \u00e0 20 %<\/strong> par rapport \u00e0 2023. Et 2024 n\u2019avait d\u00e9j\u00e0 pas \u00e9t\u00e9 fameuse \u00e0 cause des Jeux Olympiques.<\/p>\n<p>Entre la hausse des co\u00fbts, la p\u00e9nurie de main-d\u2019\u0153uvre, et les clients qui trainent moins souvent en terrasse, le secteur souffre. Mais est-ce vraiment le signe que les Fran\u00e7ais ne partent plus en vacances ? Pas si vite.<\/p>\n<p>Des chiffres flous et des diagnostics un peu h\u00e2tifs<\/p>\n<p>Mark Watkins, consultant touristique depuis 30 ans, prend du recul. Selon lui, beaucoup de bilans diffus\u00e9s par les m\u00e9dias sont approximatifs. Pourquoi ? Parce qu\u2019en Europe, la libert\u00e9 de circulation rend les touristes difficiles \u00e0 comptabiliser avec pr\u00e9cision \u2013 et les donn\u00e9es officielles, comme celles de <strong>l\u2019Insee<\/strong>, ne sortent que plusieurs mois plus tard.<\/p>\n<p>Donc, attention aux conclusions trop rapides. Dire que les Fran\u00e7ais ne voyagent plus \u00e0 cause d\u2019un manque d\u2019argent n\u2019est peut-\u00eatre qu\u2019une partie de l\u2019histoire\u2026<\/p>\n<p>Les vacances \u00e9clat\u00e9es : la vraie tendance qui change tout<\/p>\n<p>Et si on arr\u00eatait de penser \u201cun mois \u00e0 la mer en ao\u00fbt\u201d ? Ce mod\u00e8le ancien a pris un sacr\u00e9 coup de vieux. D\u2019apr\u00e8s le sociologue <strong>Jean Viard<\/strong>, on est de plus en plus nombreux \u00e0 <strong>fractionner nos vacances<\/strong>.<\/p>\n<p>Voici ce qu\u2019on observe depuis quelques ann\u00e9es :<\/p>\n<ul>\n<li>Des s\u00e9jours <strong>plus courts<\/strong> : souvent une semaine, parfois moins<\/li>\n<li>Des d\u00e9parts <strong>\u00e9tal\u00e9s sur l\u2019ann\u00e9e<\/strong> : printemps et automne reviennent \u00e0 la mode<\/li>\n<li>La <strong>semaine de 4 jours<\/strong> dans certaines entreprises facilite les coupures plus fr\u00e9quentes<\/li>\n<\/ul>\n<p>Les Fran\u00e7ais ne voyagent pas moins. Ils voyagent <strong>autrement<\/strong> ! Et c\u2019est \u00e7a qui d\u00e9stabilise les professionnels habitu\u00e9s aux gros pics de fr\u00e9quentation en juillet-ao\u00fbt.<\/p>\n<p>Le retour en force des \u00ab petites \u00bb destinations<\/p>\n<p>Adieu plages bond\u00e9es de la C\u00f4te d\u2019Azur, bonjour balades en for\u00eat ou s\u00e9jours au vert ! <strong>Center Parcs<\/strong> et <strong>Pierre &amp; Vacances<\/strong> tirent leur \u00e9pingle du jeu gr\u00e2ce \u00e0 cette nouvelle tendance.<\/p>\n<p>Regarde ces chiffres :<\/p>\n<ul>\n<li>Dur\u00e9e moyenne des s\u00e9jours : <strong>pass\u00e9e de 6 \u00e0 5,8 nuits<\/strong><\/li>\n<li>Taux de remplissage des cottages : <strong>90 %<\/strong><\/li>\n<\/ul>\n<p>Et surprise : des r\u00e9gions comme la <strong>Picardie<\/strong>, la <strong>Loire<\/strong> ou la <strong>Normandie<\/strong> figurent d\u00e9sormais en t\u00eate des lieux les plus pl\u00e9biscit\u00e9s. Moins de foule, plus de verdure, moins de canicule\u2026 \u00c7a donne \u00e0 r\u00e9fl\u00e9chir, non ?<\/p>\n<p>Le cadre change, mais pas forc\u00e9ment le budget<\/p>\n<p>Contrairement aux id\u00e9es re\u00e7ues, le pouvoir d\u2019achat des Fran\u00e7ais a l\u00e9g\u00e8rement augment\u00e9 l\u2019an dernier de <strong>2,6 %<\/strong>. On ne parle donc pas forc\u00e9ment d\u2019un recul \u00e9conomique, mais plut\u00f4t d\u2019un <strong>changement de priorit\u00e9s<\/strong>.<\/p>\n<p>Tu savais par exemple qu\u2019en France, <strong>3,5 millions de familles<\/strong> poss\u00e8dent une <strong>r\u00e9sidence secondaire<\/strong> et que le pays compte carr\u00e9ment <strong>3,7 millions de piscines priv\u00e9es<\/strong> ? Pas \u00e9tonnant que certains pr\u00e9f\u00e8rent rester tranquilles \u00e0 la maison pendant que d\u2019autres cherchent \u00e0 \u00e9viter la foule et les prix hauts de la haute saison.<\/p>\n<p>Restaurants en crise : une mutation plus profonde ?<\/p>\n<p>Restos vides en plein \u00e9t\u00e9 ? Ce n\u2019est peut-\u00eatre pas seulement \u00e0 cause des vacanciers absents. Depuis trois ans, les Fran\u00e7ais se tournent davantage vers :<\/p>\n<ul>\n<li><strong>La restauration rapide<\/strong><\/li>\n<li><strong>Les boulangeries\/snacks<\/strong> pour les repas sur le pouce<\/li>\n<li><strong>Les produits de supermarch\u00e9<\/strong> pour pique-niquer<\/li>\n<\/ul>\n<p>Fini les repas \u00e0 rallonge en terrasse ? Pas forc\u00e9ment. Mais il est clair que certains clients n\u2019ont plus envie d\u2019attendre, de s\u2019asseoir, ou de payer cher pour un plat parfois pas fait maison. Un restaurateur l\u2019admet d\u2019ailleurs : \u00ab Peut-\u00eatre devrions-nous nous r\u00e9inventer. \u00bb<\/p>\n<p>Alors, que faut-il comprendre de cet \u00e9t\u00e9 diff\u00e9rent ?<\/p>\n<p>Pas de panique : les Fran\u00e7ais voyagent toujours. Mais plus intelligemment, plus librement, et surtout \u00e0 leur rythme. La haute saison, celle o\u00f9 \u201ctout le monde part en m\u00eame temps\u201d, perd doucement de son int\u00e9r\u00eat.<\/p>\n<p>Et peut-\u00eatre que c\u2019est pas plus mal. Moins de bouchons, plus de calme, des tarifs plus doux\u2026 C\u2019est comme si on reprenait le pouvoir sur nos vacances. En vrai, \u00e7a te tente pas un peu ?<\/p>\n","protected":false},"excerpt":{"rendered":"Tu l\u2019as s\u00fbrement remarqu\u00e9 : quelque chose a chang\u00e9 cet \u00e9t\u00e9. Les plages sont moins bond\u00e9es, les restos&hellip;\n","protected":false},"author":2,"featured_media":366408,"comment_status":"","ping_status":"","sticky":false,"template":"","format":"standard","meta":{"footnotes":""},"categories":[6],"tags":[35,33,34,1011,27],"class_list":{"0":"post-366407","1":"post","2":"type-post","3":"status-publish","4":"format-standard","5":"has-post-thumbnail","7":"category-economie","8":"tag-business","9":"tag-economie","10":"tag-economy","11":"tag-fr","12":"tag-france"},"share_on_mastodon":{"url":"https:\/\/pubeurope.com\/@fr\/115147667240040551","error":""},"_links":{"self":[{"href":"https:\/\/www.europesays.com\/fr\/wp-json\/wp\/v2\/posts\/366407","targetHints":{"allow":["GET"]}}],"collection":[{"href":"https:\/\/www.europesays.com\/fr\/wp-json\/wp\/v2\/posts"}],"about":[{"href":"https:\/\/www.europesays.com\/fr\/wp-json\/wp\/v2\/types\/post"}],"author":[{"embeddable":true,"href":"https:\/\/www.europesays.com\/fr\/wp-json\/wp\/v2\/users\/2"}],"replies":[{"embeddable":true,"href":"https:\/\/www.europesays.com\/fr\/wp-json\/wp\/v2\/comments?post=366407"}],"version-history":[{"count":0,"href":"https:\/\/www.europesays.com\/fr\/wp-json\/wp\/v2\/posts\/366407\/revisions"}],"wp:featuredmedia":[{"embeddable":true,"href":"https:\/\/www.europesays.com\/fr\/wp-json\/wp\/v2\/media\/366408"}],"wp:attachment":[{"href":"https:\/\/www.europesays.com\/fr\/wp-json\/wp\/v2\/media?parent=366407"}],"wp:term":[{"taxonomy":"category","embeddable":true,"href":"https:\/\/www.europesays.com\/fr\/wp-json\/wp\/v2\/categories?post=366407"},{"taxonomy":"post_tag","embeddable":true,"href":"https:\/\/www.europesays.com\/fr\/wp-json\/wp\/v2\/tags?post=366407"}],"curies":[{"name":"wp","href":"https:\/\/api.w.org\/{rel}","templated":true}]}}